{"id":10367,"date":"2024-05-04T21:38:39","date_gmt":"2024-05-04T20:38:39","guid":{"rendered":"https:\/\/micologica-barakaldo.org\/?p=10367"},"modified":"2024-05-04T21:39:20","modified_gmt":"2024-05-04T20:39:20","slug":"cortinarius-melanotus","status":"publish","type":"post","link":"https:\/\/micologica-barakaldo.org\/eu\/cortinarius-melanotus\/","title":{"rendered":"Cortinarius melanotus"},"content":{"rendered":"<div class=\"fusion-fullwidth fullwidth-box fusion-builder-row-1 nonhundred-percent-fullwidth non-hundred-percent-height-scrolling\" style=\"--awb-border-radius-top-left:0px;--awb-border-radius-top-right:0px;--awb-border-radius-bottom-right:0px;--awb-border-radius-bottom-left:0px;--awb-padding-bottom:50px;--awb-flex-wrap:wrap;\" ><div class=\"fusion-builder-row fusion-row\"><div class=\"fusion-layout-column fusion_builder_column fusion-builder-column-0 fusion_builder_column_1_2 1_2 fusion-one-half fusion-column-first\" style=\"--awb-bg-size:cover;width:48%; margin-right: 4%;\"><div class=\"fusion-column-wrapper fusion-flex-column-wrapper-legacy\"><div class=\"fusion-text fusion-text-1\"><p>&nbsp;<\/p>\n<p style=\"text-align: justify;\"><strong><em>Cortinarius melanotus<\/em><\/strong> <strong>Kalchbr.<\/strong>, Icones selectae Hymenomycetum Hungariae 3: 38, t. 27:2. 1875<\/p>\n<p style=\"text-align: justify;\">Mycobank:<span style=\"color: #0000ff;\"> <a style=\"color: #0000ff;\" href=\"https:\/\/www.mycobank.org\/MB\/219634\">219634<\/a><\/span><\/p>\n<p style=\"text-align: justify;\"><em>Caracteres macrosc\u00f3picos<\/em>. P\u00edleo de 30-70 mm de di\u00e1metro, primero hemisf\u00e9rico, despu\u00e9s convexo, despu\u00e9s extendido, con umb\u00f3n m\u00e1s o menos marcado; margen delgado, agudo, entero; superficie pileica poco separable, mate, afieltrada, de color marr\u00f3n oliv\u00e1ceo, pardo oliv\u00e1ceo al disco, m\u00e1s claro en verde oliv\u00e1ceo hacia la periferia, cubierta de finas escamitas fibrillosas m\u00e1s oscuras. L\u00e1minas poco apretadas, con numerosas lam\u00e9lulas, anchas de hasta 8mm, adnatas; de color primero amarillo oliv\u00e1ceo, despu\u00e9s marr\u00f3n oliv\u00e1ceo a canela oliv\u00e1ceo. Est\u00edpite de hasta 50 \u00d7 14 mm, cil\u00edndrico o subbulboso o ventrudo, lleno, superficie adornada de un velo escamoso pardo marr\u00f3n, algo ret\u00edculado sobre todo en la parte baja sobre, fondo gris amarillento o amarillo oliv\u00e1ceo p\u00e1lido, con zona anular evidente. Contexto espeso, firme, primero amarillento p\u00e1lido, despu\u00e9s pardo-mar\u00f3n en el est\u00edpite, gris oscuro en el p\u00edleo; olor ligeramente rabanoide o a perejil, sabor dulce un poco rabanoide. Reacciones qu\u00edmicas: KOH (20%) en contexto pardo-rojizo.<\/p>\n<p style=\"text-align: justify;\"><em>Caracteres microsc\u00f3picos<\/em>. Basidi\u00f3sporas de (6,40) 6,95 \u00b1 0,32 (7,80) \u00d7 (4,6) 5,3 \u00b1 0,24 (5,8); Q = (1,2) 1,3 \u00b1 0,10 (1,5), elipsoidales o larmiformes, apiculadas, adornadas con verrugas finas y poco densas, subespinosas, amarillo-leonado claro con KOH al 2%. Esporada marr\u00f3n-ferruginoso. Pileipellis formada por hifas paralelas m\u00e1s o menos tumbadas, anchas de 5-15 \u00b5m, pigmentadas de marr\u00f3n o marr\u00f3n rojizo, se observan algunas finamente incrustadas, juntas con f\u00edbulas.<\/p>\n<p style=\"text-align: justify;\"><em>Ecolog\u00eda. <\/em>En verano y oto\u00f1o, en bosques de frondosas y de con\u00edferas, en suelo \u00e1cidos y calc\u00e1reos<em>. Distribuci\u00f3n. <\/em>Poco com\u00fan<em>. <\/em><em>Fotograf\u00eda<\/em>. Jos\u00e9 A. Mu\u00f1oz S\u00e1nchez.<\/p>\n<p style=\"text-align: justify;\">Citar como: MU\u00d1OZ, J. A. (2024). <em>Cortinarius melanotus<\/em> Kalchbr., micol\u00f3gica-barakaldo.org [en l\u00ednea]. Fichas Micol\u00f3gicas, 832 (Actualizada el 04-V-2024). ISSN 2660-633X. [consultado el xx\/xx\/xxx] https:\/\/micologica-barakaldo.org\/Cortinarius-melanotus\/<\/p>\n<\/div><div class=\"fusion-clearfix\"><\/div><\/div><\/div><div class=\"fusion-layout-column fusion_builder_column fusion-builder-column-1 fusion_builder_column_1_2 1_2 fusion-one-half fusion-column-last\" style=\"--awb-bg-size:cover;width:48%;\"><div class=\"fusion-column-wrapper fusion-flex-column-wrapper-legacy\"><div class=\"fusion-image-element in-legacy-container\" style=\"--awb-caption-title-font-family:var(--h2_typography-font-family);--awb-caption-title-font-weight:var(--h2_typography-font-weight);--awb-caption-title-font-style:var(--h2_typography-font-style);--awb-caption-title-size:var(--h2_typography-font-size);--awb-caption-title-transform:var(--h2_typography-text-transform);--awb-caption-title-line-height:var(--h2_typography-line-height);--awb-caption-title-letter-spacing:var(--h2_typography-letter-spacing);\"><span class=\" fusion-imageframe imageframe-none imageframe-1 hover-type-none\"><img loading=\"lazy\" decoding=\"async\" width=\"1204\" height=\"848\" title=\"Cortinarius melanotus_20231201_7895\" src=\"https:\/\/micologica-barakaldo.org\/wp-content\/uploads\/2024\/05\/Cortinarius-melanotus_20231201_7895.jpg\" alt class=\"img-responsive wp-image-10366\" srcset=\"https:\/\/micologica-barakaldo.org\/wp-content\/uploads\/2024\/05\/Cortinarius-melanotus_20231201_7895-200x141.jpg 200w, https:\/\/micologica-barakaldo.org\/wp-content\/uploads\/2024\/05\/Cortinarius-melanotus_20231201_7895-400x282.jpg 400w, https:\/\/micologica-barakaldo.org\/wp-content\/uploads\/2024\/05\/Cortinarius-melanotus_20231201_7895-600x423.jpg 600w, https:\/\/micologica-barakaldo.org\/wp-content\/uploads\/2024\/05\/Cortinarius-melanotus_20231201_7895-800x563.jpg 800w, https:\/\/micologica-barakaldo.org\/wp-content\/uploads\/2024\/05\/Cortinarius-melanotus_20231201_7895-1200x845.jpg 1200w, https:\/\/micologica-barakaldo.org\/wp-content\/uploads\/2024\/05\/Cortinarius-melanotus_20231201_7895.jpg 1204w\" sizes=\"auto, (max-width: 1024px) 100vw, 800px\" \/><\/span><\/div><div class=\"fusion-clearfix\"><\/div><\/div><\/div><div class=\"fusion-layout-column fusion_builder_column fusion-builder-column-2 fusion_builder_column_1_1 1_1 fusion-one-full fusion-column-first fusion-column-last\" style=\"--awb-padding-top:40px;--awb-bg-size:cover;\"><div class=\"fusion-column-wrapper fusion-flex-column-wrapper-legacy\"><div class=\"fusion-aligncenter\"><a class=\"fusion-button button-flat button-xlarge button-default fusion-button-default button-1 fusion-button-default-span fusion-button-default-type\" target=\"_self\" href=\"https:\/\/micologica-barakaldo.org\/wp-content\/uploads\/2024\/05\/Cortinarius-melanotus-2.pdf\"><i class=\"fa-file-pdf far awb-button__icon awb-button__icon--default button-icon-left\" aria-hidden=\"true\"><\/i><span class=\"fusion-button-text awb-button__text awb-button__text--default\">VER FICHA COMPLETA<\/span><\/a><\/div><div class=\"fusion-clearfix\"><\/div><\/div><\/div><\/div><\/div>\n","protected":false},"excerpt":{"rendered":"","protected":false},"author":2,"featured_media":10365,"comment_status":"open","ping_status":"closed","sticky":false,"template":"","format":"standard","meta":{"footnotes":"","jetpack_publicize_message":"","jetpack_publicize_feature_enabled":true,"jetpack_social_post_already_shared":true,"jetpack_social_options":{"image_generator_settings":{"template":"highway","default_image_id":0,"font":"","enabled":false},"version":2}},"categories":[30,6],"tags":[],"class_list":["post-10367","post","type-post","status-publish","format-standard","has-post-thumbnail","hentry","category-fichas-micologicas-setas-c","category-fichas-micologicas"],"jetpack_publicize_connections":[],"jetpack_featured_media_url":"https:\/\/micologica-barakaldo.org\/wp-content\/uploads\/2024\/05\/Cortinarius-melanotus_20231201_7895.jpg","jetpack_shortlink":"https:\/\/wp.me\/p9dTSQ-2Hd","_links":{"self":[{"href":"https:\/\/micologica-barakaldo.org\/eu\/wp-json\/wp\/v2\/posts\/10367","targetHints":{"allow":["GET"]}}],"collection":[{"href":"https:\/\/micologica-barakaldo.org\/eu\/wp-json\/wp\/v2\/posts"}],"about":[{"href":"https:\/\/micologica-barakaldo.org\/eu\/wp-json\/wp\/v2\/types\/post"}],"author":[{"embeddable":true,"href":"https:\/\/micologica-barakaldo.org\/eu\/wp-json\/wp\/v2\/users\/2"}],"replies":[{"embeddable":true,"href":"https:\/\/micologica-barakaldo.org\/eu\/wp-json\/wp\/v2\/comments?post=10367"}],"version-history":[{"count":2,"href":"https:\/\/micologica-barakaldo.org\/eu\/wp-json\/wp\/v2\/posts\/10367\/revisions"}],"predecessor-version":[{"id":10369,"href":"https:\/\/micologica-barakaldo.org\/eu\/wp-json\/wp\/v2\/posts\/10367\/revisions\/10369"}],"wp:featuredmedia":[{"embeddable":true,"href":"https:\/\/micologica-barakaldo.org\/eu\/wp-json\/wp\/v2\/media\/10365"}],"wp:attachment":[{"href":"https:\/\/micologica-barakaldo.org\/eu\/wp-json\/wp\/v2\/media?parent=10367"}],"wp:term":[{"taxonomy":"category","embeddable":true,"href":"https:\/\/micologica-barakaldo.org\/eu\/wp-json\/wp\/v2\/categories?post=10367"},{"taxonomy":"post_tag","embeddable":true,"href":"https:\/\/micologica-barakaldo.org\/eu\/wp-json\/wp\/v2\/tags?post=10367"}],"curies":[{"name":"wp","href":"https:\/\/api.w.org\/{rel}","templated":true}]}}