{"id":10438,"date":"2024-05-30T22:06:24","date_gmt":"2024-05-30T21:06:24","guid":{"rendered":"https:\/\/micologica-barakaldo.org\/?p=10438"},"modified":"2024-05-30T22:06:24","modified_gmt":"2024-05-30T21:06:24","slug":"inonotus-cuticularis","status":"publish","type":"post","link":"https:\/\/micologica-barakaldo.org\/eu\/inonotus-cuticularis\/","title":{"rendered":"Inonotus cuticularis"},"content":{"rendered":"<div class=\"fusion-fullwidth fullwidth-box fusion-builder-row-1 nonhundred-percent-fullwidth non-hundred-percent-height-scrolling\" style=\"--awb-border-radius-top-left:0px;--awb-border-radius-top-right:0px;--awb-border-radius-bottom-right:0px;--awb-border-radius-bottom-left:0px;--awb-padding-bottom:50px;--awb-flex-wrap:wrap;\" ><div class=\"fusion-builder-row fusion-row\"><div class=\"fusion-layout-column fusion_builder_column fusion-builder-column-0 fusion_builder_column_1_2 1_2 fusion-one-half fusion-column-first\" style=\"--awb-bg-size:cover;width:48%; margin-right: 4%;\"><div class=\"fusion-column-wrapper fusion-flex-column-wrapper-legacy\"><div class=\"fusion-text fusion-text-1\"><p>&nbsp;<\/p>\n<p style=\"text-align: justify;\"><strong><em>Inonotus cuticularis<\/em><\/strong><strong> (Bull.) P. Karst<\/strong>., Meddeland. Soc. Fauna Fl. Fenn. 5: 39. 1879<\/p>\n<p style=\"text-align: justify;\">Micobank: <span style=\"color: #0000ff;\"><a style=\"color: #0000ff;\" href=\"https:\/\/www.mycobank.org\/MB\/100837\">100837<\/a><\/span><\/p>\n<p style=\"text-align: justify;\">Caracteres macrosc\u00f3picos. <em>Basidiomas<\/em> anuales, pileados, s\u00e9siles, a menudo en grupos imbricados. <em>P\u00edleo <\/em>de hasta 200 mm de anchura y 60 mm de espesor, fijado lateralmente al sustrato por una amplia zona; superficie tomentosa, velluda, surcada conc\u00e9ntricamente, de color primero amarillento, pardo-amarillento, despu\u00e9s pardo-marr\u00f3n o pardo-canela; margen redondeado, glabro, m\u00e1s claro que el resto. <em>Himen\u00f3foro<\/em>, formado por tubos, monoestratificados, irregulares, 10 mm de espesor, de color pardo ferruginoso; poros normalmente redondeados, hasta 3-5 por mm, de color pardo-amarillento, pardo-gris\u00e1ceo o pardo-ocr\u00e1ceo. <em>Contexto<\/em> cori\u00e1ceo, compacto, fibroso o cori\u00e1ceo, tenaz, un poco zonado, de color pardo-ocre; sin olor ni sabor particulares.<\/p>\n<p style=\"text-align: justify;\">Caracteres microsc\u00f3picos. <em>Basidiosporas<\/em> de (4,9) 6,5 \u00b1 0,82 (8,0) \u00d7 (4,3) 5,0 \u00b1 0,47 (5,6); Q = 1,4 \u00b1 0,1; ovoides a elipsoidales, lisas, con paredes espesas, apiculadas, pardas en la maduraci\u00f3n. <em>Basidios<\/em> de hasta 22 \u00d7 9 \u00b5m, claviformes, tetrasp\u00f3ricos, juntas sin f\u00edbulas. Setas del himen\u00f3foro de hasta 40 \u00d7 10 \u00b5m, poco abundantes, subuladas, ventricosas o triangulares, sin f\u00edbulas, pardo-marr\u00f3n, con paredes espesas. Sistema de hifas monom\u00edtico; hifas generativas del contexto de hasta \u00d78 \u00b5m, subparalelas, septadas, con pared moderada, juntas sin f\u00edbulas, ocre-amarillentas. Setas de la pileipellis abundantes, de hasta 200 \u00d7 85 \u00b5m, ramificadas, de 2 a 6 puntas, pardo-marr\u00f3n, con pared gruesa, juntas sin f\u00edbulas.<\/p>\n<p style=\"text-align: justify;\">Ecolog\u00eda. Se desarrolla sobre troncos de frondosas (<em>Quercus sp., Fagus sylvatica, Fraxinus sp<\/em>.), en la parte muerta de troncos vivos, produciendo podredumbre blanca intensa. Distribuci\u00f3n Raro y localizado, R. Fotograf\u00eda. Jos\u00e9 A. Mu\u00f1oz S\u00e1nchez.<\/p>\n<p style=\"text-align: justify;\">Citar como: MU\u00d1OZ, J. A. (2024). <em>Inonotus cuticularis<\/em> (Bull.) P. Karst., micol\u00f3gica-barakaldo.org [en l\u00ednea]. Fichas Micol\u00f3gicas, 839 (Actualizada el 30-V-2024). ISSN 2660-633X. [consultado el xx\/xx\/xxx] https:\/\/micologica-barakaldo.org\/Inonotus-cuticuaris\/<\/p>\n<p style=\"text-align: justify;\">\u00a0<\/p>\n<\/div><div class=\"fusion-clearfix\"><\/div><\/div><\/div><div class=\"fusion-layout-column fusion_builder_column fusion-builder-column-1 fusion_builder_column_1_2 1_2 fusion-one-half fusion-column-last\" style=\"--awb-bg-size:cover;width:48%;\"><div class=\"fusion-column-wrapper fusion-flex-column-wrapper-legacy\"><div class=\"fusion-image-element in-legacy-container\" style=\"--awb-caption-title-font-family:var(--h2_typography-font-family);--awb-caption-title-font-weight:var(--h2_typography-font-weight);--awb-caption-title-font-style:var(--h2_typography-font-style);--awb-caption-title-size:var(--h2_typography-font-size);--awb-caption-title-transform:var(--h2_typography-text-transform);--awb-caption-title-line-height:var(--h2_typography-line-height);--awb-caption-title-letter-spacing:var(--h2_typography-letter-spacing);\"><span class=\" fusion-imageframe imageframe-none imageframe-1 hover-type-none\"><img loading=\"lazy\" decoding=\"async\" width=\"1204\" height=\"828\" title=\"Inonotus cuticularis_20140926_16239\" src=\"https:\/\/micologica-barakaldo.org\/wp-content\/uploads\/2024\/05\/Inonotus-cuticularis_20140926_16239.jpg\" alt class=\"img-responsive wp-image-10437\" srcset=\"https:\/\/micologica-barakaldo.org\/wp-content\/uploads\/2024\/05\/Inonotus-cuticularis_20140926_16239-200x138.jpg 200w, https:\/\/micologica-barakaldo.org\/wp-content\/uploads\/2024\/05\/Inonotus-cuticularis_20140926_16239-400x275.jpg 400w, https:\/\/micologica-barakaldo.org\/wp-content\/uploads\/2024\/05\/Inonotus-cuticularis_20140926_16239-600x413.jpg 600w, https:\/\/micologica-barakaldo.org\/wp-content\/uploads\/2024\/05\/Inonotus-cuticularis_20140926_16239-800x550.jpg 800w, https:\/\/micologica-barakaldo.org\/wp-content\/uploads\/2024\/05\/Inonotus-cuticularis_20140926_16239-1200x825.jpg 1200w, https:\/\/micologica-barakaldo.org\/wp-content\/uploads\/2024\/05\/Inonotus-cuticularis_20140926_16239.jpg 1204w\" sizes=\"auto, (max-width: 1024px) 100vw, 800px\" \/><\/span><\/div><div class=\"fusion-clearfix\"><\/div><\/div><\/div><div class=\"fusion-layout-column fusion_builder_column fusion-builder-column-2 fusion_builder_column_1_1 1_1 fusion-one-full fusion-column-first fusion-column-last\" style=\"--awb-padding-top:40px;--awb-bg-size:cover;\"><div class=\"fusion-column-wrapper fusion-flex-column-wrapper-legacy\"><div class=\"fusion-aligncenter\"><a class=\"fusion-button button-flat button-xlarge button-default fusion-button-default button-1 fusion-button-default-span fusion-button-default-type\" target=\"_self\" href=\"https:\/\/micologica-barakaldo.org\/wp-content\/uploads\/2024\/05\/Inonotus-cuticularis.pdf\"><i class=\"fa-file-pdf far awb-button__icon awb-button__icon--default button-icon-left\" aria-hidden=\"true\"><\/i><span class=\"fusion-button-text awb-button__text awb-button__text--default\">VER FICHA COMPLETA<\/span><\/a><\/div><div class=\"fusion-clearfix\"><\/div><\/div><\/div><\/div><\/div>\n","protected":false},"excerpt":{"rendered":"","protected":false},"author":2,"featured_media":10436,"comment_status":"open","ping_status":"closed","sticky":false,"template":"","format":"standard","meta":{"footnotes":"","jetpack_publicize_message":"","jetpack_publicize_feature_enabled":true,"jetpack_social_post_already_shared":true,"jetpack_social_options":{"image_generator_settings":{"template":"highway","default_image_id":0,"font":"","enabled":false},"version":2}},"categories":[6,36],"tags":[],"class_list":["post-10438","post","type-post","status-publish","format-standard","has-post-thumbnail","hentry","category-fichas-micologicas","category-fichas-micologicas-setas-i"],"jetpack_publicize_connections":[],"jetpack_featured_media_url":"https:\/\/micologica-barakaldo.org\/wp-content\/uploads\/2024\/05\/Inonotus-cuticularis_20140926_16239.jpg","jetpack_shortlink":"https:\/\/wp.me\/p9dTSQ-2Im","_links":{"self":[{"href":"https:\/\/micologica-barakaldo.org\/eu\/wp-json\/wp\/v2\/posts\/10438","targetHints":{"allow":["GET"]}}],"collection":[{"href":"https:\/\/micologica-barakaldo.org\/eu\/wp-json\/wp\/v2\/posts"}],"about":[{"href":"https:\/\/micologica-barakaldo.org\/eu\/wp-json\/wp\/v2\/types\/post"}],"author":[{"embeddable":true,"href":"https:\/\/micologica-barakaldo.org\/eu\/wp-json\/wp\/v2\/users\/2"}],"replies":[{"embeddable":true,"href":"https:\/\/micologica-barakaldo.org\/eu\/wp-json\/wp\/v2\/comments?post=10438"}],"version-history":[{"count":1,"href":"https:\/\/micologica-barakaldo.org\/eu\/wp-json\/wp\/v2\/posts\/10438\/revisions"}],"predecessor-version":[{"id":10439,"href":"https:\/\/micologica-barakaldo.org\/eu\/wp-json\/wp\/v2\/posts\/10438\/revisions\/10439"}],"wp:featuredmedia":[{"embeddable":true,"href":"https:\/\/micologica-barakaldo.org\/eu\/wp-json\/wp\/v2\/media\/10436"}],"wp:attachment":[{"href":"https:\/\/micologica-barakaldo.org\/eu\/wp-json\/wp\/v2\/media?parent=10438"}],"wp:term":[{"taxonomy":"category","embeddable":true,"href":"https:\/\/micologica-barakaldo.org\/eu\/wp-json\/wp\/v2\/categories?post=10438"},{"taxonomy":"post_tag","embeddable":true,"href":"https:\/\/micologica-barakaldo.org\/eu\/wp-json\/wp\/v2\/tags?post=10438"}],"curies":[{"name":"wp","href":"https:\/\/api.w.org\/{rel}","templated":true}]}}