{"id":10552,"date":"2024-07-25T22:10:43","date_gmt":"2024-07-25T21:10:43","guid":{"rendered":"https:\/\/micologica-barakaldo.org\/?p=10552"},"modified":"2024-07-25T22:10:43","modified_gmt":"2024-07-25T21:10:43","slug":"porphyrellus-porphyrosporus","status":"publish","type":"post","link":"https:\/\/micologica-barakaldo.org\/eu\/porphyrellus-porphyrosporus\/","title":{"rendered":"Porphyrellus porphyrosporus"},"content":{"rendered":"<div class=\"fusion-fullwidth fullwidth-box fusion-builder-row-1 nonhundred-percent-fullwidth non-hundred-percent-height-scrolling\" style=\"--awb-border-radius-top-left:0px;--awb-border-radius-top-right:0px;--awb-border-radius-bottom-right:0px;--awb-border-radius-bottom-left:0px;--awb-padding-bottom:50px;--awb-flex-wrap:wrap;\" ><div class=\"fusion-builder-row fusion-row\"><div class=\"fusion-layout-column fusion_builder_column fusion-builder-column-0 fusion_builder_column_1_2 1_2 fusion-one-half fusion-column-first\" style=\"--awb-bg-size:cover;width:48%; margin-right: 4%;\"><div class=\"fusion-column-wrapper fusion-flex-column-wrapper-legacy\"><div class=\"fusion-text fusion-text-1\"><p>&nbsp;<\/p>\n<p style=\"text-align: justify;\"><strong><em>Porphyrellus porphyrosporus<\/em><\/strong> <strong>(Fr. &amp; H\u00f6k) E.-J. Gilbert<\/strong>, Les Livres du Mycologue Tome I-IV, Tom. III: Les Bolets: 99. 1931<\/p>\n<p style=\"text-align: justify;\">Mycobank:<span style=\"color: #0000ff;\"><a style=\"color: #0000ff;\" href=\"https:\/\/www.mycobank.org\/MB\/254070\"> 254070<\/a><\/span><\/p>\n<p style=\"text-align: justify;\"><em>Caracteres macrosc\u00f3picos<\/em>. <em>P\u00edleo<\/em> de 50-150 mm, primero hemisf\u00e9rico, despu\u00e9s convexo, plano convexo e incluso aplanado; margen espeso, incurvado, despu\u00e9s redondo, un poco excedente; superficie pileica mate, seca, finamente vellosa o un poco afieltrada, tomentosa, lubrificada en tiempo h\u00famedo, no separable, de color pardo oscuro, pardo oliv\u00e1ceo oscuro, pardo negruzco, m\u00e1s aclarada en tiempo seco en tonos pardo gris\u00e1ceo claro. <em>Himen\u00f3foro<\/em> con tubos de 8-18 (20) mm de longitud, de libres a adnato-sinuosos, gris p\u00e1lido, despu\u00e9s gris marr\u00f3n, purpur\u00e1ceo oscuro en los basidiocarpos maduros; poros primero muy peque\u00f1os, prietos, redondos, con la edad son algo angulosos y un poco m\u00e1s grandes (hasta 1 mm), blanquecinos, despu\u00e9s gris\u00e1ceo oliv\u00e1ceos, m\u00e1s tarde pardo marr\u00f3n p\u00farpura, se manchan de azul oscuro a la presi\u00f3n y minutos m\u00e1s tarde toman una tonalidad pardo negruzca. <em>Est\u00edpite<\/em> de 50-120 \u00d7 20-35 mm, lleno, duro, fibroso, claviforme, velloso punteado o pruinoso, marcado de l\u00edneas longitudinales, pardo oliv\u00e1ceo, pardo gris\u00e1ceo, en general del color del p\u00edleo o m\u00e1s claro. <em>Contexto<\/em> firme, espeso, blanquecino, crema al corte, con zonas azuladas, en unos segundos vira hacia tonos rosados a gris p\u00farpura claro; olor un poco acidulado; sabor no muy agradable, incluso con un gusto un poco acre.<\/p>\n<p style=\"text-align: justify;\">Caracteres microsc\u00f3picos. <em>Basidiosporas<\/em> de (13,4) 15,4 \u00b1 1,20 (18,1) \u00d7 (5,3) 6,2 \u00b1 0,80 (7,5) \u03bcm; Q = (2,1) 2,4 \u00b1 0,15 (2,8), el\u00edpticas, con breve depresi\u00f3n suprapical, se observan algunas con cierto adelgazamiento (algo c\u00f3nicas) en la parte superior, lisas, gutuladas, con paredes espesas, de color marr\u00f3n. Esporada de color pardo rojizo oscuro. <em>Cistidios<\/em> de 40 &#8211; 60 \u00d7 10 &#8211; 20 \u03bcm, fusiformes, lageniformes en tetina, hialinos a amarillentos.\u00a0 <em>Pileipellis<\/em> formada por una tricodermis de hifas m\u00e1s o menos subparalelas o brevemente entremezcladas, largas, cil\u00edndricas, septadas, juntas sin f\u00edbulas; elementos terminales cil\u00edndricos o incluso fusiformes, m\u00e1s bien cortos, con el \u00e1pice redondeado o adelgazado, de calibre 16,5 &#8211; 55 \u00d7 4 &#8211; 8 \u03bcm, Q = 4,5 &#8211; 9; lisos, con pigmento intracelular amarillo ocre en agua.<\/p>\n<p style=\"text-align: justify;\"><em>Ecolog\u00eda<\/em>. En verano y principio de oto\u00f1o, bajo con\u00edferas (<em>Pinus sp., Picea sp., Abies sp.<\/em>), en bosques mixtos, en incluso bajo frondosas (<em>Fagus sylvatica<\/em> y <em>Quercus sp.<\/em>), en suelos preferentemente \u00e1cidos. Distribuci\u00f3n. Muy raro y localizado. RR. Fotograf\u00eda. Jos\u00e9 A. Mu\u00f1oz S\u00e1nchez.<\/p>\n<p style=\"text-align: justify;\">Citar como: MU\u00d1OZ, J. A. (2024). <em>Porphyrellus porphyrosporus<\/em> (Fr. &amp; H\u00f6k) E.-J. Gilbert, micol\u00f3gica-barakaldo.org [en l\u00ednea]. Fichas Micol\u00f3gicas, 850 (Actualizada el 25-VII-2024). ISSN 2660-633X. [consultado el xx\/xx\/xxx] <u><a href=\"https:\/\/micologica-barakaldo.org\/Porphyrellus-porphyrosporus\/\">https:\/\/micologica-barakaldo.org\/Porphyrellus-porphyrosporus\/<\/a><\/u><\/p>\n<\/div><div class=\"fusion-clearfix\"><\/div><\/div><\/div><div class=\"fusion-layout-column fusion_builder_column fusion-builder-column-1 fusion_builder_column_1_2 1_2 fusion-one-half fusion-column-last\" style=\"--awb-bg-size:cover;width:48%;\"><div class=\"fusion-column-wrapper fusion-flex-column-wrapper-legacy\"><div class=\"fusion-image-element in-legacy-container\" style=\"--awb-caption-title-font-family:var(--h2_typography-font-family);--awb-caption-title-font-weight:var(--h2_typography-font-weight);--awb-caption-title-font-style:var(--h2_typography-font-style);--awb-caption-title-size:var(--h2_typography-font-size);--awb-caption-title-transform:var(--h2_typography-text-transform);--awb-caption-title-line-height:var(--h2_typography-line-height);--awb-caption-title-letter-spacing:var(--h2_typography-letter-spacing);\"><span class=\" fusion-imageframe imageframe-none imageframe-1 hover-type-none\"><img loading=\"lazy\" decoding=\"async\" width=\"1204\" height=\"888\" title=\"Porphyrellus porphyrosporus_20090719_0243\" src=\"https:\/\/micologica-barakaldo.org\/wp-content\/uploads\/2024\/07\/Porphyrellus-porphyrosporus_20090719_0243.jpg\" alt class=\"img-responsive wp-image-10551\" srcset=\"https:\/\/micologica-barakaldo.org\/wp-content\/uploads\/2024\/07\/Porphyrellus-porphyrosporus_20090719_0243-200x148.jpg 200w, https:\/\/micologica-barakaldo.org\/wp-content\/uploads\/2024\/07\/Porphyrellus-porphyrosporus_20090719_0243-400x295.jpg 400w, https:\/\/micologica-barakaldo.org\/wp-content\/uploads\/2024\/07\/Porphyrellus-porphyrosporus_20090719_0243-600x443.jpg 600w, https:\/\/micologica-barakaldo.org\/wp-content\/uploads\/2024\/07\/Porphyrellus-porphyrosporus_20090719_0243-800x590.jpg 800w, https:\/\/micologica-barakaldo.org\/wp-content\/uploads\/2024\/07\/Porphyrellus-porphyrosporus_20090719_0243-1200x885.jpg 1200w, https:\/\/micologica-barakaldo.org\/wp-content\/uploads\/2024\/07\/Porphyrellus-porphyrosporus_20090719_0243.jpg 1204w\" sizes=\"auto, (max-width: 1024px) 100vw, 800px\" \/><\/span><\/div><div class=\"fusion-clearfix\"><\/div><\/div><\/div><div class=\"fusion-layout-column fusion_builder_column fusion-builder-column-2 fusion_builder_column_1_1 1_1 fusion-one-full fusion-column-first fusion-column-last\" style=\"--awb-padding-top:40px;--awb-bg-size:cover;\"><div class=\"fusion-column-wrapper fusion-flex-column-wrapper-legacy\"><div class=\"fusion-aligncenter\"><a class=\"fusion-button button-flat button-xlarge button-default fusion-button-default button-1 fusion-button-default-span fusion-button-default-type\" target=\"_self\" href=\"https:\/\/micologica-barakaldo.org\/wp-content\/uploads\/2024\/07\/Porphyrellus-porphyrosporus.pdf\"><i class=\"fa-file-pdf far awb-button__icon awb-button__icon--default button-icon-left\" aria-hidden=\"true\"><\/i><span class=\"fusion-button-text awb-button__text awb-button__text--default\">VER FICHA COMPLETA<\/span><\/a><\/div><div class=\"fusion-clearfix\"><\/div><\/div><\/div><\/div><\/div>\n","protected":false},"excerpt":{"rendered":"","protected":false},"author":2,"featured_media":10550,"comment_status":"open","ping_status":"closed","sticky":false,"template":"","format":"standard","meta":{"footnotes":"","jetpack_publicize_message":"","jetpack_publicize_feature_enabled":true,"jetpack_social_post_already_shared":true,"jetpack_social_options":{"image_generator_settings":{"template":"highway","default_image_id":0,"font":"","enabled":false},"version":2}},"categories":[6,43],"tags":[],"class_list":["post-10552","post","type-post","status-publish","format-standard","has-post-thumbnail","hentry","category-fichas-micologicas","category-fichas-micologicas-setas-p"],"jetpack_publicize_connections":[],"jetpack_featured_media_url":"https:\/\/micologica-barakaldo.org\/wp-content\/uploads\/2024\/07\/Porphyrellus-porphyrosporus_20090719_0243.jpg","jetpack_shortlink":"https:\/\/wp.me\/p9dTSQ-2Kc","_links":{"self":[{"href":"https:\/\/micologica-barakaldo.org\/eu\/wp-json\/wp\/v2\/posts\/10552","targetHints":{"allow":["GET"]}}],"collection":[{"href":"https:\/\/micologica-barakaldo.org\/eu\/wp-json\/wp\/v2\/posts"}],"about":[{"href":"https:\/\/micologica-barakaldo.org\/eu\/wp-json\/wp\/v2\/types\/post"}],"author":[{"embeddable":true,"href":"https:\/\/micologica-barakaldo.org\/eu\/wp-json\/wp\/v2\/users\/2"}],"replies":[{"embeddable":true,"href":"https:\/\/micologica-barakaldo.org\/eu\/wp-json\/wp\/v2\/comments?post=10552"}],"version-history":[{"count":2,"href":"https:\/\/micologica-barakaldo.org\/eu\/wp-json\/wp\/v2\/posts\/10552\/revisions"}],"predecessor-version":[{"id":10554,"href":"https:\/\/micologica-barakaldo.org\/eu\/wp-json\/wp\/v2\/posts\/10552\/revisions\/10554"}],"wp:featuredmedia":[{"embeddable":true,"href":"https:\/\/micologica-barakaldo.org\/eu\/wp-json\/wp\/v2\/media\/10550"}],"wp:attachment":[{"href":"https:\/\/micologica-barakaldo.org\/eu\/wp-json\/wp\/v2\/media?parent=10552"}],"wp:term":[{"taxonomy":"category","embeddable":true,"href":"https:\/\/micologica-barakaldo.org\/eu\/wp-json\/wp\/v2\/categories?post=10552"},{"taxonomy":"post_tag","embeddable":true,"href":"https:\/\/micologica-barakaldo.org\/eu\/wp-json\/wp\/v2\/tags?post=10552"}],"curies":[{"name":"wp","href":"https:\/\/api.w.org\/{rel}","templated":true}]}}