{"id":10566,"date":"2024-07-29T21:04:29","date_gmt":"2024-07-29T20:04:29","guid":{"rendered":"https:\/\/micologica-barakaldo.org\/?p=10566"},"modified":"2024-07-29T21:04:29","modified_gmt":"2024-07-29T20:04:29","slug":"suillellus-queletii","status":"publish","type":"post","link":"https:\/\/micologica-barakaldo.org\/eu\/suillellus-queletii\/","title":{"rendered":"Suillellus queletii"},"content":{"rendered":"<div class=\"fusion-fullwidth fullwidth-box fusion-builder-row-1 nonhundred-percent-fullwidth non-hundred-percent-height-scrolling\" style=\"--awb-border-radius-top-left:0px;--awb-border-radius-top-right:0px;--awb-border-radius-bottom-right:0px;--awb-border-radius-bottom-left:0px;--awb-padding-bottom:50px;--awb-flex-wrap:wrap;\" ><div class=\"fusion-builder-row fusion-row\"><div class=\"fusion-layout-column fusion_builder_column fusion-builder-column-0 fusion_builder_column_1_2 1_2 fusion-one-half fusion-column-first\" style=\"--awb-bg-size:cover;width:48%; margin-right: 4%;\"><div class=\"fusion-column-wrapper fusion-flex-column-wrapper-legacy\"><div class=\"fusion-text fusion-text-1\"><p style=\"text-align: justify;\">\u00a0<\/p>\n<p style=\"text-align: justify;\"><strong><em>Suillellus queletii<\/em><\/strong><strong> (Schulzer) Vizzini, Simonini &amp; Gelardi<\/strong>, Index Fungorum 188: 1. 2014<\/p>\n<p style=\"text-align: justify;\">Mycobank: <a href=\"https:\/\/www.mycobank.org\/MB\/550748\">\u00a055<span style=\"color: #0000ff;\">0748<\/span><\/a><\/p>\n<p style=\"text-align: justify;\">Caracteres macrosc\u00f3picos. <em>P\u00edleo<\/em> de 45-120 (150) mm de di\u00e1metro, al principio hemisf\u00e9rico, despu\u00e9s convexo durante bastante tiempo, despu\u00e9s plano convexo; margen espeso, obtuso, excedente, amarillento en la juventud; superficie pileica mate, aterciopelada o un poco granulosa-rugosa; inicialmente ocre-amarillo, naranja-ladrillo, pardo-oliv\u00e1ceo, pardo-amarillo, pardo-naranja o pardo rojo, se mancha de azul a la presi\u00f3n. <em>Himen\u00f3foro <\/em>con tubos de 5-15 mm de longitud, prietos, adnatos, primero amarillos, amarillo-oliv\u00e1ceo, se manchan de azul al corte; poros muy prietos, redondos o angulosos en la madurez, rojo-naranja, naranja, amarillo-verdoso desde el margen en los basidiomas maduros, azul oscuro al roce. <em>Est\u00edpite<\/em> de 70-150 \u00d7 18-30 mm, pleno, variable, robusto o esbelto, fusiforme, amarillo o amarillo naranja en lo alto, de color rojo carm\u00edn o rojo vinoso hacia la mitad, rojo carm\u00edn viol\u00e1ceo oscuro a casi negro hacia la base, de color azul oscuro a la presi\u00f3n; liso a punteado granuloso en la parte superior, concolor. Contexto espeso, firme, amarillo al corte, amarillo vivo bajo los tubos, azulea con intensidad al contacto con el aire, rojo vinoso muy oscuro a casi negruzco hacia la mitad del est\u00edpite; sabor y olor un poco acidulados.<\/p>\n<p style=\"text-align: justify;\">Caracteres microsc\u00f3picos. <em>Basidiosporas<\/em> de (11,0) 12,0 \u00b1 0,80 (13,4) \u00d7 (5,2) 5,7 \u00b1 0,45 (6,5) \u00b5m; Q = (1,8) 2,1 \u00b1 0,15 (2,4), amigdaliformes, elipsoidales, gutuladas, de paredes gruesas, lisas, ocre amarillas vistas en agua. Esporada de color pardo oliv\u00e1ceo. <em>Cistidios<\/em> de 42-55 \u00d7 8,5-12 \u00b5m, poco abundantes, fusiformes o en forma de botella, lageniformes, mucronados. <em>Pileipellis<\/em> de tipo tricodermis de hifas m\u00e1s o menos subparalelas, largas, cil\u00edndricas, septadas, juntas sin f\u00edbulas; art\u00edculos terminales cortos, con el \u00e1pice cil\u00edndrico, c\u00f3nico, terminados en tetina o fusiformes, sinuosos e irregulares, de calibre 20-60,5 \u00d7 4-12,5 \u00b5m, Q = (3) 4,4-6,4; con elementos finamente incrustados, con pigmento intracelular marr\u00f3n.<\/p>\n<p style=\"text-align: justify;\">Ecolog\u00eda. En verano y oto\u00f1o en bosques de frondosas, sobre todo bajo <em>Quercus sp<\/em>., <em>Castanea sativa<\/em> o <em>Fagus sylvatica<\/em>, sobre todo en suelos neutros. Distribuci\u00f3n relativamente com\u00fan, C. Fotograf\u00eda. Jos\u00e9 A. Mu\u00f1oz S\u00e1nchez.<\/p>\n<p style=\"text-align: justify;\">Citar como: MU\u00d1OZ, J. A. (2024). <em>Suillellus queletii<\/em> (Schulzer) Vizzini, Simonini &amp; Gelardi, micol\u00f3gica-barakaldo.org [en l\u00ednea]. Fichas Micol\u00f3gicas, 852 (Actualizada el 29-VII-2024). ISSN 2660-633X. [consultado el xx\/xx\/xxx] https:\/\/micologica-barakaldo.org\/ Suillellus-queletii\/<\/p>\n<\/div><div class=\"fusion-clearfix\"><\/div><\/div><\/div><div class=\"fusion-layout-column fusion_builder_column fusion-builder-column-1 fusion_builder_column_1_2 1_2 fusion-one-half fusion-column-last\" style=\"--awb-bg-size:cover;width:48%;\"><div class=\"fusion-column-wrapper fusion-flex-column-wrapper-legacy\"><div class=\"fusion-image-element in-legacy-container\" style=\"--awb-caption-title-font-family:var(--h2_typography-font-family);--awb-caption-title-font-weight:var(--h2_typography-font-weight);--awb-caption-title-font-style:var(--h2_typography-font-style);--awb-caption-title-size:var(--h2_typography-font-size);--awb-caption-title-transform:var(--h2_typography-text-transform);--awb-caption-title-line-height:var(--h2_typography-line-height);--awb-caption-title-letter-spacing:var(--h2_typography-letter-spacing);\"><span class=\" fusion-imageframe imageframe-none imageframe-1 hover-type-none\"><img loading=\"lazy\" decoding=\"async\" width=\"1204\" height=\"903\" title=\"DCF 1.0\" src=\"https:\/\/micologica-barakaldo.org\/wp-content\/uploads\/2024\/07\/Suillellus-queletii_2003101804.jpg\" alt class=\"img-responsive wp-image-10563\" srcset=\"https:\/\/micologica-barakaldo.org\/wp-content\/uploads\/2024\/07\/Suillellus-queletii_2003101804-200x150.jpg 200w, https:\/\/micologica-barakaldo.org\/wp-content\/uploads\/2024\/07\/Suillellus-queletii_2003101804-400x300.jpg 400w, https:\/\/micologica-barakaldo.org\/wp-content\/uploads\/2024\/07\/Suillellus-queletii_2003101804-600x450.jpg 600w, https:\/\/micologica-barakaldo.org\/wp-content\/uploads\/2024\/07\/Suillellus-queletii_2003101804-800x600.jpg 800w, https:\/\/micologica-barakaldo.org\/wp-content\/uploads\/2024\/07\/Suillellus-queletii_2003101804-1200x900.jpg 1200w, https:\/\/micologica-barakaldo.org\/wp-content\/uploads\/2024\/07\/Suillellus-queletii_2003101804.jpg 1204w\" sizes=\"auto, (max-width: 1024px) 100vw, 800px\" \/><\/span><\/div><div class=\"fusion-clearfix\"><\/div><\/div><\/div><div class=\"fusion-layout-column fusion_builder_column fusion-builder-column-2 fusion_builder_column_1_1 1_1 fusion-one-full fusion-column-first fusion-column-last\" style=\"--awb-padding-top:40px;--awb-bg-size:cover;\"><div class=\"fusion-column-wrapper fusion-flex-column-wrapper-legacy\"><div class=\"fusion-aligncenter\"><a class=\"fusion-button button-flat button-xlarge button-default fusion-button-default button-1 fusion-button-default-span fusion-button-default-type\" target=\"_self\" href=\"https:\/\/micologica-barakaldo.org\/wp-content\/uploads\/2024\/07\/Suillellus-queletii.pdf\"><i class=\"fa-file-pdf far awb-button__icon awb-button__icon--default button-icon-left\" aria-hidden=\"true\"><\/i><span class=\"fusion-button-text awb-button__text awb-button__text--default\">VER FICHA COMPLETA<\/span><\/a><\/div><div class=\"fusion-clearfix\"><\/div><\/div><\/div><\/div><\/div>\n","protected":false},"excerpt":{"rendered":"","protected":false},"author":2,"featured_media":10562,"comment_status":"open","ping_status":"closed","sticky":false,"template":"","format":"standard","meta":{"footnotes":"","jetpack_publicize_message":"","jetpack_publicize_feature_enabled":true,"jetpack_social_post_already_shared":true,"jetpack_social_options":{"image_generator_settings":{"template":"highway","default_image_id":0,"font":"","enabled":false},"version":2}},"categories":[6,46],"tags":[],"class_list":["post-10566","post","type-post","status-publish","format-standard","has-post-thumbnail","hentry","category-fichas-micologicas","category-fichas-micologicas-setas-s"],"jetpack_publicize_connections":[],"jetpack_featured_media_url":"https:\/\/micologica-barakaldo.org\/wp-content\/uploads\/2024\/07\/Suillellus-queletii_2003101804.jpg","jetpack_shortlink":"https:\/\/wp.me\/p9dTSQ-2Kq","_links":{"self":[{"href":"https:\/\/micologica-barakaldo.org\/eu\/wp-json\/wp\/v2\/posts\/10566","targetHints":{"allow":["GET"]}}],"collection":[{"href":"https:\/\/micologica-barakaldo.org\/eu\/wp-json\/wp\/v2\/posts"}],"about":[{"href":"https:\/\/micologica-barakaldo.org\/eu\/wp-json\/wp\/v2\/types\/post"}],"author":[{"embeddable":true,"href":"https:\/\/micologica-barakaldo.org\/eu\/wp-json\/wp\/v2\/users\/2"}],"replies":[{"embeddable":true,"href":"https:\/\/micologica-barakaldo.org\/eu\/wp-json\/wp\/v2\/comments?post=10566"}],"version-history":[{"count":1,"href":"https:\/\/micologica-barakaldo.org\/eu\/wp-json\/wp\/v2\/posts\/10566\/revisions"}],"predecessor-version":[{"id":10567,"href":"https:\/\/micologica-barakaldo.org\/eu\/wp-json\/wp\/v2\/posts\/10566\/revisions\/10567"}],"wp:featuredmedia":[{"embeddable":true,"href":"https:\/\/micologica-barakaldo.org\/eu\/wp-json\/wp\/v2\/media\/10562"}],"wp:attachment":[{"href":"https:\/\/micologica-barakaldo.org\/eu\/wp-json\/wp\/v2\/media?parent=10566"}],"wp:term":[{"taxonomy":"category","embeddable":true,"href":"https:\/\/micologica-barakaldo.org\/eu\/wp-json\/wp\/v2\/categories?post=10566"},{"taxonomy":"post_tag","embeddable":true,"href":"https:\/\/micologica-barakaldo.org\/eu\/wp-json\/wp\/v2\/tags?post=10566"}],"curies":[{"name":"wp","href":"https:\/\/api.w.org\/{rel}","templated":true}]}}