{"id":10572,"date":"2024-08-01T21:52:16","date_gmt":"2024-08-01T20:52:16","guid":{"rendered":"https:\/\/micologica-barakaldo.org\/?p=10572"},"modified":"2024-08-01T21:52:16","modified_gmt":"2024-08-01T20:52:16","slug":"suillellus-luridus","status":"publish","type":"post","link":"https:\/\/micologica-barakaldo.org\/eu\/suillellus-luridus\/","title":{"rendered":"Suillellus luridus"},"content":{"rendered":"<div class=\"fusion-fullwidth fullwidth-box fusion-builder-row-1 nonhundred-percent-fullwidth non-hundred-percent-height-scrolling\" style=\"--awb-border-radius-top-left:0px;--awb-border-radius-top-right:0px;--awb-border-radius-bottom-right:0px;--awb-border-radius-bottom-left:0px;--awb-padding-bottom:50px;--awb-flex-wrap:wrap;\" ><div class=\"fusion-builder-row fusion-row\"><div class=\"fusion-layout-column fusion_builder_column fusion-builder-column-0 fusion_builder_column_1_2 1_2 fusion-one-half fusion-column-first\" style=\"--awb-bg-size:cover;width:48%; margin-right: 4%;\"><div class=\"fusion-column-wrapper fusion-flex-column-wrapper-legacy\"><div class=\"fusion-text fusion-text-1\"><p>&nbsp;<\/p>\n<p style=\"text-align: justify;\"><strong><em>Suillellus luridus<\/em><\/strong><strong> (Schaeff.) Murrill<\/strong>, Mycologia 1 (1): 17. 1909<\/p>\n<p style=\"text-align: justify;\">Mycobank: <span style=\"color: #0000ff;\"><a style=\"color: #0000ff;\" href=\"https:\/\/www.mycobank.org\/MB\/102402\">102402<\/a><\/span><\/p>\n<p style=\"text-align: justify;\">Caracteres macrosc\u00f3picos. <em>P\u00edleo<\/em> de 60-180 (200) mm de di\u00e1metro, primero hemisf\u00e9rico, despu\u00e9s convexo, por \u00faltimo, a plano convexo; margen irregular, agudo, un poco excedente; superficie pileica adherida, seca, aterciopelada, amarillo oliv\u00e1ceo en el disco, con tonos naranja o naranja ladrillo, naranja rojizo, pardo marr\u00f3n, pardo oliv\u00e1ceo, incluso pardo oscuro, completamente amarillo naranja, amarillo citrino, rojo rosa o gris amarillento, se mancha de azul oscuro a la presi\u00f3n. <em>Himen\u00f3foro<\/em> con tubos de 9-15 mm de longitud, primero adnatos, despu\u00e9s sublibres, amarillos, amarillo-oliv\u00e1ceos, de color azul oscuro en pocos segundos; poros estrechos, prietos, redondos, de color naranja o naranja amarillo sobre todo al margen, rojo o rojo naranja a partir del est\u00edpite, en algunos casos naranja oliv\u00e1ceo, se manchan de azul oscuro a la presi\u00f3n. Est\u00edpite de 80-150 \u00d7 20-60 mm, robusto, claviforme, adelgazado en lo alto y en la base normalmente un poco radicante, amarillo o amarillo naranja en la parte superior y rojo carm\u00edn oscuro hacia la base, se mancha de azul oscuro a la presi\u00f3n; cubierto de un largo ret\u00edculo que puede ocupar casi 2\/3 partes de su superficie, con malla grande y alargada, de color rojo-naranja. Contexto espeso, amarillo al corte, rojo ladrillo o rojo naranja bajo los tubos, la base del est\u00edpite es de color rojo vinoso, al contacto con aire azulea con intensidad, despu\u00e9s palidece en amarillento oliv\u00e1ceo; olor y sabor f\u00fangico agradable. Reacciones macroqu\u00edmicas: Melzer + carne = positiva. FeSO4 + superficie pileica = verde azul.<\/p>\n<p style=\"text-align: justify;\">Caracteres microsc\u00f3picos. <em>Basidiosporas<\/em> de (12,0) 13,1 \u00b1 0,85 (14,2) \u00d7 5,40 \u00b1 0,40 (6,4) \u00b5m, elipsoidales a fusiformes, lisas, gutuladas, con paredes espesas, de color marr\u00f3n amarillo en agua. Esporada de color pardo oliv\u00e1ceo. <em>Pileipellis<\/em> formada por una tricodermis con hifas m\u00e1s o menos entremezcladas a subparalelas, largas, cil\u00edndricas, septadas, juntas sin f\u00edbulas; art\u00edculos terminales largamente septados, con el \u00e1pice cilindr\u00e1ceo, redondeado, lanceolado, de calibre: 21,5 &#8211; 35,5 \u00d7 3,5 &#8211; 8 \u00b5m, Q = 3,8 &#8211; 7,5; elementos de la pileipellis finamente incrustados, con pigmento intracelular marr\u00f3n en agua. Hifas de la base del estipe con reacci\u00f3n amiloide fuertemente positiva (++).<\/p>\n<p style=\"text-align: justify;\">Ecolog\u00eda. En verano y principio de oto\u00f1o en bosques de frondosas, com\u00fan bajo <em>Quercus spp., Fagus sylvatica, Castanea sativa<\/em>, m\u00e1s raramente bajo <em>Betula sp<\/em>. y <em>Tilia sp<\/em>., tambi\u00e9n bajo con\u00edferas, sobre todo <em>Abies sp<\/em>. Distribuci\u00f3n. Muy com\u00fan, CC. Fotograf\u00eda. Jos\u00e9 A. Mu\u00f1oz S\u00e1nchez.<\/p>\n<p style=\"text-align: justify;\">Citar como: MU\u00d1OZ, J. A. (2024). <em>Suillellus luridus<\/em> (Schaeff.) Murrill, micol\u00f3gica-barakaldo.org [en l\u00ednea]. Fichas Micol\u00f3gicas, 853 (Actualizada el 01-VIII-2024). ISSN 2660-633X. [consultado el xx\/xx\/xxx] https:\/\/micologica-barakaldo.org\/ Suillellus-luridus\/<\/p>\n<p style=\"text-align: justify;\">\u00a0<\/p>\n<\/div><div class=\"fusion-clearfix\"><\/div><\/div><\/div><div class=\"fusion-layout-column fusion_builder_column fusion-builder-column-1 fusion_builder_column_1_2 1_2 fusion-one-half fusion-column-last\" style=\"--awb-bg-size:cover;width:48%;\"><div class=\"fusion-column-wrapper fusion-flex-column-wrapper-legacy\"><div class=\"fusion-image-element in-legacy-container\" style=\"--awb-caption-title-font-family:var(--h2_typography-font-family);--awb-caption-title-font-weight:var(--h2_typography-font-weight);--awb-caption-title-font-style:var(--h2_typography-font-style);--awb-caption-title-size:var(--h2_typography-font-size);--awb-caption-title-transform:var(--h2_typography-text-transform);--awb-caption-title-line-height:var(--h2_typography-line-height);--awb-caption-title-letter-spacing:var(--h2_typography-letter-spacing);\"><span class=\" fusion-imageframe imageframe-none imageframe-1 hover-type-none\"><img loading=\"lazy\" decoding=\"async\" width=\"1204\" height=\"903\" title=\"Suillellus luridus_JAM0360\" src=\"https:\/\/micologica-barakaldo.org\/wp-content\/uploads\/2024\/08\/Suillellus-luridus_JAM0360.jpg\" alt class=\"img-responsive wp-image-10571\" srcset=\"https:\/\/micologica-barakaldo.org\/wp-content\/uploads\/2024\/08\/Suillellus-luridus_JAM0360-200x150.jpg 200w, https:\/\/micologica-barakaldo.org\/wp-content\/uploads\/2024\/08\/Suillellus-luridus_JAM0360-400x300.jpg 400w, https:\/\/micologica-barakaldo.org\/wp-content\/uploads\/2024\/08\/Suillellus-luridus_JAM0360-600x450.jpg 600w, https:\/\/micologica-barakaldo.org\/wp-content\/uploads\/2024\/08\/Suillellus-luridus_JAM0360-800x600.jpg 800w, https:\/\/micologica-barakaldo.org\/wp-content\/uploads\/2024\/08\/Suillellus-luridus_JAM0360-1200x900.jpg 1200w, https:\/\/micologica-barakaldo.org\/wp-content\/uploads\/2024\/08\/Suillellus-luridus_JAM0360.jpg 1204w\" sizes=\"auto, (max-width: 1024px) 100vw, 800px\" \/><\/span><\/div><div class=\"fusion-clearfix\"><\/div><\/div><\/div><div class=\"fusion-layout-column fusion_builder_column fusion-builder-column-2 fusion_builder_column_1_1 1_1 fusion-one-full fusion-column-first fusion-column-last\" style=\"--awb-padding-top:40px;--awb-bg-size:cover;\"><div class=\"fusion-column-wrapper fusion-flex-column-wrapper-legacy\"><div class=\"fusion-aligncenter\"><a class=\"fusion-button button-flat button-xlarge button-default fusion-button-default button-1 fusion-button-default-span fusion-button-default-type\" target=\"_self\" href=\"https:\/\/micologica-barakaldo.org\/wp-content\/uploads\/2024\/08\/Suillellus-luridus.pdf\"><i class=\"fa-file-pdf far awb-button__icon awb-button__icon--default button-icon-left\" aria-hidden=\"true\"><\/i><span class=\"fusion-button-text awb-button__text awb-button__text--default\">VER FICHA COMPLETA<\/span><\/a><\/div><div class=\"fusion-clearfix\"><\/div><\/div><\/div><\/div><\/div>\n","protected":false},"excerpt":{"rendered":"","protected":false},"author":2,"featured_media":10570,"comment_status":"open","ping_status":"closed","sticky":false,"template":"","format":"standard","meta":{"footnotes":"","jetpack_publicize_message":"","jetpack_publicize_feature_enabled":true,"jetpack_social_post_already_shared":true,"jetpack_social_options":{"image_generator_settings":{"template":"highway","default_image_id":0,"font":"","enabled":false},"version":2}},"categories":[6,46],"tags":[],"class_list":["post-10572","post","type-post","status-publish","format-standard","has-post-thumbnail","hentry","category-fichas-micologicas","category-fichas-micologicas-setas-s"],"jetpack_publicize_connections":[],"jetpack_featured_media_url":"https:\/\/micologica-barakaldo.org\/wp-content\/uploads\/2024\/08\/Suillellus-luridus_JAM0360.jpg","jetpack_shortlink":"https:\/\/wp.me\/p9dTSQ-2Kw","_links":{"self":[{"href":"https:\/\/micologica-barakaldo.org\/eu\/wp-json\/wp\/v2\/posts\/10572","targetHints":{"allow":["GET"]}}],"collection":[{"href":"https:\/\/micologica-barakaldo.org\/eu\/wp-json\/wp\/v2\/posts"}],"about":[{"href":"https:\/\/micologica-barakaldo.org\/eu\/wp-json\/wp\/v2\/types\/post"}],"author":[{"embeddable":true,"href":"https:\/\/micologica-barakaldo.org\/eu\/wp-json\/wp\/v2\/users\/2"}],"replies":[{"embeddable":true,"href":"https:\/\/micologica-barakaldo.org\/eu\/wp-json\/wp\/v2\/comments?post=10572"}],"version-history":[{"count":2,"href":"https:\/\/micologica-barakaldo.org\/eu\/wp-json\/wp\/v2\/posts\/10572\/revisions"}],"predecessor-version":[{"id":10574,"href":"https:\/\/micologica-barakaldo.org\/eu\/wp-json\/wp\/v2\/posts\/10572\/revisions\/10574"}],"wp:featuredmedia":[{"embeddable":true,"href":"https:\/\/micologica-barakaldo.org\/eu\/wp-json\/wp\/v2\/media\/10570"}],"wp:attachment":[{"href":"https:\/\/micologica-barakaldo.org\/eu\/wp-json\/wp\/v2\/media?parent=10572"}],"wp:term":[{"taxonomy":"category","embeddable":true,"href":"https:\/\/micologica-barakaldo.org\/eu\/wp-json\/wp\/v2\/categories?post=10572"},{"taxonomy":"post_tag","embeddable":true,"href":"https:\/\/micologica-barakaldo.org\/eu\/wp-json\/wp\/v2\/tags?post=10572"}],"curies":[{"name":"wp","href":"https:\/\/api.w.org\/{rel}","templated":true}]}}