{"id":10642,"date":"2024-08-21T20:17:42","date_gmt":"2024-08-21T19:17:42","guid":{"rendered":"https:\/\/micologica-barakaldo.org\/?p=10642"},"modified":"2024-08-21T20:23:52","modified_gmt":"2024-08-21T19:23:52","slug":"tylopilus-felleus","status":"publish","type":"post","link":"https:\/\/micologica-barakaldo.org\/eu\/tylopilus-felleus\/","title":{"rendered":"Tylopilus felleus"},"content":{"rendered":"<div class=\"fusion-fullwidth fullwidth-box fusion-builder-row-1 nonhundred-percent-fullwidth non-hundred-percent-height-scrolling\" style=\"--awb-border-radius-top-left:0px;--awb-border-radius-top-right:0px;--awb-border-radius-bottom-right:0px;--awb-border-radius-bottom-left:0px;--awb-padding-bottom:50px;--awb-flex-wrap:wrap;\" ><div class=\"fusion-builder-row fusion-row\"><div class=\"fusion-layout-column fusion_builder_column fusion-builder-column-0 fusion_builder_column_1_2 1_2 fusion-one-half fusion-column-first\" style=\"--awb-bg-size:cover;width:48%; margin-right: 4%;\"><div class=\"fusion-column-wrapper fusion-flex-column-wrapper-legacy\"><div class=\"fusion-text fusion-text-1\"><p>&nbsp;<\/p>\n<p style=\"text-align: justify;\"><strong><em>Tylopilus felleus<\/em><\/strong><strong> (Bull.) P. Karst<\/strong>., Revue Mycologique Toulouse 3 (9): 16. 1881<\/p>\n<p style=\"text-align: justify;\">Mycobank: <span style=\"color: #0000ff;\"><a style=\"color: #0000ff;\" href=\"https:\/\/www.mycobank.org\/MB\/122480\">122480<\/a><\/span><\/p>\n<p style=\"text-align: justify;\"><span style=\"color: #000000;\">Caracteres macrosc\u00f3picos. <em>P\u00edleo<\/em> de 50-150 mm, primero hemisf\u00e9rico, despu\u00e9s convexo finalmente extendido incluso, con el margen levantado; margen espeso, redondo, excedente, incurvado en los basidiomas j\u00f3venes; superficie pileica poco separable o adnata, fina, afieltrada, mate, un poco lubrificada en tiempo h\u00famedo; de color marr\u00f3n, ocre, pardo-alut\u00e1ceo, pardo claro, pardo-amarillo, pardo oscuro, pardo-rojizo. <em>Himen\u00f3foro<\/em> con tubos de 8-15 mm, largos, adnatos, finos, de color blanco, despu\u00e9s blanco-crema a rosados en la madurez; poros simples, estrechos, al principio redondos, angulosos en la madurez, concolor a los tubos.\u00a0 <em>Est\u00edpite<\/em> de 30-150 \u00d7 15-40 mm, al principio robusto, claviforme, con la edad m\u00e1s cilindr\u00e1ceo, del color del p\u00edleo, pero en general m\u00e1s claro, crema-amarillento en la parte superior, blanquecino hacia la base; ret\u00edculo compuesto, fuertemente marcado y de mallas alargadas, que puede cubrir casi toda su superficie, de color pardo-marr\u00f3n. <em>Contexto<\/em> espeso, firme, fibroso en el est\u00edpite, blanco, que no cambia de color, bajo la superficie pileica es pardusco; olor poco apreciable; sabor fuertemente amargo.<\/span><\/p>\n<p style=\"text-align: justify;\"><span style=\"color: #000000;\">Caracteres microsc\u00f3picos. <em>Basidiosporas<\/em> de (10,2) 13,1 \u00b1 1,05 (16,2) \u00d7 (4,1) 4,7 \u00b1 0,55 (5,3) \u03bcm; Q = (2,3) 2,6 \u00b1 0,20 (3,0), fusiformes, con breve depresi\u00f3n suprapical, lisas, gutuladas, con paredes espesas, de color amarillo claro en agua. Esporada de color rosa sucio a pardo-rosado. Cistidios de 25-50 \u00d7 9-15 \u03bcm, de fusiformes a clavados, en forma \u00e1nfora o rostrados, hialinos o amarillentos en agua. <em>Pileipellis<\/em> de tipo tricodermis con hifas m\u00e1s o menos entremezcladas; hifas largas, cil\u00edndricas, septadas, lisas, con pigmento intracelular marr\u00f3n; elementos terminales en general erectos, cil\u00edndricos o un poco adelgazados, de cortos a alargados, con el \u00e1pice redondeado, de calibre (16) 20 &#8211; 65 x 5 &#8211; 9 \u03bcm, Q = 3,7 \u2013 11.<\/span><\/p>\n<p style=\"text-align: justify;\"><span style=\"color: #000000;\">Ecolog\u00eda. En verano y principios de oto\u00f1o en bosques de con\u00edferas (<em>Picea sp<\/em>. y <em>Pinus sp<\/em>.) y de frondosas (<em>Castanea sp., Fagus sp., Quercus sp<\/em> y <em>Alnus sp<\/em>.), principalmente en suelos \u00e1cidos. Distribuci\u00f3n. Poco frecuente, R. Frecuente. Fotograf\u00eda. Jos\u00e9 A. Mu\u00f1oz S\u00e1nchez.<\/span><\/p>\n<p style=\"text-align: justify;\"><span style=\"color: #000000;\">Citar como: MU\u00d1OZ, J. A. (2024). <em>Tylopilus felleus<\/em> (Bull.) P. Karst., micol\u00f3gica-barakaldo.org [en l\u00ednea]. Fichas Micol\u00f3gicas, 860 (Actualizada el 21-VIII-2024). ISSN 2660-633X. [consultado el xx\/xx\/xxx] <a style=\"color: #000000;\" href=\"https:\/\/micologica-barakaldo.org\/Tylopilus-felleus\/\">https:\/\/micologica-barakaldo.org\/Tylopilus-felleus\/<\/a><\/span><\/p>\n<p style=\"text-align: justify;\">\u00a0<\/p>\n<\/div><div class=\"fusion-clearfix\"><\/div><\/div><\/div><div class=\"fusion-layout-column fusion_builder_column fusion-builder-column-1 fusion_builder_column_1_2 1_2 fusion-one-half fusion-column-last\" style=\"--awb-bg-size:cover;width:48%;\"><div class=\"fusion-column-wrapper fusion-flex-column-wrapper-legacy\"><div class=\"fusion-image-element in-legacy-container\" style=\"--awb-caption-title-font-family:var(--h2_typography-font-family);--awb-caption-title-font-weight:var(--h2_typography-font-weight);--awb-caption-title-font-style:var(--h2_typography-font-style);--awb-caption-title-size:var(--h2_typography-font-size);--awb-caption-title-transform:var(--h2_typography-text-transform);--awb-caption-title-line-height:var(--h2_typography-line-height);--awb-caption-title-letter-spacing:var(--h2_typography-letter-spacing);\"><span class=\" fusion-imageframe imageframe-none imageframe-1 hover-type-none\"><img loading=\"lazy\" decoding=\"async\" width=\"1204\" height=\"901\" title=\"Tylopilus felleus_20191005_4804\" src=\"https:\/\/micologica-barakaldo.org\/wp-content\/uploads\/2024\/08\/Tylopilus-felleus_20191005_4804.jpg\" alt class=\"img-responsive wp-image-10639\" srcset=\"https:\/\/micologica-barakaldo.org\/wp-content\/uploads\/2024\/08\/Tylopilus-felleus_20191005_4804-200x150.jpg 200w, https:\/\/micologica-barakaldo.org\/wp-content\/uploads\/2024\/08\/Tylopilus-felleus_20191005_4804-400x299.jpg 400w, https:\/\/micologica-barakaldo.org\/wp-content\/uploads\/2024\/08\/Tylopilus-felleus_20191005_4804-600x449.jpg 600w, https:\/\/micologica-barakaldo.org\/wp-content\/uploads\/2024\/08\/Tylopilus-felleus_20191005_4804-800x599.jpg 800w, https:\/\/micologica-barakaldo.org\/wp-content\/uploads\/2024\/08\/Tylopilus-felleus_20191005_4804-1200x898.jpg 1200w, https:\/\/micologica-barakaldo.org\/wp-content\/uploads\/2024\/08\/Tylopilus-felleus_20191005_4804.jpg 1204w\" sizes=\"auto, (max-width: 1024px) 100vw, 800px\" \/><\/span><\/div><div class=\"fusion-clearfix\"><\/div><\/div><\/div><div class=\"fusion-layout-column fusion_builder_column fusion-builder-column-2 fusion_builder_column_1_1 1_1 fusion-one-full fusion-column-first fusion-column-last\" style=\"--awb-padding-top:40px;--awb-bg-size:cover;\"><div class=\"fusion-column-wrapper fusion-flex-column-wrapper-legacy\"><div class=\"fusion-aligncenter\"><a class=\"fusion-button button-flat button-xlarge button-default fusion-button-default button-1 fusion-button-default-span fusion-button-default-type\" target=\"_self\" href=\"https:\/\/micologica-barakaldo.org\/wp-content\/uploads\/2024\/08\/Tylopilus-felleus-1.pdf\"><i class=\"fa-file-pdf far awb-button__icon awb-button__icon--default button-icon-left\" aria-hidden=\"true\"><\/i><span class=\"fusion-button-text awb-button__text awb-button__text--default\">VER FICHA COMPLETA<\/span><\/a><\/div><div class=\"fusion-clearfix\"><\/div><\/div><\/div><\/div><\/div>\n","protected":false},"excerpt":{"rendered":"","protected":false},"author":2,"featured_media":10638,"comment_status":"open","ping_status":"closed","sticky":false,"template":"","format":"standard","meta":{"footnotes":"","jetpack_publicize_message":"","jetpack_publicize_feature_enabled":true,"jetpack_social_post_already_shared":true,"jetpack_social_options":{"image_generator_settings":{"template":"highway","default_image_id":0,"font":"","enabled":false},"version":2}},"categories":[6,47],"tags":[],"class_list":["post-10642","post","type-post","status-publish","format-standard","has-post-thumbnail","hentry","category-fichas-micologicas","category-fichas-micologicas-setas-t"],"jetpack_publicize_connections":[],"jetpack_featured_media_url":"https:\/\/micologica-barakaldo.org\/wp-content\/uploads\/2024\/08\/Tylopilus-felleus_20191005_4804.jpg","jetpack_shortlink":"https:\/\/wp.me\/p9dTSQ-2LE","_links":{"self":[{"href":"https:\/\/micologica-barakaldo.org\/eu\/wp-json\/wp\/v2\/posts\/10642","targetHints":{"allow":["GET"]}}],"collection":[{"href":"https:\/\/micologica-barakaldo.org\/eu\/wp-json\/wp\/v2\/posts"}],"about":[{"href":"https:\/\/micologica-barakaldo.org\/eu\/wp-json\/wp\/v2\/types\/post"}],"author":[{"embeddable":true,"href":"https:\/\/micologica-barakaldo.org\/eu\/wp-json\/wp\/v2\/users\/2"}],"replies":[{"embeddable":true,"href":"https:\/\/micologica-barakaldo.org\/eu\/wp-json\/wp\/v2\/comments?post=10642"}],"version-history":[{"count":5,"href":"https:\/\/micologica-barakaldo.org\/eu\/wp-json\/wp\/v2\/posts\/10642\/revisions"}],"predecessor-version":[{"id":10649,"href":"https:\/\/micologica-barakaldo.org\/eu\/wp-json\/wp\/v2\/posts\/10642\/revisions\/10649"}],"wp:featuredmedia":[{"embeddable":true,"href":"https:\/\/micologica-barakaldo.org\/eu\/wp-json\/wp\/v2\/media\/10638"}],"wp:attachment":[{"href":"https:\/\/micologica-barakaldo.org\/eu\/wp-json\/wp\/v2\/media?parent=10642"}],"wp:term":[{"taxonomy":"category","embeddable":true,"href":"https:\/\/micologica-barakaldo.org\/eu\/wp-json\/wp\/v2\/categories?post=10642"},{"taxonomy":"post_tag","embeddable":true,"href":"https:\/\/micologica-barakaldo.org\/eu\/wp-json\/wp\/v2\/tags?post=10642"}],"curies":[{"name":"wp","href":"https:\/\/api.w.org\/{rel}","templated":true}]}}