{"id":10732,"date":"2024-09-17T19:46:59","date_gmt":"2024-09-17T18:46:59","guid":{"rendered":"https:\/\/micologica-barakaldo.org\/?p=10732"},"modified":"2024-09-17T19:58:31","modified_gmt":"2024-09-17T18:58:31","slug":"amanita-olivaceogrisea","status":"publish","type":"post","link":"https:\/\/micologica-barakaldo.org\/eu\/amanita-olivaceogrisea\/","title":{"rendered":"Amanita olivaceogrisea"},"content":{"rendered":"<div class=\"fusion-fullwidth fullwidth-box fusion-builder-row-1 nonhundred-percent-fullwidth non-hundred-percent-height-scrolling\" style=\"--awb-border-radius-top-left:0px;--awb-border-radius-top-right:0px;--awb-border-radius-bottom-right:0px;--awb-border-radius-bottom-left:0px;--awb-padding-bottom:50px;--awb-flex-wrap:wrap;\" ><div class=\"fusion-builder-row fusion-row\"><div class=\"fusion-layout-column fusion_builder_column fusion-builder-column-0 fusion_builder_column_1_2 1_2 fusion-one-half fusion-column-first\" style=\"--awb-bg-size:cover;width:48%; margin-right: 4%;\"><div class=\"fusion-column-wrapper fusion-flex-column-wrapper-legacy\"><div class=\"fusion-text fusion-text-1\"><p>&nbsp;<\/p>\n<p style=\"text-align: justify;\"><strong><em>Amanita olivaceogrisea<\/em><\/strong><strong> Kalamees<\/strong>, Conspectus Florum Agaricalium fungorum (Agaricales s.l.) Lithuaniae, Latviae et Estoniae: 45. 1986<\/p>\n<p style=\"text-align: justify;\">Mycobank: <span style=\"color: #0000ff;\"><a style=\"color: #0000ff;\" href=\"https:\/\/www.mycobank.org\/MB\/131597\">131597<\/a><\/span><\/p>\n<p style=\"text-align: justify;\">Caracteres macrosc\u00f3picos. <em>P\u00edleo<\/em> de 50-70 mm, de c\u00f3nico a acampanado, despu\u00e9s plano-convexo, finalmente extendido, con breve umb\u00f3n central y ligera depresi\u00f3n alrededor del umb\u00f3n; margen recto, delgado o fino; superficie lisa en el disco, claramente estriada-acanalada casi hasta la mitad del radio, brillante en tiempo h\u00famedo; color gris-marr\u00f3n oliv\u00e1ceo, ocre-amarillento, con el disco m\u00e1s oscuro; con presencia de amplios restos de velo general blanquecinos o beis, con manchas pardo-\u00f3xido. <em>L\u00e1minas<\/em> libres, moderadamente apretadas, blanquecinas, gris\u00e1ceas en la madurez; arista entera, concolor o algo ocr\u00e1cea hacia la periferia. <em>Est\u00edpite<\/em> de hasta 90-150 \u00d7 10-17 mm, esbelto, largo, cil\u00edndrico, adelgazado en la inserci\u00f3n con las l\u00e1minas, hueco con la edad; superficie con finas escamas erizadas, inicialmente blanquecinas despu\u00e9s ocre-amarillento p\u00e1lido; velo general amplio en forma de saco, membranoso, quebradizo, dejando peque\u00f1as placas adheridas al est\u00edpite, blanco o amarillento p\u00e1lido con manchas marr\u00f3n-\u00f3xido u ocre-anaranjado. <em>Contexto<\/em> fr\u00e1gil, escaso en el p\u00edleo, blanquecino o gris\u00e1ceo; sin olor ni sabor caracter\u00edsticos.<\/p>\n<p style=\"text-align: justify;\">Caracteres microsc\u00f3picos. <em>Basidiosporas<\/em> de (10,1) 11,2 \u00b1 0,95 (12,8) \u00d7 (8,8) 10,2 \u00b1 0,74 (11,5) \u00b5m \/ Q = 1,0-1,1; esf\u00e9ricas o subglobosas, lisas, hialinas y no amiloides. Esporada blanca. <em>Basidios<\/em> de 40-70 \u00d7 10-15 \u00b5m, claviformes, con 1-2 y 4 esterigmas, juntas sin f\u00edbulas. <em>C\u00e9lulas est\u00e9riles<\/em> de la arista laminar no observados. <em>Elementos del velo<\/em> formado por hifas filamentosas de hasta \u00d78 \u00b5m, con numerosos elementos globosos o claviformes de hasta \u00d745 \u00b5m, juntas sin f\u00edbulas. <em>Pileipellis<\/em> filamentosa, con elementos cil\u00edndricos, m\u00e1s o menos ramificados, con pigmento intracelular marr\u00f3n, de hasta \u00d78 \u00b5m, juntas sin f\u00edbulas.<\/p>\n<p style=\"text-align: justify;\">Ecolog\u00eda.\u00a0 En verano y oto\u00f1o en bosques h\u00famedos con <em>Corylus, Alnus<\/em> o <em>Betula<\/em>. <em>Distribuci\u00f3n<\/em>:\u00a0 Muy raro y localizado, RR. \u00a0<em>Fotograf\u00eda<\/em>. Jos\u00e9 A. Mu\u00f1oz S\u00e1nchez.<\/p>\n<p style=\"text-align: justify;\">Citar como: CADI\u00d1ANOS, J.A. &amp; MU\u00d1OZ, J. A. (2024). <em>Amanita olivaceogrisea <\/em>Kalamees, micol\u00f3gica-barakaldo.org [en l\u00ednea]. Fichas Micol\u00f3gicas, 870 (Actualizada el 17-VI-2024). ISSN 2660-633X. [consultado el xx\/xx\/xxx] <a href=\"https:\/\/micologica-barakaldo.org\/Amanita-olivaceogrisea\/\">https:\/\/micologica-barakaldo.org\/Amanita-olivaceogrisea\/<\/a><\/p>\n<p style=\"text-align: justify;\">\u00a0<\/p>\n<\/div><div class=\"fusion-clearfix\"><\/div><\/div><\/div><div class=\"fusion-layout-column fusion_builder_column fusion-builder-column-1 fusion_builder_column_1_2 1_2 fusion-one-half fusion-column-last\" style=\"--awb-bg-size:cover;width:48%;\"><div class=\"fusion-column-wrapper fusion-flex-column-wrapper-legacy\"><div class=\"fusion-image-element in-legacy-container\" style=\"--awb-caption-title-font-family:var(--h2_typography-font-family);--awb-caption-title-font-weight:var(--h2_typography-font-weight);--awb-caption-title-font-style:var(--h2_typography-font-style);--awb-caption-title-size:var(--h2_typography-font-size);--awb-caption-title-transform:var(--h2_typography-text-transform);--awb-caption-title-line-height:var(--h2_typography-line-height);--awb-caption-title-letter-spacing:var(--h2_typography-letter-spacing);\"><span class=\" fusion-imageframe imageframe-none imageframe-1 hover-type-none\"><img loading=\"lazy\" decoding=\"async\" width=\"1204\" height=\"875\" title=\"Amanita olivaceogrisea_20230929_7449\" src=\"https:\/\/micologica-barakaldo.org\/wp-content\/uploads\/2024\/09\/Amanita-olivaceogrisea_20230929_7449.jpg\" alt class=\"img-responsive wp-image-10731\" srcset=\"https:\/\/micologica-barakaldo.org\/wp-content\/uploads\/2024\/09\/Amanita-olivaceogrisea_20230929_7449-200x145.jpg 200w, https:\/\/micologica-barakaldo.org\/wp-content\/uploads\/2024\/09\/Amanita-olivaceogrisea_20230929_7449-400x291.jpg 400w, https:\/\/micologica-barakaldo.org\/wp-content\/uploads\/2024\/09\/Amanita-olivaceogrisea_20230929_7449-600x436.jpg 600w, https:\/\/micologica-barakaldo.org\/wp-content\/uploads\/2024\/09\/Amanita-olivaceogrisea_20230929_7449-800x581.jpg 800w, https:\/\/micologica-barakaldo.org\/wp-content\/uploads\/2024\/09\/Amanita-olivaceogrisea_20230929_7449-1200x872.jpg 1200w, https:\/\/micologica-barakaldo.org\/wp-content\/uploads\/2024\/09\/Amanita-olivaceogrisea_20230929_7449.jpg 1204w\" sizes=\"auto, (max-width: 1024px) 100vw, 800px\" \/><\/span><\/div><div class=\"fusion-clearfix\"><\/div><\/div><\/div><div class=\"fusion-layout-column fusion_builder_column fusion-builder-column-2 fusion_builder_column_1_1 1_1 fusion-one-full fusion-column-first fusion-column-last\" style=\"--awb-padding-top:40px;--awb-bg-size:cover;\"><div class=\"fusion-column-wrapper fusion-flex-column-wrapper-legacy\"><div class=\"fusion-aligncenter\"><a class=\"fusion-button button-flat button-xlarge button-default fusion-button-default button-1 fusion-button-default-span fusion-button-default-type\" target=\"_self\" href=\"https:\/\/micologica-barakaldo.org\/wp-content\/uploads\/2024\/09\/Amanita-olivaceogrisea-1.pdf\"><i class=\"fa-file-pdf far awb-button__icon awb-button__icon--default button-icon-left\" aria-hidden=\"true\"><\/i><span class=\"fusion-button-text awb-button__text awb-button__text--default\">VER FICHA COMPLETA<\/span><\/a><\/div><div class=\"fusion-clearfix\"><\/div><\/div><\/div><\/div><\/div>\n","protected":false},"excerpt":{"rendered":"","protected":false},"author":2,"featured_media":10730,"comment_status":"open","ping_status":"closed","sticky":false,"template":"","format":"standard","meta":{"footnotes":"","jetpack_publicize_message":"","jetpack_publicize_feature_enabled":true,"jetpack_social_post_already_shared":true,"jetpack_social_options":{"image_generator_settings":{"template":"highway","default_image_id":0,"font":"","enabled":false},"version":2}},"categories":[28,7,6],"tags":[],"class_list":["post-10732","post","type-post","status-publish","format-standard","has-post-thumbnail","hentry","category-fichas-micologicas-setas-a","category-blog","category-fichas-micologicas"],"jetpack_publicize_connections":[],"jetpack_featured_media_url":"https:\/\/micologica-barakaldo.org\/wp-content\/uploads\/2024\/09\/Amanita-olivaceogrisea_20230929_7449.jpg","jetpack_shortlink":"https:\/\/wp.me\/p9dTSQ-2N6","_links":{"self":[{"href":"https:\/\/micologica-barakaldo.org\/eu\/wp-json\/wp\/v2\/posts\/10732","targetHints":{"allow":["GET"]}}],"collection":[{"href":"https:\/\/micologica-barakaldo.org\/eu\/wp-json\/wp\/v2\/posts"}],"about":[{"href":"https:\/\/micologica-barakaldo.org\/eu\/wp-json\/wp\/v2\/types\/post"}],"author":[{"embeddable":true,"href":"https:\/\/micologica-barakaldo.org\/eu\/wp-json\/wp\/v2\/users\/2"}],"replies":[{"embeddable":true,"href":"https:\/\/micologica-barakaldo.org\/eu\/wp-json\/wp\/v2\/comments?post=10732"}],"version-history":[{"count":5,"href":"https:\/\/micologica-barakaldo.org\/eu\/wp-json\/wp\/v2\/posts\/10732\/revisions"}],"predecessor-version":[{"id":10741,"href":"https:\/\/micologica-barakaldo.org\/eu\/wp-json\/wp\/v2\/posts\/10732\/revisions\/10741"}],"wp:featuredmedia":[{"embeddable":true,"href":"https:\/\/micologica-barakaldo.org\/eu\/wp-json\/wp\/v2\/media\/10730"}],"wp:attachment":[{"href":"https:\/\/micologica-barakaldo.org\/eu\/wp-json\/wp\/v2\/media?parent=10732"}],"wp:term":[{"taxonomy":"category","embeddable":true,"href":"https:\/\/micologica-barakaldo.org\/eu\/wp-json\/wp\/v2\/categories?post=10732"},{"taxonomy":"post_tag","embeddable":true,"href":"https:\/\/micologica-barakaldo.org\/eu\/wp-json\/wp\/v2\/tags?post=10732"}],"curies":[{"name":"wp","href":"https:\/\/api.w.org\/{rel}","templated":true}]}}