{"id":1080,"date":"2017-11-25T14:42:38","date_gmt":"2017-11-25T13:42:38","guid":{"rendered":"https:\/\/micologica-barakaldo.org\/?p=1080"},"modified":"2017-11-25T18:00:03","modified_gmt":"2017-11-25T17:00:03","slug":"balance-42-semana-micologica","status":"publish","type":"post","link":"https:\/\/micologica-barakaldo.org\/eu\/balance-42-semana-micologica\/","title":{"rendered":"BALANCE 42 SEMANA MICOLOGICA"},"content":{"rendered":"<div class=\"fusion-fullwidth fullwidth-box fusion-builder-row-1 nonhundred-percent-fullwidth non-hundred-percent-height-scrolling\" style=\"--awb-border-radius-top-left:0px;--awb-border-radius-top-right:0px;--awb-border-radius-bottom-right:0px;--awb-border-radius-bottom-left:0px;--awb-padding-bottom:50px;--awb-flex-wrap:wrap;\" ><div class=\"fusion-builder-row fusion-row\"><div class=\"fusion-layout-column fusion_builder_column fusion-builder-column-0 fusion_builder_column_2_5 2_5 fusion-two-fifth fusion-column-first\" style=\"--awb-bg-size:cover;width:37.6%; margin-right: 4%;\"><div class=\"fusion-column-wrapper fusion-flex-column-wrapper-legacy\"><div class=\"fusion-text fusion-text-1\"><p>&nbsp;<\/p>\n<p>La <strong>XLII Semana Micol\u00f3gica de Barakaldo<\/strong> se ha celebrado este a\u00f1o en dos per\u00edodos:<\/p>\n<ul>\n<li>d\u00edas 17 y 19 de octubre. Se impartieron 2 charlas: en la primera se present\u00f3 la nueva p\u00e1gina de web de la sociedad y corri\u00f3 a cargo de Carlos Aranda. La segunda la imparti\u00f3 Jos\u00e9 Antonio Mu\u00f1oz S\u00e1nchez y vers\u00f3 sobre \u201cDiversidad f\u00fangica del Parque Natural del Gorbeia\u201d<\/li>\n<li>D\u00eda 19 de noviembre: XLII Exposici\u00f3n Micol\u00f3gica de Barakaldo, que se celebr\u00f3 en la Herriko Plaza de Barakaldo<\/li>\n<\/ul>\n<p>En la primera charla, se detallaron los contenidos de la nueva p\u00e1gina web de nuestra sociedad y se explicaron los motivos para acometer la profunda transformaci\u00f3n de la que ten\u00edamos hasta ese momento. Queremos pasar de un concepto de p\u00e1gina web, como mero complemento de nuestra actividad, a que sea el centro de toda nuestra labor. Nuestra intenci\u00f3n es convertir nuestra Sociedad en digital, para que sea accesible a cualquier aficionado, en cualquier sitio y en cualquier momento.<\/p>\n<p>La segunda ponencia vers\u00f3 sobre la Micodiversidad de uno de los parques naturales m\u00e1s emblem\u00e1ticos de nuestro entorno: El Parque Natural del Gorbeia. Jos\u00e9 Antonio nos detallo los diferentes h\u00e1bitats y biotopos que caracterizan el parque, as\u00ed como su evoluci\u00f3n hist\u00f3rica hasta nuestros d\u00edas. Despu\u00e9s nos ense\u00f1\u00f3 una muestra de especies micol\u00f3gicas interesantes, que hab\u00eda recogido en los inventarios que peri\u00f3dicamente realiza en dicho parque. Este trabajo forma parte de un proyecto que pretende inventariar toda la flora f\u00fangica del parque, con el objetivo de valorar el estado de la biodiversidad de esa zona y plantear diversas estrategias de protecci\u00f3n.<\/p>\n<p>El motivo de que no coincidiesen charlas con exposici\u00f3n en la misma semana, ha sido la adversa climatolog\u00eda que sufrimos en el mes de octubre, con una sequ\u00eda que redujo a casi cero la producci\u00f3n de setas en los montes de nuestro entorno. Decidimos posponer la Exposici\u00f3n Micol\u00f3gica al mes de noviembre, en la confianza de que la climatolog\u00eda mejorase y la aparici\u00f3n de setas volviera a la normalidad.<\/p>\n<p>Aunque hemos podido sacar adelante la exposici\u00f3n, lo cierto es que el tiempo no ha sido tampoco propicio en noviembre: pocas lluvias y entrada de aire frio con algunas heladas, lo que ha paralizado el crecimiento de especies micol\u00f3gicas que hab\u00edan empezado a asomar.<\/p>\n<p>La verdad, es que estos \u00faltimos a\u00f1os nos estamos encontrando con una meteorolog\u00eda \u201cloca\u201d en oto\u00f1o: se mantiene el verano en octubre, pocas lluvias, viento sur y cambio brusco en noviembre, con frio y heladas. Todo ello precedido de una sequ\u00eda en lo que llevamos de a\u00f1o, que ha dejado secos nuestros montes.<\/p>\n<p>Las setas de nuestro entorno est\u00e1n adaptadas a un clima m\u00e1s templado, con lluvias abundantes en oto\u00f1o y temperaturas suaves hasta bien entrado noviembre. El cambio clim\u00e1tico que se ha producido desde hace unos a\u00f1os, podr\u00eda explicar la baja producci\u00f3n micol\u00f3gica en comparaci\u00f3n con otros per\u00edodos hist\u00f3ricos.<\/p>\n<p>Otro efecto colateral de esta cambiante climatolog\u00eda, es que a las sociedades micol\u00f3gicas que organizamos exposiciones, nos cuesta mucho decidir cuando celebrarlas. Antes est\u00e1bamos seguros de que en octubre y noviembre habr\u00eda setas suficientes para organizar una exposici\u00f3n digna, pero ahora se multiplican las cancelaciones y no sabemos a qu\u00e9 atenernos.<\/p>\n<p>De todas formas, visto lo visto, podemos calificar como un \u00e9xito el haber podido presentar 112 especies diferentes (adjuntamos el listado). Faltaban especies emblem\u00e1ticas y caracter\u00edsticas de esta \u00e9poca como Amanita phalloides, Amanita rubescens, Entoloma lividum\u2026y un largo etc.<\/p>\n<p>Aunque hemos lamentado no poder mostrarlas, desde hace a\u00f1os planteamos otro tipo de exposiciones, priorizando los paneles explicativos y el material audiovisual, sobre el material fresco, con el objetivo de explotar y da\u00f1ar lo menos posible un recurso cada vez m\u00e1s escaso.<\/p>\n<p>Por todo, estamos satisfechos de esta XLII Semana Micol\u00f3gica y os esperamos en la del a\u00f1o siguiente.<\/p>\n<p>Hasta pronto<\/p>\n<\/div><div class=\"fusion-clearfix\"><\/div><\/div><\/div><div class=\"fusion-layout-column fusion_builder_column fusion-builder-column-1 fusion_builder_column_3_5 3_5 fusion-three-fifth fusion-column-last\" style=\"--awb-bg-size:cover;--awb-margin-top:-40px;width:58.4%;\"><div class=\"fusion-column-wrapper fusion-flex-column-wrapper-legacy\"><div class=\"fusion-image-element in-legacy-container\" style=\"--awb-caption-title-font-family:var(--h2_typography-font-family);--awb-caption-title-font-weight:var(--h2_typography-font-weight);--awb-caption-title-font-style:var(--h2_typography-font-style);--awb-caption-title-size:var(--h2_typography-font-size);--awb-caption-title-transform:var(--h2_typography-text-transform);--awb-caption-title-line-height:var(--h2_typography-line-height);--awb-caption-title-letter-spacing:var(--h2_typography-letter-spacing);\"><span class=\" fusion-imageframe imageframe-none imageframe-1 hover-type-none\"><img loading=\"lazy\" decoding=\"async\" width=\"1024\" height=\"768\" title=\"20171119_114646\" src=\"https:\/\/micologica-barakaldo.org\/wp-content\/uploads\/2017\/11\/20171119_114646-1024x768.jpg\" alt class=\"img-responsive wp-image-8060\"\/><\/span><\/div><div class=\"fusion-clearfix\"><\/div><\/div><\/div><div class=\"fusion-layout-column fusion_builder_column fusion-builder-column-2 fusion_builder_column_1_1 1_1 fusion-one-full fusion-column-first fusion-column-last\" style=\"--awb-padding-top:40px;--awb-bg-size:cover;\"><div class=\"fusion-column-wrapper fusion-flex-column-wrapper-legacy\"><div class=\"fusion-aligncenter\"><a class=\"fusion-button button-flat button-xlarge button-default fusion-button-default button-1 fusion-button-default-span fusion-button-default-type\" target=\"_self\" href=\"https:\/\/micologica-barakaldo.org\/wp-content\/uploads\/2017\/11\/Listado-de-especies-42-semana-micologica-2017.pdf\"><span class=\"fusion-button-text awb-button__text awb-button__text--default\">DESCARGAR PDF<\/span><\/a><\/div><div class=\"fusion-clearfix\"><\/div><\/div><\/div><\/div><\/div>\n","protected":false},"excerpt":{"rendered":"","protected":false},"author":2,"featured_media":1097,"comment_status":"open","ping_status":"closed","sticky":false,"template":"","format":"standard","meta":{"footnotes":"","jetpack_publicize_message":"","jetpack_publicize_feature_enabled":true,"jetpack_social_post_already_shared":true,"jetpack_social_options":{"image_generator_settings":{"template":"highway","default_image_id":0,"font":"","enabled":false},"version":2}},"categories":[7],"tags":[],"class_list":["post-1080","post","type-post","status-publish","format-standard","has-post-thumbnail","hentry","category-blog"],"jetpack_publicize_connections":[],"jetpack_featured_media_url":"https:\/\/micologica-barakaldo.org\/wp-content\/uploads\/2017\/11\/20171119_114850-e1511629076816.jpg","jetpack_shortlink":"https:\/\/wp.me\/p9dTSQ-hq","_links":{"self":[{"href":"https:\/\/micologica-barakaldo.org\/eu\/wp-json\/wp\/v2\/posts\/1080","targetHints":{"allow":["GET"]}}],"collection":[{"href":"https:\/\/micologica-barakaldo.org\/eu\/wp-json\/wp\/v2\/posts"}],"about":[{"href":"https:\/\/micologica-barakaldo.org\/eu\/wp-json\/wp\/v2\/types\/post"}],"author":[{"embeddable":true,"href":"https:\/\/micologica-barakaldo.org\/eu\/wp-json\/wp\/v2\/users\/2"}],"replies":[{"embeddable":true,"href":"https:\/\/micologica-barakaldo.org\/eu\/wp-json\/wp\/v2\/comments?post=1080"}],"version-history":[{"count":4,"href":"https:\/\/micologica-barakaldo.org\/eu\/wp-json\/wp\/v2\/posts\/1080\/revisions"}],"predecessor-version":[{"id":1100,"href":"https:\/\/micologica-barakaldo.org\/eu\/wp-json\/wp\/v2\/posts\/1080\/revisions\/1100"}],"wp:featuredmedia":[{"embeddable":true,"href":"https:\/\/micologica-barakaldo.org\/eu\/wp-json\/wp\/v2\/media\/1097"}],"wp:attachment":[{"href":"https:\/\/micologica-barakaldo.org\/eu\/wp-json\/wp\/v2\/media?parent=1080"}],"wp:term":[{"taxonomy":"category","embeddable":true,"href":"https:\/\/micologica-barakaldo.org\/eu\/wp-json\/wp\/v2\/categories?post=1080"},{"taxonomy":"post_tag","embeddable":true,"href":"https:\/\/micologica-barakaldo.org\/eu\/wp-json\/wp\/v2\/tags?post=1080"}],"curies":[{"name":"wp","href":"https:\/\/api.w.org\/{rel}","templated":true}]}}