{"id":11286,"date":"2025-02-10T23:30:00","date_gmt":"2025-02-10T22:30:00","guid":{"rendered":"https:\/\/micologica-barakaldo.org\/?p=11286"},"modified":"2025-02-10T23:30:00","modified_gmt":"2025-02-10T22:30:00","slug":"cortinarius-anomalochrascens","status":"publish","type":"post","link":"https:\/\/micologica-barakaldo.org\/eu\/cortinarius-anomalochrascens\/","title":{"rendered":"Cortinarius anomalochrascens"},"content":{"rendered":"<div class=\"fusion-fullwidth fullwidth-box fusion-builder-row-1 nonhundred-percent-fullwidth non-hundred-percent-height-scrolling\" style=\"--awb-border-radius-top-left:0px;--awb-border-radius-top-right:0px;--awb-border-radius-bottom-right:0px;--awb-border-radius-bottom-left:0px;--awb-padding-bottom:50px;--awb-flex-wrap:wrap;\" ><div class=\"fusion-builder-row fusion-row\"><div class=\"fusion-layout-column fusion_builder_column fusion-builder-column-0 fusion_builder_column_1_2 1_2 fusion-one-half fusion-column-first\" style=\"--awb-bg-size:cover;width:48%; margin-right: 4%;\"><div class=\"fusion-column-wrapper fusion-flex-column-wrapper-legacy\"><div class=\"fusion-text fusion-text-1\"><p>&nbsp;<\/p>\n<p style=\"text-align: justify;\"><strong><em>Cortinarius <\/em><\/strong><strong><em>anomalochrascens <\/em><\/strong>Chevassut &amp; Rob. Henry, <em>Doc. <\/em><em>Mycol<\/em>. 16(63-64): 84. 1986.<\/p>\n<p style=\"text-align: justify;\">Mycobank: <span style=\"color: #0000ff;\"><a style=\"color: #0000ff;\" href=\"https:\/\/www.mycobank.org\/MB\/129655\">129655<\/a><\/span><\/p>\n<p style=\"text-align: justify;\">Caracteres macrosc\u00f3picos<em>. Basidiomas<\/em> de tama\u00f1o medio. <em>P\u00edleo<\/em> de 40-80 mm de di\u00e1metro; poco carnoso, fr\u00e1gil; regular, subcampanulado convexo, despu\u00e9s plano convexo; margen con borde hacia abajo, luego recto; superficie pileica anexa, no desprendible, viscosa y brillante, lisa en la zona central y, en la zona marginal, con algunas fibrillas innatas; disco de color ocre amarillento y margen, que es algo higr\u00f3fano, de color m\u00e1s pardusco miel, luego el tono central se extiende por todo el p\u00edleo, que pasa a un tono beis arcilla o leonado suave. <em>L\u00e1minas<\/em> algo separadas; regulares; bastante anchas: hasta 5 mm; regularmente emarginado-escotadas; primero de color azulado blanquecino, p\u00e1lido, luego herrumbre canela suave; arista algo irregular, aserrada a veces, primero blanquecina, despu\u00e9s concolor, homog\u00e9nea. <em>Est\u00edpite<\/em> de 50-100 \u00d7 8-15 mm; macizo, pero delicado; furfur\u00e1ceo junto a las l\u00e1minas, el resto m\u00e1s liso, con rayaduras jaspeadas verticales, no se observan restos de velo y los de la cortina son tambi\u00e9n escasos; primero concolor a las l\u00e1minas, gris azulado blanquecino, algo ocrescente-pardescente, al final arcilla miel, con zonas brillantes. <em>Contexto<\/em> escaso, endeble; viol\u00e1ceo, luego crema en el p\u00edleo, m\u00e1s ocre-dorado en el est\u00edpite; olor y sabor no destacables.<\/p>\n<p style=\"text-align: justify;\"><em>Caracteres microsc\u00f3picos. Basidiosporas<\/em> de (10,3-) 11,8 \u00b1 0,92 (-13,4) \u00d7 (6,4-) 7,4 \u00b1 0,67 (-9,2) \u03bcm; Q = (1,4) 1,6 \u00b1 0,11 (1,8); elipsoides; ornamentaci\u00f3n densa, media o gruesa, algo rugosa. <em>Pileipellis<\/em> d\u00faplex, con las hifas de la superficie gelificadas, m\u00e1s o menos erectas, hialinas, con pigmento p\u00e1lido, de hasta x 5 \u00b5m; hifas del subcutis de hasta x20 \u00b5m, con pigmento incrustante marr\u00f3n.<\/p>\n<p style=\"text-align: justify;\">Ecolog\u00eda. En bosques oligotr\u00f3ficos-mesotr\u00f3ficos de <em>Picea abies <\/em>y m\u00e1s raramente<em> Pinus sylvestris<\/em>. Distribuci\u00f3n. Muy raro. RR. Fotograf\u00eda. Jos\u00e9 A. Mu\u00f1oz S\u00e1nchez.<\/p>\n<p style=\"text-align: justify;\">Citar como: CADI\u00d1ANOS, J.A. MU\u00d1OZ, J. A. (2024). <em>Cortinarius <\/em><em>anomalochrascens <\/em>Chevassut &amp; Rob. Henry, micol\u00f3gica-barakaldo.org [en l\u00ednea]. Fichas Micol\u00f3gicas, 921 (Actualizada el 10-II-2025). ISSN 2660-633X. [consultado el xx\/xx\/xxx] https:\/\/micologica-barakaldo.org\/Cortinarius-anomalochrascens\/<\/p>\n<\/div><div class=\"fusion-clearfix\"><\/div><\/div><\/div><div class=\"fusion-layout-column fusion_builder_column fusion-builder-column-1 fusion_builder_column_1_2 1_2 fusion-one-half fusion-column-last\" style=\"--awb-bg-size:cover;width:48%;\"><div class=\"fusion-column-wrapper fusion-flex-column-wrapper-legacy\"><div class=\"fusion-image-element in-legacy-container\" style=\"--awb-caption-title-font-family:var(--h2_typography-font-family);--awb-caption-title-font-weight:var(--h2_typography-font-weight);--awb-caption-title-font-style:var(--h2_typography-font-style);--awb-caption-title-size:var(--h2_typography-font-size);--awb-caption-title-transform:var(--h2_typography-text-transform);--awb-caption-title-line-height:var(--h2_typography-line-height);--awb-caption-title-letter-spacing:var(--h2_typography-letter-spacing);\"><span class=\" fusion-imageframe imageframe-none imageframe-1 hover-type-none\"><img loading=\"lazy\" decoding=\"async\" width=\"1204\" height=\"894\" title=\"Cortinarius anomalo-ochrascens_20170930_2889\" src=\"https:\/\/micologica-barakaldo.org\/wp-content\/uploads\/2025\/02\/Cortinarius-anomalo-ochrascens_20170930_2889.jpg\" alt class=\"img-responsive wp-image-11283\" srcset=\"https:\/\/micologica-barakaldo.org\/wp-content\/uploads\/2025\/02\/Cortinarius-anomalo-ochrascens_20170930_2889-200x149.jpg 200w, https:\/\/micologica-barakaldo.org\/wp-content\/uploads\/2025\/02\/Cortinarius-anomalo-ochrascens_20170930_2889-400x297.jpg 400w, https:\/\/micologica-barakaldo.org\/wp-content\/uploads\/2025\/02\/Cortinarius-anomalo-ochrascens_20170930_2889-600x446.jpg 600w, https:\/\/micologica-barakaldo.org\/wp-content\/uploads\/2025\/02\/Cortinarius-anomalo-ochrascens_20170930_2889-800x594.jpg 800w, https:\/\/micologica-barakaldo.org\/wp-content\/uploads\/2025\/02\/Cortinarius-anomalo-ochrascens_20170930_2889-1200x891.jpg 1200w, https:\/\/micologica-barakaldo.org\/wp-content\/uploads\/2025\/02\/Cortinarius-anomalo-ochrascens_20170930_2889.jpg 1204w\" sizes=\"auto, (max-width: 1024px) 100vw, 800px\" \/><\/span><\/div><div class=\"fusion-clearfix\"><\/div><\/div><\/div><div class=\"fusion-layout-column fusion_builder_column fusion-builder-column-2 fusion_builder_column_1_1 1_1 fusion-one-full fusion-column-first fusion-column-last\" style=\"--awb-padding-top:40px;--awb-bg-size:cover;\"><div class=\"fusion-column-wrapper fusion-flex-column-wrapper-legacy\"><div class=\"fusion-aligncenter\"><a class=\"fusion-button button-flat button-xlarge button-default fusion-button-default button-1 fusion-button-default-span fusion-button-default-type\" target=\"_self\" href=\"https:\/\/micologica-barakaldo.org\/wp-content\/uploads\/2025\/02\/Cortinarius-anomalo-ochrascens.pdf\"><i class=\"fa-file-pdf far awb-button__icon awb-button__icon--default button-icon-left\" aria-hidden=\"true\"><\/i><span class=\"fusion-button-text awb-button__text awb-button__text--default\">VER FICHA COMPLETA<\/span><\/a><\/div><div class=\"fusion-clearfix\"><\/div><\/div><\/div><\/div><\/div>\n","protected":false},"excerpt":{"rendered":"","protected":false},"author":2,"featured_media":11282,"comment_status":"open","ping_status":"closed","sticky":false,"template":"","format":"standard","meta":{"footnotes":"","jetpack_publicize_message":"","jetpack_publicize_feature_enabled":true,"jetpack_social_post_already_shared":true,"jetpack_social_options":{"image_generator_settings":{"template":"highway","default_image_id":0,"font":"","enabled":false},"version":2}},"categories":[7,30,6],"tags":[],"class_list":["post-11286","post","type-post","status-publish","format-standard","has-post-thumbnail","hentry","category-blog","category-fichas-micologicas-setas-c","category-fichas-micologicas"],"jetpack_publicize_connections":[],"jetpack_featured_media_url":"https:\/\/micologica-barakaldo.org\/wp-content\/uploads\/2025\/02\/Cortinarius-anomalo-ochrascens_20170930_2889.jpg","jetpack_shortlink":"https:\/\/wp.me\/p9dTSQ-2W2","_links":{"self":[{"href":"https:\/\/micologica-barakaldo.org\/eu\/wp-json\/wp\/v2\/posts\/11286","targetHints":{"allow":["GET"]}}],"collection":[{"href":"https:\/\/micologica-barakaldo.org\/eu\/wp-json\/wp\/v2\/posts"}],"about":[{"href":"https:\/\/micologica-barakaldo.org\/eu\/wp-json\/wp\/v2\/types\/post"}],"author":[{"embeddable":true,"href":"https:\/\/micologica-barakaldo.org\/eu\/wp-json\/wp\/v2\/users\/2"}],"replies":[{"embeddable":true,"href":"https:\/\/micologica-barakaldo.org\/eu\/wp-json\/wp\/v2\/comments?post=11286"}],"version-history":[{"count":2,"href":"https:\/\/micologica-barakaldo.org\/eu\/wp-json\/wp\/v2\/posts\/11286\/revisions"}],"predecessor-version":[{"id":11288,"href":"https:\/\/micologica-barakaldo.org\/eu\/wp-json\/wp\/v2\/posts\/11286\/revisions\/11288"}],"wp:featuredmedia":[{"embeddable":true,"href":"https:\/\/micologica-barakaldo.org\/eu\/wp-json\/wp\/v2\/media\/11282"}],"wp:attachment":[{"href":"https:\/\/micologica-barakaldo.org\/eu\/wp-json\/wp\/v2\/media?parent=11286"}],"wp:term":[{"taxonomy":"category","embeddable":true,"href":"https:\/\/micologica-barakaldo.org\/eu\/wp-json\/wp\/v2\/categories?post=11286"},{"taxonomy":"post_tag","embeddable":true,"href":"https:\/\/micologica-barakaldo.org\/eu\/wp-json\/wp\/v2\/tags?post=11286"}],"curies":[{"name":"wp","href":"https:\/\/api.w.org\/{rel}","templated":true}]}}