{"id":11549,"date":"2025-05-25T19:51:36","date_gmt":"2025-05-25T18:51:36","guid":{"rendered":"https:\/\/micologica-barakaldo.org\/?p=11549"},"modified":"2025-05-25T19:51:36","modified_gmt":"2025-05-25T18:51:36","slug":"cortinarius-decipiens","status":"publish","type":"post","link":"https:\/\/micologica-barakaldo.org\/eu\/cortinarius-decipiens\/","title":{"rendered":"Cortinarius decipiens"},"content":{"rendered":"<div class=\"fusion-fullwidth fullwidth-box fusion-builder-row-1 nonhundred-percent-fullwidth non-hundred-percent-height-scrolling\" style=\"--awb-border-radius-top-left:0px;--awb-border-radius-top-right:0px;--awb-border-radius-bottom-right:0px;--awb-border-radius-bottom-left:0px;--awb-padding-bottom:50px;--awb-flex-wrap:wrap;\" ><div class=\"fusion-builder-row fusion-row\"><div class=\"fusion-layout-column fusion_builder_column fusion-builder-column-0 fusion_builder_column_1_2 1_2 fusion-one-half fusion-column-first\" style=\"--awb-bg-size:cover;width:48%; margin-right: 4%;\"><div class=\"fusion-column-wrapper fusion-flex-column-wrapper-legacy\"><div class=\"fusion-text fusion-text-1\"><p>&nbsp;<\/p>\n<p style=\"text-align: justify;\"><strong><em>Cortinarius decipiens<\/em><\/strong><strong> (Pers.) Fr.<\/strong>, Epicr. Syst. Mycol.: 312. 1838 [\u201c1836-1838\u201d]<\/p>\n<p style=\"text-align: justify;\">Mycobank: <a href=\"https:\/\/www.mycobank.org\/MB\/224550\">\u00a0<span style=\"color: #0000ff;\">224550<\/span><\/a><\/p>\n<p style=\"text-align: justify;\">Caracteres macrosc\u00f3picos. <em>Basidiomas<\/em> peque\u00f1os. <em>P\u00edleo<\/em> peque\u00f1o, a veces mediano-peque\u00f1o, de hasta 40 mm; poco carnoso, salvo en el disco, delicado, pero no especialmente fr\u00e1gil; primero convexo con margen m\u00e1s o menos infracto, no enrollado, despu\u00e9s plano convexo o campanulado, con el disco c\u00f3nico o abultado y margen recto o hacia abajo; cut\u00edcula no separable, inconsistente, seca, fibrillosa, sin velo membranoso, con textura m\u00e1s ser\u00edcea-sedosa hacia el margen; poco higr\u00f3fano o, de serlo, lo es de forma singular, de manera que en h\u00famedo es pardo negruzco, casi negro a veces, y al secarse va adoptando tonos pardo arcilla y luego rojizos, muy caracter\u00edsticos, sin palidecer mucho. <em>L\u00e1minas<\/em> separadas; anchas: 5 mm; escotadas-uncinadas; pardo arcilla, luego pardo m\u00e1s oscuro y\/o canelas; arista entera, homog\u00e9nea, algo m\u00e1s clara. <em>Est\u00edpite<\/em> largo, de hasta 62 \u00d7 6 mm; hueco, fistuloso, algo fr\u00e1gil; cil\u00edndrico, un poco m\u00e1s hinchado en la base, fibrilloso, con brillo ser\u00edceo-sedoso, que se pierde algo con la manipulaci\u00f3n; cortina aracnosa escasa; primero blanquecino, luego arcilla sobre todo en la zona media, pudiendo observarse a veces brillos viol\u00e1ceos en la zona superior o la inferior. Contexto escaso, fr\u00e1gil; de color arcilla, m\u00e1s pardo oscuro en el disco del p\u00edleo y a veces en la base del est\u00edpite, seguramente dependiendo de un mayor grado de humedad; olor ligero rafanoide-madera, con cierto toque de geranio.<\/p>\n<p style=\"text-align: justify;\">Caracteres microsc\u00f3picos. <em>Basidiosporas<\/em> de (7,8) 8,6 \u00b1 0,54 (10,3) \u00d7 (5,0) 5,5 \u00b1 0,32 (6,4) \u00b5m; Q = (1,4) 1,5 \u00b1 0,1 (1,7); elipsoides a subamigdaloides; ornamentaci\u00f3n densa, fina-media, punteada, algo rugosa. <em>Pileipellis<\/em> d\u00faplex, compuesta de un cutis de espesor dif\u00edcil de apreciar, no gelificada, compuesta por hifas finas y largas, de 3-7 \u00b5m de grosor, cil\u00edndricas, septadas, fibuladas; con transici\u00f3n paulatina a una hipodermis espesa, de hifas algo m\u00e1s anchas, botuliformes, de 37,5 \u00d7 22,5 \u00b5m, Q = 1,67, y 38,6 \u00d7 19,4 \u00b5m, Q = 1,98 que solo llegan a ser globosas o esf\u00e9ricas hacia la parte superior del himenio.<\/p>\n<p style=\"text-align: justify;\">Ecolog\u00eda. En verano y oto\u00f1o, con <em>Populus tremula, Salix spp<\/em>. y <em>Betula spp<\/em>. Distribuci\u00f3n. Poco com\u00fan. E. Fotograf\u00eda Jos\u00e9 A. Mu\u00f1oz S\u00e1nchez.<\/p>\n<p style=\"text-align: justify;\">Citar como: CADI\u00d1ANOS, J.A. &amp; MU\u00d1OZ, J. A. (2025). <em>Cortinarius decipiens<\/em> (Pers.) Fr., micol\u00f3gica-barakaldo.org [en l\u00ednea]. Fichas Micol\u00f3gicas, 951 (Actualizada el 22-V-2025). ISSN 2660-633X. [consultado el xx\/xx\/xxx] <a href=\"https:\/\/micologica-barakaldo.org\/Cortinarius\">https:\/\/micologica-barakaldo.org\/Cortinarius<\/a> decipiens\/<\/p>\n<p style=\"text-align: justify;\">\u00a0<\/p>\n<p style=\"text-align: justify;\">\u00a0<\/p>\n<\/div><div class=\"fusion-clearfix\"><\/div><\/div><\/div><div class=\"fusion-layout-column fusion_builder_column fusion-builder-column-1 fusion_builder_column_1_2 1_2 fusion-one-half fusion-column-last\" style=\"--awb-bg-size:cover;width:48%;\"><div class=\"fusion-column-wrapper fusion-flex-column-wrapper-legacy\"><div class=\"fusion-image-element in-legacy-container\" style=\"--awb-caption-title-font-family:var(--h2_typography-font-family);--awb-caption-title-font-weight:var(--h2_typography-font-weight);--awb-caption-title-font-style:var(--h2_typography-font-style);--awb-caption-title-size:var(--h2_typography-font-size);--awb-caption-title-transform:var(--h2_typography-text-transform);--awb-caption-title-line-height:var(--h2_typography-line-height);--awb-caption-title-letter-spacing:var(--h2_typography-letter-spacing);\"><span class=\" fusion-imageframe imageframe-none imageframe-1 hover-type-none\"><img loading=\"lazy\" decoding=\"async\" width=\"1204\" height=\"899\" title=\"Cortinarius decipiens_2016102220_2218\" src=\"https:\/\/micologica-barakaldo.org\/wp-content\/uploads\/2025\/05\/Cortinarius-decipiens_2016102220_2218.jpg\" alt class=\"img-responsive wp-image-11548\" srcset=\"https:\/\/micologica-barakaldo.org\/wp-content\/uploads\/2025\/05\/Cortinarius-decipiens_2016102220_2218-200x149.jpg 200w, https:\/\/micologica-barakaldo.org\/wp-content\/uploads\/2025\/05\/Cortinarius-decipiens_2016102220_2218-400x299.jpg 400w, https:\/\/micologica-barakaldo.org\/wp-content\/uploads\/2025\/05\/Cortinarius-decipiens_2016102220_2218-600x448.jpg 600w, https:\/\/micologica-barakaldo.org\/wp-content\/uploads\/2025\/05\/Cortinarius-decipiens_2016102220_2218-800x597.jpg 800w, https:\/\/micologica-barakaldo.org\/wp-content\/uploads\/2025\/05\/Cortinarius-decipiens_2016102220_2218-1200x896.jpg 1200w, https:\/\/micologica-barakaldo.org\/wp-content\/uploads\/2025\/05\/Cortinarius-decipiens_2016102220_2218.jpg 1204w\" sizes=\"auto, (max-width: 1024px) 100vw, 800px\" \/><\/span><\/div><div class=\"fusion-clearfix\"><\/div><\/div><\/div><div class=\"fusion-layout-column fusion_builder_column fusion-builder-column-2 fusion_builder_column_1_1 1_1 fusion-one-full fusion-column-first fusion-column-last\" style=\"--awb-padding-top:40px;--awb-bg-size:cover;\"><div class=\"fusion-column-wrapper fusion-flex-column-wrapper-legacy\"><div class=\"fusion-aligncenter\"><a class=\"fusion-button button-flat button-xlarge button-default fusion-button-default button-1 fusion-button-default-span fusion-button-default-type\" target=\"_self\" href=\"https:\/\/micologica-barakaldo.org\/wp-content\/uploads\/2025\/05\/Cortinarius-decipiens.pdf\"><i class=\"fa-file-pdf far awb-button__icon awb-button__icon--default button-icon-left\" aria-hidden=\"true\"><\/i><span class=\"fusion-button-text awb-button__text awb-button__text--default\">VER FICHA COMPLETA<\/span><\/a><\/div><div class=\"fusion-clearfix\"><\/div><\/div><\/div><\/div><\/div>\n","protected":false},"excerpt":{"rendered":"","protected":false},"author":2,"featured_media":11547,"comment_status":"open","ping_status":"closed","sticky":false,"template":"","format":"standard","meta":{"footnotes":"","jetpack_publicize_message":"","jetpack_publicize_feature_enabled":true,"jetpack_social_post_already_shared":true,"jetpack_social_options":{"image_generator_settings":{"template":"highway","default_image_id":0,"font":"","enabled":false},"version":2}},"categories":[7,30,6],"tags":[],"class_list":["post-11549","post","type-post","status-publish","format-standard","has-post-thumbnail","hentry","category-blog","category-fichas-micologicas-setas-c","category-fichas-micologicas"],"jetpack_publicize_connections":[],"jetpack_featured_media_url":"https:\/\/micologica-barakaldo.org\/wp-content\/uploads\/2025\/05\/Cortinarius-decipiens_2016102220_2218.jpg","jetpack_shortlink":"https:\/\/wp.me\/p9dTSQ-30h","_links":{"self":[{"href":"https:\/\/micologica-barakaldo.org\/eu\/wp-json\/wp\/v2\/posts\/11549","targetHints":{"allow":["GET"]}}],"collection":[{"href":"https:\/\/micologica-barakaldo.org\/eu\/wp-json\/wp\/v2\/posts"}],"about":[{"href":"https:\/\/micologica-barakaldo.org\/eu\/wp-json\/wp\/v2\/types\/post"}],"author":[{"embeddable":true,"href":"https:\/\/micologica-barakaldo.org\/eu\/wp-json\/wp\/v2\/users\/2"}],"replies":[{"embeddable":true,"href":"https:\/\/micologica-barakaldo.org\/eu\/wp-json\/wp\/v2\/comments?post=11549"}],"version-history":[{"count":1,"href":"https:\/\/micologica-barakaldo.org\/eu\/wp-json\/wp\/v2\/posts\/11549\/revisions"}],"predecessor-version":[{"id":11550,"href":"https:\/\/micologica-barakaldo.org\/eu\/wp-json\/wp\/v2\/posts\/11549\/revisions\/11550"}],"wp:featuredmedia":[{"embeddable":true,"href":"https:\/\/micologica-barakaldo.org\/eu\/wp-json\/wp\/v2\/media\/11547"}],"wp:attachment":[{"href":"https:\/\/micologica-barakaldo.org\/eu\/wp-json\/wp\/v2\/media?parent=11549"}],"wp:term":[{"taxonomy":"category","embeddable":true,"href":"https:\/\/micologica-barakaldo.org\/eu\/wp-json\/wp\/v2\/categories?post=11549"},{"taxonomy":"post_tag","embeddable":true,"href":"https:\/\/micologica-barakaldo.org\/eu\/wp-json\/wp\/v2\/tags?post=11549"}],"curies":[{"name":"wp","href":"https:\/\/api.w.org\/{rel}","templated":true}]}}