{"id":11633,"date":"2025-07-02T21:09:38","date_gmt":"2025-07-02T20:09:38","guid":{"rendered":"https:\/\/micologica-barakaldo.org\/?p=11633"},"modified":"2025-07-02T21:09:38","modified_gmt":"2025-07-02T20:09:38","slug":"cortinarius-subbulliardioides","status":"publish","type":"post","link":"https:\/\/micologica-barakaldo.org\/eu\/cortinarius-subbulliardioides\/","title":{"rendered":"Cortinarius subbulliardioides"},"content":{"rendered":"<div class=\"fusion-fullwidth fullwidth-box fusion-builder-row-1 nonhundred-percent-fullwidth non-hundred-percent-height-scrolling\" style=\"--awb-border-radius-top-left:0px;--awb-border-radius-top-right:0px;--awb-border-radius-bottom-right:0px;--awb-border-radius-bottom-left:0px;--awb-padding-bottom:50px;--awb-flex-wrap:wrap;\" ><div class=\"fusion-builder-row fusion-row\"><div class=\"fusion-layout-column fusion_builder_column fusion-builder-column-0 fusion_builder_column_1_2 1_2 fusion-one-half fusion-column-first\" style=\"--awb-bg-size:cover;width:48%; margin-right: 4%;\"><div class=\"fusion-column-wrapper fusion-flex-column-wrapper-legacy\"><div class=\"fusion-text fusion-text-1\"><p>&nbsp;<\/p>\n<p style=\"text-align: justify;\"><strong><em>Cortinarius subbulliardioides<\/em><\/strong><strong> Rob. Henry<\/strong>, Bull. Trimestiel Soc. Mycol. France 85(4): 442. 1970 [1969]<\/p>\n<p style=\"text-align: justify;\">Mycobank: <span style=\"color: #3366ff;\"><a style=\"color: #3366ff;\" href=\"https:\/\/www.mycobank.org\/MB\/312150\">312150<\/a><\/span><\/p>\n<p style=\"text-align: justify;\">Caracteres macrosc\u00f3picos. <em>Basidiomas<\/em> de tama\u00f1o grande y aspecto robusto. <em>P\u00edleo<\/em> de hasta 40-100 mm, carnoso, primero campanulado, plano o incluso c\u00f3ncavo al final; superficie pileica finamente escamosa al menos en la mitad marginal; margen ondulado-lobado; color arcilla rojizo, poco o nada higr\u00f3fano. <em>L\u00e1minas<\/em> algo separadas; uncinadas; de color canela; lisas, no venosas; arista concolor, no blanquecina. <em>Est\u00edpite<\/em> de 40 \u00d7 110 x 10-15 mm, grueso, claviforme; relativamente liso, con ligeras trazas herrumbres de cortina y con restos fibrillosos, poco conspicuos, de velo pardusco; color arcilla blanquecino, base blancuzca. <em>Contexto<\/em>. abundante; color arcilla, m\u00e1s blanquecino en el p\u00edleo y m\u00e1s pardusco en la base del est\u00edpite; olor banal, ligero. Reacciones macroqu\u00edmicas: Tintura de Guayaco = nula.<\/p>\n<p style=\"text-align: justify;\">Caracteres microsc\u00f3picos. <em>Basidiospora<\/em>s de (8,5) 9,5 \u00b1 0,85 (11,1) \u00d7 (5,1) 5,8 \u00b1 0,33 (6,4) \u03bcm; Q = (1,4) 1,6 \u00b1 0,1 (1,9); elipsoides, ornamentaci\u00f3n no muy densa, baja, apenas rugosa. <em>Pileipellis<\/em> no observada.<\/p>\n<p style=\"text-align: justify;\">Ecolog\u00eda. En verano en bosques de frondosas y de con\u00edferas. Distribuci\u00f3n. Muy raro. RR. \u00a0Fotograf\u00eda. Jos\u00e9 A Mu\u00f1oz S\u00e1nchez.<\/p>\n<p style=\"text-align: justify;\">\u00a0<\/p>\n<p style=\"text-align: justify;\">\u00a0<\/p>\n<\/div><div class=\"fusion-clearfix\"><\/div><\/div><\/div><div class=\"fusion-layout-column fusion_builder_column fusion-builder-column-1 fusion_builder_column_1_2 1_2 fusion-one-half fusion-column-last\" style=\"--awb-bg-size:cover;width:48%;\"><div class=\"fusion-column-wrapper fusion-flex-column-wrapper-legacy\"><div class=\"fusion-image-element in-legacy-container\" style=\"--awb-caption-title-font-family:var(--h2_typography-font-family);--awb-caption-title-font-weight:var(--h2_typography-font-weight);--awb-caption-title-font-style:var(--h2_typography-font-style);--awb-caption-title-size:var(--h2_typography-font-size);--awb-caption-title-transform:var(--h2_typography-text-transform);--awb-caption-title-line-height:var(--h2_typography-line-height);--awb-caption-title-letter-spacing:var(--h2_typography-letter-spacing);\"><span class=\" fusion-imageframe imageframe-none imageframe-1 hover-type-none\"><img loading=\"lazy\" decoding=\"async\" width=\"1204\" height=\"875\" title=\"Cortinarius subbulliardoides_2016100701_2021\" src=\"https:\/\/micologica-barakaldo.org\/wp-content\/uploads\/2025\/07\/Cortinarius-subbulliardoides_2016100701_2021.jpg\" alt class=\"img-responsive wp-image-11632\" srcset=\"https:\/\/micologica-barakaldo.org\/wp-content\/uploads\/2025\/07\/Cortinarius-subbulliardoides_2016100701_2021-200x145.jpg 200w, https:\/\/micologica-barakaldo.org\/wp-content\/uploads\/2025\/07\/Cortinarius-subbulliardoides_2016100701_2021-400x291.jpg 400w, https:\/\/micologica-barakaldo.org\/wp-content\/uploads\/2025\/07\/Cortinarius-subbulliardoides_2016100701_2021-600x436.jpg 600w, https:\/\/micologica-barakaldo.org\/wp-content\/uploads\/2025\/07\/Cortinarius-subbulliardoides_2016100701_2021-800x581.jpg 800w, https:\/\/micologica-barakaldo.org\/wp-content\/uploads\/2025\/07\/Cortinarius-subbulliardoides_2016100701_2021-1200x872.jpg 1200w, https:\/\/micologica-barakaldo.org\/wp-content\/uploads\/2025\/07\/Cortinarius-subbulliardoides_2016100701_2021.jpg 1204w\" sizes=\"auto, (max-width: 1024px) 100vw, 800px\" \/><\/span><\/div><div class=\"fusion-clearfix\"><\/div><\/div><\/div><div class=\"fusion-layout-column fusion_builder_column fusion-builder-column-2 fusion_builder_column_1_1 1_1 fusion-one-full fusion-column-first fusion-column-last\" style=\"--awb-padding-top:40px;--awb-bg-size:cover;\"><div class=\"fusion-column-wrapper fusion-flex-column-wrapper-legacy\"><div class=\"fusion-aligncenter\"><a class=\"fusion-button button-flat button-xlarge button-default fusion-button-default button-1 fusion-button-default-span fusion-button-default-type\" target=\"_self\" href=\"https:\/\/micologica-barakaldo.org\/wp-content\/uploads\/2025\/07\/Cortinarius-subbulliardoides.pdf\"><i class=\"fa-file-pdf far awb-button__icon awb-button__icon--default button-icon-left\" aria-hidden=\"true\"><\/i><span class=\"fusion-button-text awb-button__text awb-button__text--default\">VER FICHA COMPLETA<\/span><\/a><\/div><div class=\"fusion-clearfix\"><\/div><\/div><\/div><\/div><\/div>\n","protected":false},"excerpt":{"rendered":"","protected":false},"author":2,"featured_media":11631,"comment_status":"open","ping_status":"closed","sticky":false,"template":"","format":"standard","meta":{"footnotes":"","jetpack_publicize_message":"","jetpack_publicize_feature_enabled":true,"jetpack_social_post_already_shared":true,"jetpack_social_options":{"image_generator_settings":{"template":"highway","default_image_id":0,"font":"","enabled":false},"version":2}},"categories":[7,30,6],"tags":[],"class_list":["post-11633","post","type-post","status-publish","format-standard","has-post-thumbnail","hentry","category-blog","category-fichas-micologicas-setas-c","category-fichas-micologicas"],"jetpack_publicize_connections":[],"jetpack_featured_media_url":"https:\/\/micologica-barakaldo.org\/wp-content\/uploads\/2025\/07\/Cortinarius-subbulliardoides_2016100701_2021.jpg","jetpack_shortlink":"https:\/\/wp.me\/p9dTSQ-31D","_links":{"self":[{"href":"https:\/\/micologica-barakaldo.org\/eu\/wp-json\/wp\/v2\/posts\/11633","targetHints":{"allow":["GET"]}}],"collection":[{"href":"https:\/\/micologica-barakaldo.org\/eu\/wp-json\/wp\/v2\/posts"}],"about":[{"href":"https:\/\/micologica-barakaldo.org\/eu\/wp-json\/wp\/v2\/types\/post"}],"author":[{"embeddable":true,"href":"https:\/\/micologica-barakaldo.org\/eu\/wp-json\/wp\/v2\/users\/2"}],"replies":[{"embeddable":true,"href":"https:\/\/micologica-barakaldo.org\/eu\/wp-json\/wp\/v2\/comments?post=11633"}],"version-history":[{"count":1,"href":"https:\/\/micologica-barakaldo.org\/eu\/wp-json\/wp\/v2\/posts\/11633\/revisions"}],"predecessor-version":[{"id":11634,"href":"https:\/\/micologica-barakaldo.org\/eu\/wp-json\/wp\/v2\/posts\/11633\/revisions\/11634"}],"wp:featuredmedia":[{"embeddable":true,"href":"https:\/\/micologica-barakaldo.org\/eu\/wp-json\/wp\/v2\/media\/11631"}],"wp:attachment":[{"href":"https:\/\/micologica-barakaldo.org\/eu\/wp-json\/wp\/v2\/media?parent=11633"}],"wp:term":[{"taxonomy":"category","embeddable":true,"href":"https:\/\/micologica-barakaldo.org\/eu\/wp-json\/wp\/v2\/categories?post=11633"},{"taxonomy":"post_tag","embeddable":true,"href":"https:\/\/micologica-barakaldo.org\/eu\/wp-json\/wp\/v2\/tags?post=11633"}],"curies":[{"name":"wp","href":"https:\/\/api.w.org\/{rel}","templated":true}]}}