{"id":11807,"date":"2025-08-26T22:03:22","date_gmt":"2025-08-26T21:03:22","guid":{"rendered":"https:\/\/micologica-barakaldo.org\/?p=11807"},"modified":"2025-08-26T22:03:22","modified_gmt":"2025-08-26T21:03:22","slug":"thelephora-anthocephala","status":"publish","type":"post","link":"https:\/\/micologica-barakaldo.org\/eu\/thelephora-anthocephala\/","title":{"rendered":"Thelephora anthocephala"},"content":{"rendered":"<div class=\"fusion-fullwidth fullwidth-box fusion-builder-row-1 nonhundred-percent-fullwidth non-hundred-percent-height-scrolling\" style=\"--awb-border-radius-top-left:0px;--awb-border-radius-top-right:0px;--awb-border-radius-bottom-right:0px;--awb-border-radius-bottom-left:0px;--awb-padding-bottom:50px;--awb-flex-wrap:wrap;\" ><div class=\"fusion-builder-row fusion-row\"><div class=\"fusion-layout-column fusion_builder_column fusion-builder-column-0 fusion_builder_column_1_2 1_2 fusion-one-half fusion-column-first\" style=\"--awb-bg-size:cover;width:48%; margin-right: 4%;\"><div class=\"fusion-column-wrapper fusion-flex-column-wrapper-legacy\"><div class=\"fusion-text fusion-text-1\"><p>&nbsp;<\/p>\n<p style=\"text-align: justify;\"><strong><em>Thelephora anthocephala<\/em><\/strong><strong> (Bull.) Fr<\/strong>., Epicrisis Systematis Mycologici: 535. 1838<\/p>\n<p style=\"text-align: justify;\">Mycobank: <a href=\"https:\/\/www.mycobank.org\/MB\/162775\">162775<\/a><\/p>\n<p style=\"text-align: justify;\">Caracteres macrosc\u00f3picos. <em>Basidiomas<\/em> anuales, ramificados y coraloides, de 30-60 \u00d7 20-50 mm. Ramificaciones son dic\u00f3tomas o polic\u00f3tomas, en V, ramas cil\u00edndricas o aplanadas en el \u00e1pice e incluso en esp\u00e1tula, de color primero blanquecino sobre todo en la parte alta, grises o pardo-gris\u00e1ceas. <em>Himen\u00f3foro<\/em> situado en las ramificaciones, anf\u00edgeno, liso, blanquecino, gris\u00e1ceo o pardo-gris\u00e1ceo. <em>Est\u00edpite<\/em> rudimentario, de 8-15 mm, liso, concolor con las ramas. <em>Contexto<\/em> firme, cori\u00e1ceo, incluso el\u00e1stico; olor y sabor nada destacables.<\/p>\n<p style=\"text-align: justify;\">Caracteres microsc\u00f3picos. <em>Basidiosporas<\/em> de (7,5-) 8,2 \u00b1 0,62 (-9,1) \u00d7 (4,0-) 4,5 \u00b1 0,37 (-5,1); Q = 1,8 \u00b1 0,1; elipsoides o irregulares, con espinas c\u00f3nicas, pardas. <em>Basidios<\/em> de hasta 60 \u00d7 9 \u00b5m, claviformes, tetrasp\u00f3ricos, juntas con f\u00edbulas. <em>Sistema de hifas<\/em> monom\u00edtico: hifas generativas del contexto subparalelas, con pared delgada, de hasta \u00d75 \u00b5m, juntas con f\u00edbulas.<\/p>\n<p style=\"text-align: justify;\">Ecolog\u00eda. En verano y oto\u00f1o, en bosques de planifolios, sobre todo <em>Quercus sp<\/em>., Distribuci\u00f3n. Poco frecuente, R. Fotograf\u00eda. Jos\u00e9 A. Mu\u00f1oz S\u00e1nchez.<\/p>\n<p style=\"text-align: justify;\">Citar como: MU\u00d1OZ, J. A. (2025). <em>Thelephora anthocephala<\/em> (Bull.) Fr., micol\u00f3gica-barakaldo.org [en l\u00ednea]. Fichas Micol\u00f3gicas, 965 (Actualizada el 26-VIII-2025). ISSN 2660-633X. [consultado el xx\/xx\/xxx] https:\/\/micologica-barakaldo.org\/Thelephora-anthocephala\/<\/p>\n<\/div><div class=\"fusion-clearfix\"><\/div><\/div><\/div><div class=\"fusion-layout-column fusion_builder_column fusion-builder-column-1 fusion_builder_column_1_2 1_2 fusion-one-half fusion-column-last\" style=\"--awb-bg-size:cover;width:48%;\"><div class=\"fusion-column-wrapper fusion-flex-column-wrapper-legacy\"><div class=\"fusion-image-element in-legacy-container\" style=\"--awb-caption-title-font-family:var(--h2_typography-font-family);--awb-caption-title-font-weight:var(--h2_typography-font-weight);--awb-caption-title-font-style:var(--h2_typography-font-style);--awb-caption-title-size:var(--h2_typography-font-size);--awb-caption-title-transform:var(--h2_typography-text-transform);--awb-caption-title-line-height:var(--h2_typography-line-height);--awb-caption-title-letter-spacing:var(--h2_typography-letter-spacing);\"><span class=\" fusion-imageframe imageframe-none imageframe-1 hover-type-none\"><img loading=\"lazy\" decoding=\"async\" width=\"1209\" height=\"854\" title=\"Thelephora anthocephala_20250809_9747\" src=\"https:\/\/micologica-barakaldo.org\/wp-content\/uploads\/2025\/08\/Thelephora-anthocephala_20250809_9747.jpg\" alt class=\"img-responsive wp-image-11804\" srcset=\"https:\/\/micologica-barakaldo.org\/wp-content\/uploads\/2025\/08\/Thelephora-anthocephala_20250809_9747-200x141.jpg 200w, https:\/\/micologica-barakaldo.org\/wp-content\/uploads\/2025\/08\/Thelephora-anthocephala_20250809_9747-400x283.jpg 400w, https:\/\/micologica-barakaldo.org\/wp-content\/uploads\/2025\/08\/Thelephora-anthocephala_20250809_9747-600x424.jpg 600w, https:\/\/micologica-barakaldo.org\/wp-content\/uploads\/2025\/08\/Thelephora-anthocephala_20250809_9747-800x565.jpg 800w, https:\/\/micologica-barakaldo.org\/wp-content\/uploads\/2025\/08\/Thelephora-anthocephala_20250809_9747-1200x848.jpg 1200w, https:\/\/micologica-barakaldo.org\/wp-content\/uploads\/2025\/08\/Thelephora-anthocephala_20250809_9747.jpg 1209w\" sizes=\"auto, (max-width: 1024px) 100vw, 800px\" \/><\/span><\/div><div class=\"fusion-clearfix\"><\/div><\/div><\/div><div class=\"fusion-layout-column fusion_builder_column fusion-builder-column-2 fusion_builder_column_1_1 1_1 fusion-one-full fusion-column-first fusion-column-last\" style=\"--awb-padding-top:40px;--awb-bg-size:cover;\"><div class=\"fusion-column-wrapper fusion-flex-column-wrapper-legacy\"><div class=\"fusion-aligncenter\"><a class=\"fusion-button button-flat button-xlarge button-default fusion-button-default button-1 fusion-button-default-span fusion-button-default-type\" target=\"_self\" href=\"https:\/\/micologica-barakaldo.org\/wp-content\/uploads\/2025\/08\/Thelephora-anthocephala.pdf\"><i class=\"fa-file-pdf far awb-button__icon awb-button__icon--default button-icon-left\" aria-hidden=\"true\"><\/i><span class=\"fusion-button-text awb-button__text awb-button__text--default\">VER FICHA COMPLETA<\/span><\/a><\/div><div class=\"fusion-clearfix\"><\/div><\/div><\/div><\/div><\/div>\n","protected":false},"excerpt":{"rendered":"","protected":false},"author":2,"featured_media":11803,"comment_status":"open","ping_status":"closed","sticky":false,"template":"","format":"standard","meta":{"footnotes":"","jetpack_publicize_message":"","jetpack_publicize_feature_enabled":true,"jetpack_social_post_already_shared":true,"jetpack_social_options":{"image_generator_settings":{"template":"highway","default_image_id":0,"font":"","enabled":false},"version":2}},"categories":[7,6,47],"tags":[],"class_list":["post-11807","post","type-post","status-publish","format-standard","has-post-thumbnail","hentry","category-blog","category-fichas-micologicas","category-fichas-micologicas-setas-t"],"jetpack_publicize_connections":[],"jetpack_featured_media_url":"https:\/\/micologica-barakaldo.org\/wp-content\/uploads\/2025\/08\/Thelephora-anthocephala_20250809_9747.jpg","jetpack_shortlink":"https:\/\/wp.me\/p9dTSQ-34r","_links":{"self":[{"href":"https:\/\/micologica-barakaldo.org\/eu\/wp-json\/wp\/v2\/posts\/11807","targetHints":{"allow":["GET"]}}],"collection":[{"href":"https:\/\/micologica-barakaldo.org\/eu\/wp-json\/wp\/v2\/posts"}],"about":[{"href":"https:\/\/micologica-barakaldo.org\/eu\/wp-json\/wp\/v2\/types\/post"}],"author":[{"embeddable":true,"href":"https:\/\/micologica-barakaldo.org\/eu\/wp-json\/wp\/v2\/users\/2"}],"replies":[{"embeddable":true,"href":"https:\/\/micologica-barakaldo.org\/eu\/wp-json\/wp\/v2\/comments?post=11807"}],"version-history":[{"count":1,"href":"https:\/\/micologica-barakaldo.org\/eu\/wp-json\/wp\/v2\/posts\/11807\/revisions"}],"predecessor-version":[{"id":11808,"href":"https:\/\/micologica-barakaldo.org\/eu\/wp-json\/wp\/v2\/posts\/11807\/revisions\/11808"}],"wp:featuredmedia":[{"embeddable":true,"href":"https:\/\/micologica-barakaldo.org\/eu\/wp-json\/wp\/v2\/media\/11803"}],"wp:attachment":[{"href":"https:\/\/micologica-barakaldo.org\/eu\/wp-json\/wp\/v2\/media?parent=11807"}],"wp:term":[{"taxonomy":"category","embeddable":true,"href":"https:\/\/micologica-barakaldo.org\/eu\/wp-json\/wp\/v2\/categories?post=11807"},{"taxonomy":"post_tag","embeddable":true,"href":"https:\/\/micologica-barakaldo.org\/eu\/wp-json\/wp\/v2\/tags?post=11807"}],"curies":[{"name":"wp","href":"https:\/\/api.w.org\/{rel}","templated":true}]}}