{"id":11838,"date":"2025-09-09T19:09:57","date_gmt":"2025-09-09T18:09:57","guid":{"rendered":"https:\/\/micologica-barakaldo.org\/?p=11838"},"modified":"2025-09-09T19:11:36","modified_gmt":"2025-09-09T18:11:36","slug":"50-aniversario-sociedad-micologica-barakaldo","status":"publish","type":"post","link":"https:\/\/micologica-barakaldo.org\/eu\/50-aniversario-sociedad-micologica-barakaldo\/","title":{"rendered":"50 ANIVERSARIO SOCIEDAD MICOLOGICA BARAKALDO"},"content":{"rendered":"<p style=\"text-align: center;\">\u00a0<\/p>\n<p>&nbsp;<\/p>\n<p>La <strong>Sociedad Micol\u00f3gica Barakaldo<\/strong> es una de las Sociedades Micol\u00f3gicas m\u00e1s veteranas existentes en el Pa\u00eds Vasco.<\/p>\n<p>Desde su fundaci\u00f3n, en el a\u00f1o <strong>1975<\/strong>, y hasta hoy, ha sabido mantener a su alrededor y alentar, a todo un variado colectivo de aficionados a la Micolog\u00eda.<\/p>\n<p>Los <strong>Objetivos<\/strong> de la Sociedad Micol\u00f3gica Barakaldo son:<\/p>\n<ul>\n<li>Fomentar la <strong>afici\u00f3n a las Ciencias Naturales<\/strong>, principalmente la <strong>Micolog\u00eda<\/strong>,<\/li>\n<li>Su <strong>estudio cient\u00edfico<\/strong>, desde el \u00e1mbito de la Ciencia Cuidadana, con el fin de aportar trabajos especializados que contribuyan a un mejor conocimiento de la Naturaleza,<\/li>\n<li>Compromiso, en la medida de sus posibilidades, en la <strong>defensa del Medio Ambiente<\/strong>, colaborando en todo tipo de actividades apol\u00edticas encaminadas a este fin.<\/li>\n<\/ul>\n<p>Para ello, han sido muchas las <strong>actividades e iniciativas<\/strong> puestas en marcha: Los lunes micol\u00f3gicos, Salidas Micol\u00f3gicas, Cursos y Talleres de iniciaci\u00f3n a la Micolog\u00eda, charlas y conferencias, participaciones en otras exposiciones, Paneles did\u00e1cticos sobre Micolog\u00eda, libros y trabajos de investigaci\u00f3n, etc.<\/p>\n<p>Este a\u00f1o cumplimos nuestro <strong>50 Aniversario<\/strong>, una efem\u00e9ride que queremos celebrar como se merece. Para ello, hemos preparado una serie de actividades que resumimos a continuaci\u00f3n:<\/p>\n<p><img loading=\"lazy\" decoding=\"async\" class=\"wp-image-11834 aligncenter\" src=\"https:\/\/micologica-barakaldo.org\/wp-content\/uploads\/2025\/09\/cartel_Din-A3_web-800x1127.jpg\" alt=\"\" width=\"545\" height=\"768\" srcset=\"https:\/\/micologica-barakaldo.org\/wp-content\/uploads\/2025\/09\/cartel_Din-A3_web-66x93.jpg 66w, https:\/\/micologica-barakaldo.org\/wp-content\/uploads\/2025\/09\/cartel_Din-A3_web-177x249.jpg 177w, https:\/\/micologica-barakaldo.org\/wp-content\/uploads\/2025\/09\/cartel_Din-A3_web-200x282.jpg 200w, https:\/\/micologica-barakaldo.org\/wp-content\/uploads\/2025\/09\/cartel_Din-A3_web-213x300.jpg 213w, https:\/\/micologica-barakaldo.org\/wp-content\/uploads\/2025\/09\/cartel_Din-A3_web-300x422.jpg 300w, https:\/\/micologica-barakaldo.org\/wp-content\/uploads\/2025\/09\/cartel_Din-A3_web-320x451.jpg 320w, https:\/\/micologica-barakaldo.org\/wp-content\/uploads\/2025\/09\/cartel_Din-A3_web-400x563.jpg 400w, https:\/\/micologica-barakaldo.org\/wp-content\/uploads\/2025\/09\/cartel_Din-A3_web-460x648.jpg 460w, https:\/\/micologica-barakaldo.org\/wp-content\/uploads\/2025\/09\/cartel_Din-A3_web-540x760.jpg 540w, https:\/\/micologica-barakaldo.org\/wp-content\/uploads\/2025\/09\/cartel_Din-A3_web-600x845.jpg 600w, https:\/\/micologica-barakaldo.org\/wp-content\/uploads\/2025\/09\/cartel_Din-A3_web-669x942.jpg 669w, https:\/\/micologica-barakaldo.org\/wp-content\/uploads\/2025\/09\/cartel_Din-A3_web-700x986.jpg 700w, https:\/\/micologica-barakaldo.org\/wp-content\/uploads\/2025\/09\/cartel_Din-A3_web-768x1082.jpg 768w, https:\/\/micologica-barakaldo.org\/wp-content\/uploads\/2025\/09\/cartel_Din-A3_web-800x1127.jpg 800w, https:\/\/micologica-barakaldo.org\/wp-content\/uploads\/2025\/09\/cartel_Din-A3_web-940x1324.jpg 940w, https:\/\/micologica-barakaldo.org\/wp-content\/uploads\/2025\/09\/cartel_Din-A3_web-1091x1536.jpg 1091w, https:\/\/micologica-barakaldo.org\/wp-content\/uploads\/2025\/09\/cartel_Din-A3_web-1200x1690.jpg 1200w, https:\/\/micologica-barakaldo.org\/wp-content\/uploads\/2025\/09\/cartel_Din-A3_web-1454x2048.jpg 1454w, https:\/\/micologica-barakaldo.org\/wp-content\/uploads\/2025\/09\/cartel_Din-A3_web.jpg 1778w\" sizes=\"auto, (max-width: 545px) 100vw, 545px\" \/><\/p>\n<p>&nbsp;<\/p>\n<ul>\n<li><strong>\u201cPresentaci\u00f3n actos 50 Aniversario\u201d,<\/strong> en la que mostraremos a los socios, aficionados y medios de comunicaci\u00f3n todas las actividades programadas. Est\u00e1 prevista para el lunes 29 de septiembre a las 19:00 en el <strong>Centro Cultural Clara Campoamor<\/strong>. Si hubiese alg\u00fan cambio de fecha y lugar os lo comunicaremos oportunamente. Es un acto abierto hasta cubrir aforo.<\/li>\n<\/ul>\n<p>&nbsp;<\/p>\n<ul>\n<li><strong>Curso \u201cIniciaci\u00f3n a la Micolog\u00eda\u201d, <\/strong>destinado a aficionados que quieran empezar a dar los primeros pasos en el estudio de la Micolog\u00eda. Se impartir\u00e1 el 1 y 2 de octubre de 19:00 a 21:00 horas en el <strong>Centro Cultural Clara Campoamor<\/strong><strong>. <\/strong>Quien est\u00e9 interesado, puede solicitar su inscripci\u00f3n enviando un correo a <a href=\"mailto:micologica@micologica-barakaldo.org\">micologica@micologica-barakaldo.org<\/a>. Las plazas son limitadas, 15 personas, y con preferencia a los socios. Las plazas que no se cubran con socios, se cubrir\u00e1n con solicitantes no socios por estricto orden de inscripci\u00f3n. La fecha l\u00edmite para inscribirse es el viernes 26 de septiembre.<\/li>\n<\/ul>\n<p><img loading=\"lazy\" decoding=\"async\" class=\"wp-image-11768 aligncenter\" src=\"https:\/\/micologica-barakaldo.org\/wp-content\/uploads\/2025\/08\/taller-micocologia-800x450.jpg\" alt=\"\" width=\"373\" height=\"210\" srcset=\"https:\/\/micologica-barakaldo.org\/wp-content\/uploads\/2025\/08\/taller-micocologia-66x37.jpg 66w, https:\/\/micologica-barakaldo.org\/wp-content\/uploads\/2025\/08\/taller-micocologia-177x100.jpg 177w, https:\/\/micologica-barakaldo.org\/wp-content\/uploads\/2025\/08\/taller-micocologia-200x113.jpg 200w, https:\/\/micologica-barakaldo.org\/wp-content\/uploads\/2025\/08\/taller-micocologia-300x169.jpg 300w, https:\/\/micologica-barakaldo.org\/wp-content\/uploads\/2025\/08\/taller-micocologia-320x180.jpg 320w, https:\/\/micologica-barakaldo.org\/wp-content\/uploads\/2025\/08\/taller-micocologia-400x225.jpg 400w, https:\/\/micologica-barakaldo.org\/wp-content\/uploads\/2025\/08\/taller-micocologia-460x259.jpg 460w, https:\/\/micologica-barakaldo.org\/wp-content\/uploads\/2025\/08\/taller-micocologia-540x304.jpg 540w, https:\/\/micologica-barakaldo.org\/wp-content\/uploads\/2025\/08\/taller-micocologia-600x338.jpg 600w, https:\/\/micologica-barakaldo.org\/wp-content\/uploads\/2025\/08\/taller-micocologia-669x377.jpg 669w, https:\/\/micologica-barakaldo.org\/wp-content\/uploads\/2025\/08\/taller-micocologia-700x394.jpg 700w, https:\/\/micologica-barakaldo.org\/wp-content\/uploads\/2025\/08\/taller-micocologia-768x432.jpg 768w, https:\/\/micologica-barakaldo.org\/wp-content\/uploads\/2025\/08\/taller-micocologia-800x450.jpg 800w, https:\/\/micologica-barakaldo.org\/wp-content\/uploads\/2025\/08\/taller-micocologia.jpg 922w\" sizes=\"auto, (max-width: 373px) 100vw, 373px\" \/><\/p>\n<ul>\n<li><strong>Excursi\u00f3n Micol\u00f3gica: \u201cA por Setas en Barakaldo\u201d, <\/strong>salida por los montes de Barakaldo para conocer su riqueza micol\u00f3gica. Se realizar\u00e1 el s\u00e1bado 4 de octubre y est\u00e1 previsto que dure de 09:00 a 14:00. Oportunamente comunicaremos los puntos de reuni\u00f3n para realizar los recorridos previstos. Quien est\u00e9 interesado, puede solicitar su inscripci\u00f3n enviando un correo a <a href=\"mailto:micologica@micologica-barakaldo.org\">micologica@micologica-barakaldo.org<\/a>. Las plazas son limitadas, 20 personas, y con preferencia a los socios. Las plazas que no se cubran con socios, se cubrir\u00e1n con solicitantes no socios por estricto orden de inscripci\u00f3n. La fecha l\u00edmite para inscribirse es el viernes 26 de septiembre.<\/li>\n<\/ul>\n<p><img loading=\"lazy\" decoding=\"async\" class=\"wp-image-11765 aligncenter\" src=\"https:\/\/micologica-barakaldo.org\/wp-content\/uploads\/2025\/08\/barakaldo-micologia-800x600.jpg\" alt=\"\" width=\"379\" height=\"284\" srcset=\"https:\/\/micologica-barakaldo.org\/wp-content\/uploads\/2025\/08\/barakaldo-micologia-66x49.jpg 66w, https:\/\/micologica-barakaldo.org\/wp-content\/uploads\/2025\/08\/barakaldo-micologia-177x133.jpg 177w, https:\/\/micologica-barakaldo.org\/wp-content\/uploads\/2025\/08\/barakaldo-micologia-200x150.jpg 200w, https:\/\/micologica-barakaldo.org\/wp-content\/uploads\/2025\/08\/barakaldo-micologia-300x225.jpg 300w, https:\/\/micologica-barakaldo.org\/wp-content\/uploads\/2025\/08\/barakaldo-micologia-320x240.jpg 320w, https:\/\/micologica-barakaldo.org\/wp-content\/uploads\/2025\/08\/barakaldo-micologia-400x300.jpg 400w, https:\/\/micologica-barakaldo.org\/wp-content\/uploads\/2025\/08\/barakaldo-micologia-460x345.jpg 460w, https:\/\/micologica-barakaldo.org\/wp-content\/uploads\/2025\/08\/barakaldo-micologia-540x405.jpg 540w, https:\/\/micologica-barakaldo.org\/wp-content\/uploads\/2025\/08\/barakaldo-micologia-600x450.jpg 600w, https:\/\/micologica-barakaldo.org\/wp-content\/uploads\/2025\/08\/barakaldo-micologia-669x502.jpg 669w, https:\/\/micologica-barakaldo.org\/wp-content\/uploads\/2025\/08\/barakaldo-micologia-700x525.jpg 700w, https:\/\/micologica-barakaldo.org\/wp-content\/uploads\/2025\/08\/barakaldo-micologia-768x576.jpg 768w, https:\/\/micologica-barakaldo.org\/wp-content\/uploads\/2025\/08\/barakaldo-micologia-800x600.jpg 800w, https:\/\/micologica-barakaldo.org\/wp-content\/uploads\/2025\/08\/barakaldo-micologia-940x705.jpg 940w, https:\/\/micologica-barakaldo.org\/wp-content\/uploads\/2025\/08\/barakaldo-micologia-1200x900.jpg 1200w, https:\/\/micologica-barakaldo.org\/wp-content\/uploads\/2025\/08\/barakaldo-micologia.jpg 1406w\" sizes=\"auto, (max-width: 379px) 100vw, 379px\" \/><\/p>\n<ul>\n<li><strong>Exposici\u00f3n retrospectiva: \u201c50 A\u00f1os de Micolog\u00eda en Barakaldo\u201d <\/strong>en la que mostraremos toda nuestra historia desde 1975. Estar\u00e1 abierta del 29 de septiembre al 11 de octubre en horario de 10:00 a 21:00 en el <strong>Centro Cultural Clara Campoamor<\/strong>. La entrada es libre<\/li>\n<\/ul>\n<p>&nbsp;<\/p>\n<ul>\n<li><strong>Ciclo de Conferencias<\/strong>, a cargo de <strong>Luis Parra<\/strong> (Vicepresidente de FAMCAL- Castilla y Le\u00f3n y de la SIM, Sociedad Ib\u00e9rica de Micolog\u00eda) que disertar\u00e1 sobre <strong><em>\u201cAvances en la Taxonom\u00eda de g\u00e9nero Agaricus con el apoyo de T\u00e9cnicas Moleculares\u201d <\/em><\/strong>e <strong>Ibai Olariaga<\/strong> (Presidente de la Secci\u00f3n de Micolog\u00eda de Aranzadi y Presidente de la SIM, Sociedad Ib\u00e9rica de Micolog\u00eda) que presentar\u00e1 la ponencia <strong>\u201cLibro Rojo de hongos de la Pen\u00ednsula Ib\u00e9rica: hongos vascos que se extinguen\u201d. <\/strong>Las conferencias se impartir\u00e1n de 19:00 a 20:30 horas en el <strong>Centro Cultural Clara Campoamor<\/strong><\/li>\n<\/ul>\n<p>&nbsp;<\/p>\n<ul>\n<li><strong>Concurso Escolar de pintura \u201cLos Hongos y la Biodiversidad\u201d <\/strong>Est\u00e1 dirigido a las\/os alumnas\/os de los cursos 4\u00ba, 5\u00ba y 6\u00ba de Educaci\u00f3n Primaria de los colegios de Barakaldo. La tem\u00e1tica de los dibujos versar\u00e1 sobre \u201cLos Hongos y la Biodiversidad\u201d: Reino Fungi, Micolog\u00eda, hongos, setas, hongos y ecolog\u00eda, la importancia de los hongos en el medio ambiente, beneficios de los hongos para el ser humano, etc. Se desarrollar\u00e1 desde el 15 de mayo al 30 de septiembre de 2025. Pod\u00e9is consultar los detalles en nuestra p\u00e1gina web.<\/li>\n<\/ul>\n<p><img loading=\"lazy\" decoding=\"async\" class=\"wp-image-11786 aligncenter\" src=\"https:\/\/micologica-barakaldo.org\/wp-content\/uploads\/2025\/08\/dibujo-setas-800x533.jpg\" alt=\"\" width=\"341\" height=\"227\" srcset=\"https:\/\/micologica-barakaldo.org\/wp-content\/uploads\/2025\/08\/dibujo-setas-66x44.jpg 66w, https:\/\/micologica-barakaldo.org\/wp-content\/uploads\/2025\/08\/dibujo-setas-177x118.jpg 177w, https:\/\/micologica-barakaldo.org\/wp-content\/uploads\/2025\/08\/dibujo-setas-200x133.jpg 200w, https:\/\/micologica-barakaldo.org\/wp-content\/uploads\/2025\/08\/dibujo-setas-300x200.jpg 300w, https:\/\/micologica-barakaldo.org\/wp-content\/uploads\/2025\/08\/dibujo-setas-320x213.jpg 320w, https:\/\/micologica-barakaldo.org\/wp-content\/uploads\/2025\/08\/dibujo-setas-400x267.jpg 400w, https:\/\/micologica-barakaldo.org\/wp-content\/uploads\/2025\/08\/dibujo-setas-460x307.jpg 460w, https:\/\/micologica-barakaldo.org\/wp-content\/uploads\/2025\/08\/dibujo-setas-540x360.jpg 540w, https:\/\/micologica-barakaldo.org\/wp-content\/uploads\/2025\/08\/dibujo-setas-600x400.jpg 600w, https:\/\/micologica-barakaldo.org\/wp-content\/uploads\/2025\/08\/dibujo-setas-669x446.jpg 669w, https:\/\/micologica-barakaldo.org\/wp-content\/uploads\/2025\/08\/dibujo-setas-700x467.jpg 700w, https:\/\/micologica-barakaldo.org\/wp-content\/uploads\/2025\/08\/dibujo-setas-768x512.jpg 768w, https:\/\/micologica-barakaldo.org\/wp-content\/uploads\/2025\/08\/dibujo-setas-800x533.jpg 800w, https:\/\/micologica-barakaldo.org\/wp-content\/uploads\/2025\/08\/dibujo-setas-940x627.jpg 940w, https:\/\/micologica-barakaldo.org\/wp-content\/uploads\/2025\/08\/dibujo-setas-1200x800.jpg 1200w, https:\/\/micologica-barakaldo.org\/wp-content\/uploads\/2025\/08\/dibujo-setas.jpg 1536w\" sizes=\"auto, (max-width: 341px) 100vw, 341px\" \/><\/p>\n<ul>\n<li><strong>Concurso de Pintxos de setas \u201cRUTA DEL PINTXO BARAKALDO 2025 III ETAPA\u201d, <\/strong>organizado por<strong> ABK (<\/strong>Asociaci\u00f3n Barakaldo de comercio, hosteler\u00eda y servicios). Entre sus objetivos se pretende rendir homenaje al 50 aniversario de la Sociedad Micol\u00f3gica de Barakaldo, incluyendo la Micolog\u00eda como elemento central en los pintxos participantes. Pod\u00e9is ver las bases del concurso tanto en nuestra p\u00e1gina web, como en la de ABK: <a href=\"https:\/\/abkbarakaldo.com\/hosteleria-barakaldo-2025-disfrutala\/\">https:\/\/abkbarakaldo.com\/hosteleria-barakaldo-2025-disfrutala\/#<\/a>.<\/li>\n<\/ul>\n<p><img loading=\"lazy\" decoding=\"async\" class=\"wp-image-11827 aligncenter\" src=\"https:\/\/micologica-barakaldo.org\/wp-content\/uploads\/2025\/09\/ruta-pintxos-800x663.jpg\" alt=\"\" width=\"356\" height=\"295\" srcset=\"https:\/\/micologica-barakaldo.org\/wp-content\/uploads\/2025\/09\/ruta-pintxos-66x55.jpg 66w, https:\/\/micologica-barakaldo.org\/wp-content\/uploads\/2025\/09\/ruta-pintxos-177x147.jpg 177w, https:\/\/micologica-barakaldo.org\/wp-content\/uploads\/2025\/09\/ruta-pintxos-200x166.jpg 200w, https:\/\/micologica-barakaldo.org\/wp-content\/uploads\/2025\/09\/ruta-pintxos-300x249.jpg 300w, https:\/\/micologica-barakaldo.org\/wp-content\/uploads\/2025\/09\/ruta-pintxos-320x265.jpg 320w, https:\/\/micologica-barakaldo.org\/wp-content\/uploads\/2025\/09\/ruta-pintxos-400x331.jpg 400w, https:\/\/micologica-barakaldo.org\/wp-content\/uploads\/2025\/09\/ruta-pintxos-460x381.jpg 460w, https:\/\/micologica-barakaldo.org\/wp-content\/uploads\/2025\/09\/ruta-pintxos-540x448.jpg 540w, https:\/\/micologica-barakaldo.org\/wp-content\/uploads\/2025\/09\/ruta-pintxos-600x497.jpg 600w, https:\/\/micologica-barakaldo.org\/wp-content\/uploads\/2025\/09\/ruta-pintxos-669x554.jpg 669w, https:\/\/micologica-barakaldo.org\/wp-content\/uploads\/2025\/09\/ruta-pintxos-700x580.jpg 700w, https:\/\/micologica-barakaldo.org\/wp-content\/uploads\/2025\/09\/ruta-pintxos-768x636.jpg 768w, https:\/\/micologica-barakaldo.org\/wp-content\/uploads\/2025\/09\/ruta-pintxos-800x663.jpg 800w, https:\/\/micologica-barakaldo.org\/wp-content\/uploads\/2025\/09\/ruta-pintxos.jpg 864w\" sizes=\"auto, (max-width: 356px) 100vw, 356px\" \/><\/p>\n<ul>\n<li><strong>Exposici\u00f3n Micol\u00f3gica 50 Aniversario,<\/strong> de setas frescas recogidas en ecosistemas de nuestro entorno, y que tendr\u00e1 lugar el s\u00e1bado 11 de octubre de 2025 en el <strong>Centro Cultural Clara Campoamor<\/strong> de 10:00 a 20:30 horas.<\/li>\n<\/ul>\n<p>&nbsp;<\/p>\n<ul>\n<li><strong>Comida de Clausura<\/strong><strong>, <\/strong>con la que cerraremos todas las actividades y homenajearemos a personas y entidades que han tenido un papel destacado en nuestra historia. Est\u00e1 prevista que sea el 12 de octubre a las 15:00, en el <strong>HOTEL PUERTA DE BILBAO<\/strong> (C\/R\u00edo Casta\u00f1os, 2 Avda. de la Ribera\u201448903 Barakaldo). Los que est\u00e9is interesados en acompa\u00f1arnos en esta comida, deb\u00e9is mandar un correo (<a href=\"mailto:micologica@micologica-barakaldo.org\">micologica@micologica-barakaldo.org<\/a>) indicando las personas que vais a venir. El coste del men\u00fa es de 48 \u20ac por persona. Os contestaremos indicando el n\u00famero de cuenta donde\u00a0 hacer el ingreso.<\/li>\n<\/ul>\n<p>Como os hemos indicado, la mayor\u00eda de las actividades se van a realizar en el <strong>Centro Cultural Clara Campoamor<\/strong> de Barakaldo, cuya ubicaci\u00f3n es la siguiente:<\/p>\n<p><img loading=\"lazy\" decoding=\"async\" class=\"size-full wp-image-11839 aligncenter\" src=\"https:\/\/micologica-barakaldo.org\/wp-content\/uploads\/2025\/09\/Imagen-Ubicacion-Clara-Campoamor.png\" alt=\"\" width=\"359\" height=\"269\" srcset=\"https:\/\/micologica-barakaldo.org\/wp-content\/uploads\/2025\/09\/Imagen-Ubicacion-Clara-Campoamor-66x49.png 66w, https:\/\/micologica-barakaldo.org\/wp-content\/uploads\/2025\/09\/Imagen-Ubicacion-Clara-Campoamor-177x133.png 177w, https:\/\/micologica-barakaldo.org\/wp-content\/uploads\/2025\/09\/Imagen-Ubicacion-Clara-Campoamor-200x150.png 200w, https:\/\/micologica-barakaldo.org\/wp-content\/uploads\/2025\/09\/Imagen-Ubicacion-Clara-Campoamor-300x225.png 300w, https:\/\/micologica-barakaldo.org\/wp-content\/uploads\/2025\/09\/Imagen-Ubicacion-Clara-Campoamor-320x240.png 320w, https:\/\/micologica-barakaldo.org\/wp-content\/uploads\/2025\/09\/Imagen-Ubicacion-Clara-Campoamor.png 359w\" sizes=\"auto, (max-width: 359px) 100vw, 359px\" \/><\/p>\n<p>Los detalles de cada actividad los pod\u00e9is ver en nuestra p\u00e1gina web <a href=\"http:\/\/www.micologica-barakaldo.org\">www.micologica-barakaldo.org<\/a>.<\/p>\n<p>Os recordamos que es muy importante que, si os quer\u00e9is apuntar al Curso <strong>\u201cIniciaci\u00f3n a la Micolog\u00eda\u201d \u00a0<\/strong>y\/o a la salida <strong>\u201cA por Setas en Barakaldo\u201d, <\/strong>nos mand\u00e9is un correo electr\u00f3nico a <a href=\"mailto:micologica@micologica-barakaldo.org\">micologica@micologica-barakaldo.org<\/a>, indicando que quer\u00e9is inscribiros en una o en las dos actividades. Aunque los socios tienen preferencia a la hora cubrir las plazas de estas actividades, animamos a los aficionados que no sean socios a que se apunten tambi\u00e9n, ya que si quedan plazas libres se les dar\u00e1 opci\u00f3n a participar (por estricto orden de inscripci\u00f3n).<\/p>\n<p>Os iremos ampliando informaci\u00f3n de cada una de ellas.<\/p>\n<p>\u00a1\u00a1\u00a1Feliz Aniversario!!!\u00a0<\/p>\n<p>La Directiva<\/p>\n","protected":false},"excerpt":{"rendered":"<p>\u00a0 &nbsp; La Sociedad Micol\u00f3gica Barakaldo es una de las Sociedades Micol\u00f3gicas m\u00e1s veteranas existentes  [&#8230;]<\/p>\n","protected":false},"author":3,"featured_media":11679,"comment_status":"open","ping_status":"closed","sticky":false,"template":"","format":"standard","meta":{"footnotes":"","jetpack_publicize_message":"","jetpack_publicize_feature_enabled":true,"jetpack_social_post_already_shared":true,"jetpack_social_options":{"image_generator_settings":{"template":"highway","default_image_id":0,"font":"","enabled":false},"version":2}},"categories":[7,1],"tags":[],"class_list":["post-11838","post","type-post","status-publish","format-standard","has-post-thumbnail","hentry","category-blog","category-sin-categorizar"],"jetpack_publicize_connections":[],"jetpack_featured_media_url":"https:\/\/micologica-barakaldo.org\/wp-content\/uploads\/2025\/07\/Logo_web_50-aniv.png","jetpack_shortlink":"https:\/\/wp.me\/p9dTSQ-34W","_links":{"self":[{"href":"https:\/\/micologica-barakaldo.org\/eu\/wp-json\/wp\/v2\/posts\/11838","targetHints":{"allow":["GET"]}}],"collection":[{"href":"https:\/\/micologica-barakaldo.org\/eu\/wp-json\/wp\/v2\/posts"}],"about":[{"href":"https:\/\/micologica-barakaldo.org\/eu\/wp-json\/wp\/v2\/types\/post"}],"author":[{"embeddable":true,"href":"https:\/\/micologica-barakaldo.org\/eu\/wp-json\/wp\/v2\/users\/3"}],"replies":[{"embeddable":true,"href":"https:\/\/micologica-barakaldo.org\/eu\/wp-json\/wp\/v2\/comments?post=11838"}],"version-history":[{"count":2,"href":"https:\/\/micologica-barakaldo.org\/eu\/wp-json\/wp\/v2\/posts\/11838\/revisions"}],"predecessor-version":[{"id":11842,"href":"https:\/\/micologica-barakaldo.org\/eu\/wp-json\/wp\/v2\/posts\/11838\/revisions\/11842"}],"wp:featuredmedia":[{"embeddable":true,"href":"https:\/\/micologica-barakaldo.org\/eu\/wp-json\/wp\/v2\/media\/11679"}],"wp:attachment":[{"href":"https:\/\/micologica-barakaldo.org\/eu\/wp-json\/wp\/v2\/media?parent=11838"}],"wp:term":[{"taxonomy":"category","embeddable":true,"href":"https:\/\/micologica-barakaldo.org\/eu\/wp-json\/wp\/v2\/categories?post=11838"},{"taxonomy":"post_tag","embeddable":true,"href":"https:\/\/micologica-barakaldo.org\/eu\/wp-json\/wp\/v2\/tags?post=11838"}],"curies":[{"name":"wp","href":"https:\/\/api.w.org\/{rel}","templated":true}]}}