{"id":12039,"date":"2025-11-11T19:04:58","date_gmt":"2025-11-11T18:04:58","guid":{"rendered":"https:\/\/micologica-barakaldo.org\/?p=12039"},"modified":"2025-11-11T19:04:58","modified_gmt":"2025-11-11T18:04:58","slug":"paxillus-rubicundulus","status":"publish","type":"post","link":"https:\/\/micologica-barakaldo.org\/eu\/paxillus-rubicundulus\/","title":{"rendered":"Paxillus rubicundulus"},"content":{"rendered":"<div class=\"fusion-fullwidth fullwidth-box fusion-builder-row-1 nonhundred-percent-fullwidth non-hundred-percent-height-scrolling\" style=\"--awb-border-radius-top-left:0px;--awb-border-radius-top-right:0px;--awb-border-radius-bottom-right:0px;--awb-border-radius-bottom-left:0px;--awb-padding-bottom:50px;--awb-flex-wrap:wrap;\" ><div class=\"fusion-builder-row fusion-row\"><div class=\"fusion-layout-column fusion_builder_column fusion-builder-column-0 fusion_builder_column_1_2 1_2 fusion-one-half fusion-column-first\" style=\"--awb-bg-size:cover;width:48%; margin-right: 4%;\"><div class=\"fusion-column-wrapper fusion-flex-column-wrapper-legacy\"><div class=\"fusion-text fusion-text-1\"><p>&nbsp;<\/p>\n<p style=\"text-align: justify;\"><strong>Paxillus rubicundulus P.D. Orton<\/strong>, Notes Roy. Bot. Gard. Edinburgh 29 (1): 110. 1969<\/p>\n<p style=\"text-align: justify;\">MycoBank: <a href=\"https:\/\/www.mycobank.org\/MB\/335673\">335673<\/a><\/p>\n<p style=\"text-align: justify;\">Caracteres macrosc\u00f3picos. <em>Basidiomas<\/em> agaricoides, de tama\u00f1o medio. <em>P\u00edleo<\/em> de 30-120 mm, primero convexo despu\u00e9s plano convexo a embudado, con umb\u00f3n central poco prominente; margen regular, ondulado, involuto al principio, despu\u00e9s extendido, surcado en la madurez; superficie pileica afieltrada con finas escamitas m\u00e1s oscuras hac\u00eda el disco, de color pardo-amarillento, pardo-oliv\u00e1ceo, se oscurece a la presi\u00f3n. \u00a0<em>L\u00e1minas<\/em> apretadas, estrechas, decurrentes, anastomosadas, de color crema-ocr\u00e1ceo, a la presi\u00f3n toma un tono pardo-rojizo; arista laminar entera y concolor. <em>Est\u00edpite<\/em> de 20-60 \u00d7 10-15 mm, exc\u00e9ntrico, cil\u00edndrico, lleno, fibrilloso, de color amarillo-ocr\u00e1ceo, pardusco, de color pardo-rojizo al rozamiento. <em>Contexto<\/em> espesa, pronto esponjosa y blanda, ocre-amarillento, se oscure el frotar; olor suave f\u00fangico sabor un poco amarescente.<\/p>\n<p style=\"text-align: justify;\">Caracteres microsc\u00f3picos. <em>Basidiosporas<\/em> de (7,3-) 8,3 \u00b1 0,67 (-9,8) \u00d7 (4,8-) 5,2 \u00b1 0,24 (-5,8) \u03bcm\/ Q = 1,6 \u00b1 0,11 (-1,9); de ovoides a anchamente elipsoidales, lisas, de pared moderada, gutuladas, de color marr\u00f3n-amarillenta. Esporada pardo-marr\u00f3n. <em>Basidios<\/em> de 25-35 \u00d7 7-9 \u00b5m, tetrasp\u00f3ricos, claviformes o cil\u00edndricos, juntas con f\u00edbulas. <em>Queilocistidios<\/em> de 50-95 \u00d7 9-14 \u00b5m, fusiformes o lageniformes, con el \u00e1pice adelgazado, juntas con f\u00edbulas. <em>Pleurocistidios<\/em> similares a los queilocistidios. <em>Pileipellis<\/em> de tipo tricodermis, con hifas entremezcladas, art\u00edculos terminales cil\u00edndricos, de pared delgada, parduscas, de \u00d74-8 \u00b5m, juntas con f\u00edbulas.<\/p>\n<p style=\"text-align: justify;\">Ecolog\u00eda.\u00a0 En verano y oto\u00f1o exclusivamente bajo <em>Alnus glutinosa<\/em>. Distribuci\u00f3n. Poco Frecuente, R. <em>Material estudiado<\/em>. CANTABRIA, Vald\u00e1liga, 235 m, en bosque de ribera con <em>Alnus glutinosa<\/em> y <em>Corylus avellana<\/em>, 19-IX-2025, <em>leg<\/em>. &amp; <em>det<\/em>. J.A. Mu\u00f1oz. BAR 2025092803. <em>Fotograf\u00eda<\/em>. Jos\u00e9 A. Mu\u00f1oz S\u00e1nchez.<\/p>\n<p style=\"text-align: justify;\">Citar como: MU\u00d1OZ, J. A. (2025). Paxillus rubicundulus P.D. Orton, micol\u00f3gica-barakaldo.org [en l\u00ednea]. Fichas Micol\u00f3gicas, 979 (Actualizada el 11-XI-2025). ISSN 2660-633X. [consultado el xx\/xx\/xxx] https:\/\/micologica-barakaldo.org\/Paxillus-rubicundulus\/<\/p>\n<p style=\"text-align: justify;\">\u00a0<\/p>\n<\/div><div class=\"fusion-clearfix\"><\/div><\/div><\/div><div class=\"fusion-layout-column fusion_builder_column fusion-builder-column-1 fusion_builder_column_1_2 1_2 fusion-one-half fusion-column-last\" style=\"--awb-bg-size:cover;width:48%;\"><div class=\"fusion-column-wrapper fusion-flex-column-wrapper-legacy\"><div class=\"fusion-image-element in-legacy-container\" style=\"--awb-caption-title-font-family:var(--h2_typography-font-family);--awb-caption-title-font-weight:var(--h2_typography-font-weight);--awb-caption-title-font-style:var(--h2_typography-font-style);--awb-caption-title-size:var(--h2_typography-font-size);--awb-caption-title-transform:var(--h2_typography-text-transform);--awb-caption-title-line-height:var(--h2_typography-line-height);--awb-caption-title-letter-spacing:var(--h2_typography-letter-spacing);\"><span class=\" fusion-imageframe imageframe-none imageframe-1 hover-type-none\"><img loading=\"lazy\" decoding=\"async\" width=\"1204\" height=\"873\" title=\"Paxillus rubicundulus_20250928_9971\" src=\"https:\/\/micologica-barakaldo.org\/wp-content\/uploads\/2025\/11\/Paxillus-rubicundulus_20250928_9971.jpg\" alt class=\"img-responsive wp-image-12036\" srcset=\"https:\/\/micologica-barakaldo.org\/wp-content\/uploads\/2025\/11\/Paxillus-rubicundulus_20250928_9971-200x145.jpg 200w, https:\/\/micologica-barakaldo.org\/wp-content\/uploads\/2025\/11\/Paxillus-rubicundulus_20250928_9971-400x290.jpg 400w, https:\/\/micologica-barakaldo.org\/wp-content\/uploads\/2025\/11\/Paxillus-rubicundulus_20250928_9971-600x435.jpg 600w, https:\/\/micologica-barakaldo.org\/wp-content\/uploads\/2025\/11\/Paxillus-rubicundulus_20250928_9971-800x580.jpg 800w, https:\/\/micologica-barakaldo.org\/wp-content\/uploads\/2025\/11\/Paxillus-rubicundulus_20250928_9971-1200x870.jpg 1200w, https:\/\/micologica-barakaldo.org\/wp-content\/uploads\/2025\/11\/Paxillus-rubicundulus_20250928_9971.jpg 1204w\" sizes=\"auto, (max-width: 1024px) 100vw, 800px\" \/><\/span><\/div><div class=\"fusion-clearfix\"><\/div><\/div><\/div><div class=\"fusion-layout-column fusion_builder_column fusion-builder-column-2 fusion_builder_column_1_1 1_1 fusion-one-full fusion-column-first fusion-column-last\" style=\"--awb-padding-top:40px;--awb-bg-size:cover;\"><div class=\"fusion-column-wrapper fusion-flex-column-wrapper-legacy\"><div class=\"fusion-aligncenter\"><a class=\"fusion-button button-flat button-xlarge button-default fusion-button-default button-1 fusion-button-default-span fusion-button-default-type\" target=\"_self\" href=\"https:\/\/micologica-barakaldo.org\/wp-content\/uploads\/2025\/11\/Paxillus-rubicundulus.pdf\"><i class=\"fa-file-pdf far awb-button__icon awb-button__icon--default button-icon-left\" aria-hidden=\"true\"><\/i><span class=\"fusion-button-text awb-button__text awb-button__text--default\">VER FICHA COMPLETA<\/span><\/a><\/div><div class=\"fusion-clearfix\"><\/div><\/div><\/div><\/div><\/div>\n","protected":false},"excerpt":{"rendered":"","protected":false},"author":2,"featured_media":12035,"comment_status":"open","ping_status":"closed","sticky":false,"template":"","format":"standard","meta":{"footnotes":"","jetpack_publicize_message":"","jetpack_publicize_feature_enabled":true,"jetpack_social_post_already_shared":true,"jetpack_social_options":{"image_generator_settings":{"template":"highway","default_image_id":0,"font":"","enabled":false},"version":2}},"categories":[7,6,43],"tags":[],"class_list":["post-12039","post","type-post","status-publish","format-standard","has-post-thumbnail","hentry","category-blog","category-fichas-micologicas","category-fichas-micologicas-setas-p"],"jetpack_publicize_connections":[],"jetpack_featured_media_url":"https:\/\/micologica-barakaldo.org\/wp-content\/uploads\/2025\/11\/Paxillus-rubicundulus_20250928_9971.jpg","jetpack_shortlink":"https:\/\/wp.me\/p9dTSQ-38b","_links":{"self":[{"href":"https:\/\/micologica-barakaldo.org\/eu\/wp-json\/wp\/v2\/posts\/12039","targetHints":{"allow":["GET"]}}],"collection":[{"href":"https:\/\/micologica-barakaldo.org\/eu\/wp-json\/wp\/v2\/posts"}],"about":[{"href":"https:\/\/micologica-barakaldo.org\/eu\/wp-json\/wp\/v2\/types\/post"}],"author":[{"embeddable":true,"href":"https:\/\/micologica-barakaldo.org\/eu\/wp-json\/wp\/v2\/users\/2"}],"replies":[{"embeddable":true,"href":"https:\/\/micologica-barakaldo.org\/eu\/wp-json\/wp\/v2\/comments?post=12039"}],"version-history":[{"count":1,"href":"https:\/\/micologica-barakaldo.org\/eu\/wp-json\/wp\/v2\/posts\/12039\/revisions"}],"predecessor-version":[{"id":12040,"href":"https:\/\/micologica-barakaldo.org\/eu\/wp-json\/wp\/v2\/posts\/12039\/revisions\/12040"}],"wp:featuredmedia":[{"embeddable":true,"href":"https:\/\/micologica-barakaldo.org\/eu\/wp-json\/wp\/v2\/media\/12035"}],"wp:attachment":[{"href":"https:\/\/micologica-barakaldo.org\/eu\/wp-json\/wp\/v2\/media?parent=12039"}],"wp:term":[{"taxonomy":"category","embeddable":true,"href":"https:\/\/micologica-barakaldo.org\/eu\/wp-json\/wp\/v2\/categories?post=12039"},{"taxonomy":"post_tag","embeddable":true,"href":"https:\/\/micologica-barakaldo.org\/eu\/wp-json\/wp\/v2\/tags?post=12039"}],"curies":[{"name":"wp","href":"https:\/\/api.w.org\/{rel}","templated":true}]}}