{"id":12148,"date":"2025-12-02T19:28:21","date_gmt":"2025-12-02T18:28:21","guid":{"rendered":"https:\/\/micologica-barakaldo.org\/?p=12148"},"modified":"2025-12-02T19:30:22","modified_gmt":"2025-12-02T18:30:22","slug":"inocutis-tamaricis","status":"publish","type":"post","link":"https:\/\/micologica-barakaldo.org\/eu\/inocutis-tamaricis\/","title":{"rendered":"Inocutis tamaricis"},"content":{"rendered":"<div class=\"fusion-fullwidth fullwidth-box fusion-builder-row-1 nonhundred-percent-fullwidth non-hundred-percent-height-scrolling\" style=\"--awb-border-radius-top-left:0px;--awb-border-radius-top-right:0px;--awb-border-radius-bottom-right:0px;--awb-border-radius-bottom-left:0px;--awb-padding-bottom:50px;--awb-flex-wrap:wrap;\" ><div class=\"fusion-builder-row fusion-row\"><div class=\"fusion-layout-column fusion_builder_column fusion-builder-column-0 fusion_builder_column_1_2 1_2 fusion-one-half fusion-column-first\" style=\"--awb-bg-size:cover;width:48%; margin-right: 4%;\"><div class=\"fusion-column-wrapper fusion-flex-column-wrapper-legacy\"><div class=\"fusion-text fusion-text-1\"><p>&nbsp;<\/p>\n<p style=\"text-align: justify;\"><strong><em>Inocutis tamaricis<\/em><\/strong><strong> (Pat.) Fiasson &amp; Niemel\u00e4<\/strong>, Karstenia 24: 25. 1984<\/p>\n<p style=\"text-align: justify;\">MycoBank:<span style=\"color: #0000ff;\"> <a style=\"color: #0000ff;\" href=\"https:\/\/www.mycobank.org\/MB\/299000\">299000<\/a><\/span><\/p>\n<p style=\"text-align: justify;\">Caracteres macrosc\u00f3picos. <em>Basidiomas<\/em> anuales, imbricados o aislados, dimidiados o semicirculares, unidos lateralmente al sustrato. <em>P\u00edleo<\/em> de hasta 150 mm de anchura y 60 mm de espesor, fijado lateralmente al sustrato por una amplia zona; margen obtuso, redondeado, pubescente, despu\u00e9s glabro; superficie pileica hispida, erizada de peque\u00f1os pelillos, algo zonada y surcada conc\u00e9ntricamente, de color ocre-naranja, pardo, pardo-rojizo finalmente negruzco. <em>Himen\u00f3foro<\/em> formado por tubos, irregulares, monoestratificados, cortos de hasta 4 mm de espesor, de color pardo-amarillento o pardo oscuro, poros muy apretados, redondos o poligonales, de color amarillo-oliv\u00e1ceo, pardo-gris\u00e1ceo, pardo-negruzco en la madurez. <em>Contexto<\/em> carnoso, suberoso, fibroso, espeso, un poco zonado, pardo-leonado a ferruginoso; olor desagradable, sabor poco destacable.<\/p>\n<p style=\"text-align: justify;\">Caracteres microsc\u00f3picos. <em>Basidiosporas <\/em>de (6,5-) 7,4 \u00b1 0,62 (-8,5) \u00d7 (5,0-) 5,7 \u00b1 0,38 (-6,5); Q = 1,3 \u00b1 0,1; subglobosas o anchamente elipsoidales, lisas, de pared espesa, pardas. <em>Basidios<\/em> de 16-22 \u00d7 7-10 \u00b5m, claviformes, tetrasp\u00f3ricos, juntas sin f\u00edbulas. Sistema de hifas monom\u00edtico. <em>Hifas generativas<\/em> del contexto de hasta \u00d710 \u00b5m, subparalelas, hialinas, septadas, con pared delgada o moderada, juntas sin f\u00edbulas, hialinas o amarillentas.<\/p>\n<p style=\"text-align: justify;\">Ecolog\u00eda. Especie par\u00e1sita que provoca podredumbre blanca, term\u00f3fila, desde principios de verano a oto\u00f1o, sobre viejos troncos de <em>Tamarix gallica<\/em> sobre todo en parques y jardines. Distribuci\u00f3n Poco frecuente, R.\u00a0Fotograf\u00eda. Jos\u00e9 A. Mu\u00f1oz S\u00e1nchez.<\/p>\n<p style=\"text-align: justify;\">Citar como: MU\u00d1OZ, J. A. (2025). <em>Inocutis tamaricis<\/em> (Pat.) Fiasson &amp; Niemel\u00e4, micol\u00f3gica-barakaldo.org [en l\u00ednea]. Fichas Micol\u00f3gicas, 987 (Actualizada el 02-XII-2025). ISSN 2660-633X. [consultado el xx\/xx\/xxx] <a href=\"https:\/\/micologica-barakaldo.org\/Inonotus-tamaricis\/\">https:\/\/micologica-barakaldo.org\/Inonotus-tamaricis\/<\/a><\/p>\n<\/div><div class=\"fusion-clearfix\"><\/div><\/div><\/div><div class=\"fusion-layout-column fusion_builder_column fusion-builder-column-1 fusion_builder_column_1_2 1_2 fusion-one-half fusion-column-last\" style=\"--awb-bg-size:cover;width:48%;\"><div class=\"fusion-column-wrapper fusion-flex-column-wrapper-legacy\"><div class=\"fusion-image-element in-legacy-container\" style=\"--awb-caption-title-font-family:var(--h2_typography-font-family);--awb-caption-title-font-weight:var(--h2_typography-font-weight);--awb-caption-title-font-style:var(--h2_typography-font-style);--awb-caption-title-size:var(--h2_typography-font-size);--awb-caption-title-transform:var(--h2_typography-text-transform);--awb-caption-title-line-height:var(--h2_typography-line-height);--awb-caption-title-letter-spacing:var(--h2_typography-letter-spacing);\"><span class=\" fusion-imageframe imageframe-none imageframe-1 hover-type-none\"><img loading=\"lazy\" decoding=\"async\" width=\"1209\" height=\"787\" title=\"Inocutis tamaricis_20250826_6909\" src=\"https:\/\/micologica-barakaldo.org\/wp-content\/uploads\/2025\/11\/Inocutis-tamaricis_20250826_6909.jpg\" alt class=\"img-responsive wp-image-12143\" srcset=\"https:\/\/micologica-barakaldo.org\/wp-content\/uploads\/2025\/11\/Inocutis-tamaricis_20250826_6909-200x130.jpg 200w, https:\/\/micologica-barakaldo.org\/wp-content\/uploads\/2025\/11\/Inocutis-tamaricis_20250826_6909-400x260.jpg 400w, https:\/\/micologica-barakaldo.org\/wp-content\/uploads\/2025\/11\/Inocutis-tamaricis_20250826_6909-600x391.jpg 600w, https:\/\/micologica-barakaldo.org\/wp-content\/uploads\/2025\/11\/Inocutis-tamaricis_20250826_6909-800x521.jpg 800w, https:\/\/micologica-barakaldo.org\/wp-content\/uploads\/2025\/11\/Inocutis-tamaricis_20250826_6909-1200x781.jpg 1200w, https:\/\/micologica-barakaldo.org\/wp-content\/uploads\/2025\/11\/Inocutis-tamaricis_20250826_6909.jpg 1209w\" sizes=\"auto, (max-width: 1024px) 100vw, 800px\" \/><\/span><\/div><div class=\"fusion-clearfix\"><\/div><\/div><\/div><div class=\"fusion-layout-column fusion_builder_column fusion-builder-column-2 fusion_builder_column_1_1 1_1 fusion-one-full fusion-column-first fusion-column-last\" style=\"--awb-padding-top:40px;--awb-bg-size:cover;\"><div class=\"fusion-column-wrapper fusion-flex-column-wrapper-legacy\"><div class=\"fusion-aligncenter\"><a class=\"fusion-button button-flat button-xlarge button-default fusion-button-default button-1 fusion-button-default-span fusion-button-default-type\" target=\"_self\" href=\"https:\/\/micologica-barakaldo.org\/wp-content\/uploads\/2025\/11\/Inocutis-tamaricis.pdf\"><i class=\"fa-file-pdf far awb-button__icon awb-button__icon--default button-icon-left\" aria-hidden=\"true\"><\/i><span class=\"fusion-button-text awb-button__text awb-button__text--default\">VER FICHA COMPLETA<\/span><\/a><\/div><div class=\"fusion-clearfix\"><\/div><\/div><\/div><\/div><\/div>\n","protected":false},"excerpt":{"rendered":"","protected":false},"author":2,"featured_media":12142,"comment_status":"open","ping_status":"closed","sticky":false,"template":"","format":"standard","meta":{"footnotes":"","jetpack_publicize_message":"","jetpack_publicize_feature_enabled":true,"jetpack_social_post_already_shared":true,"jetpack_social_options":{"image_generator_settings":{"template":"highway","default_image_id":0,"font":"","enabled":false},"version":2}},"categories":[7,6,36],"tags":[],"class_list":["post-12148","post","type-post","status-publish","format-standard","has-post-thumbnail","hentry","category-blog","category-fichas-micologicas","category-fichas-micologicas-setas-i"],"jetpack_publicize_connections":[],"jetpack_featured_media_url":"https:\/\/micologica-barakaldo.org\/wp-content\/uploads\/2025\/11\/Inocutis-tamaricis_20250826_6909.jpg","jetpack_shortlink":"https:\/\/wp.me\/p9dTSQ-39W","_links":{"self":[{"href":"https:\/\/micologica-barakaldo.org\/eu\/wp-json\/wp\/v2\/posts\/12148","targetHints":{"allow":["GET"]}}],"collection":[{"href":"https:\/\/micologica-barakaldo.org\/eu\/wp-json\/wp\/v2\/posts"}],"about":[{"href":"https:\/\/micologica-barakaldo.org\/eu\/wp-json\/wp\/v2\/types\/post"}],"author":[{"embeddable":true,"href":"https:\/\/micologica-barakaldo.org\/eu\/wp-json\/wp\/v2\/users\/2"}],"replies":[{"embeddable":true,"href":"https:\/\/micologica-barakaldo.org\/eu\/wp-json\/wp\/v2\/comments?post=12148"}],"version-history":[{"count":3,"href":"https:\/\/micologica-barakaldo.org\/eu\/wp-json\/wp\/v2\/posts\/12148\/revisions"}],"predecessor-version":[{"id":12151,"href":"https:\/\/micologica-barakaldo.org\/eu\/wp-json\/wp\/v2\/posts\/12148\/revisions\/12151"}],"wp:featuredmedia":[{"embeddable":true,"href":"https:\/\/micologica-barakaldo.org\/eu\/wp-json\/wp\/v2\/media\/12142"}],"wp:attachment":[{"href":"https:\/\/micologica-barakaldo.org\/eu\/wp-json\/wp\/v2\/media?parent=12148"}],"wp:term":[{"taxonomy":"category","embeddable":true,"href":"https:\/\/micologica-barakaldo.org\/eu\/wp-json\/wp\/v2\/categories?post=12148"},{"taxonomy":"post_tag","embeddable":true,"href":"https:\/\/micologica-barakaldo.org\/eu\/wp-json\/wp\/v2\/tags?post=12148"}],"curies":[{"name":"wp","href":"https:\/\/api.w.org\/{rel}","templated":true}]}}