{"id":1248,"date":"2018-01-31T23:06:53","date_gmt":"2018-01-31T22:06:53","guid":{"rendered":"https:\/\/micologica-barakaldo.org\/?p=1248"},"modified":"2020-09-01T21:28:56","modified_gmt":"2020-09-01T20:28:56","slug":"cortinarius-anserinus","status":"publish","type":"post","link":"https:\/\/micologica-barakaldo.org\/eu\/cortinarius-anserinus\/","title":{"rendered":"Cortinarius anserinus"},"content":{"rendered":"<div class=\"fusion-fullwidth fullwidth-box fusion-builder-row-1 nonhundred-percent-fullwidth non-hundred-percent-height-scrolling\" style=\"--awb-border-radius-top-left:0px;--awb-border-radius-top-right:0px;--awb-border-radius-bottom-right:0px;--awb-border-radius-bottom-left:0px;--awb-padding-bottom:50px;--awb-flex-wrap:wrap;\" ><div class=\"fusion-builder-row fusion-row\"><div class=\"fusion-layout-column fusion_builder_column fusion-builder-column-0 fusion_builder_column_1_2 1_2 fusion-one-half fusion-column-first\" style=\"--awb-bg-size:cover;width:48%; margin-right: 4%;\"><div class=\"fusion-column-wrapper fusion-flex-column-wrapper-legacy\"><div class=\"fusion-text fusion-text-1\"><p style=\"text-align: justify;\"><em>Caracteres macrosc\u00f3picos<\/em>. P\u00edleo de hasta 100 mm de di\u00e1metro, primero convexo, por \u00faltimo, plano convexo a extendido; margen enrollado y excedente, con restos de velo general. Superficie pil\u00e9ica separable,\u00a0 viscosa y brillante en tiempo h\u00famedo, amarga, seca y mate en tiempo seco, fibrillosa; de color ocr\u00e1ceo a amarillo verdoso, con el margen azulado. L\u00e1minas prietas, estrechas, escotado adherente, primero azul viol\u00e1ceo, despu\u00e9s gris azulado, finalmente marr\u00f3n ferruginoso. Est\u00edpite hasta 90&#215;20 mm, regular, cil\u00edndrico, con bulbo marginado, reborde redondeado, hasta x40 mm de ancho, fibrilloso; azul viol\u00e1ceo, decor\u00e1ndose hacia la base, reborde del bulbo manchado de ocre amarillo por los restos del velo; cortina abundante, azulada, fugaz. Contexto firme, azulado, m\u00e1s coloreado en la parte alta del est\u00edpite; olor agradable de frutas y dulce.<\/p>\n<p style=\"text-align: justify;\"><em>Caracteres microsc\u00f3picos<\/em>. Basidi\u00f3sporas de 10,0\u201312,5 x 6,0\u20137,0 \u00b5m \/ Q = 1,5\u20131,9; citriformes, claramente papiladas, adornadas de densas y agudas verrugas, amarillo ocr\u00e1ceo en KOH al 2%. Pileipellis filamentosa, no gelificada, hifas entremezcladas, juntas con f\u00edbulas, hasta x8 \u00b5m.<\/p>\n<p style=\"text-align: justify;\"><em>Ecolog\u00eda<\/em>. \u00a0En verano y oto\u00f1o en bosques de frondosas, en suelos calc\u00e1reos. <em>Distribuci\u00f3n<\/em>. Poco com\u00fan.<\/p>\n<\/div><div class=\"fusion-clearfix\"><\/div><\/div><\/div><div class=\"fusion-layout-column fusion_builder_column fusion-builder-column-1 fusion_builder_column_1_2 1_2 fusion-one-half fusion-column-last\" style=\"--awb-bg-size:cover;width:48%;\"><div class=\"fusion-column-wrapper fusion-flex-column-wrapper-legacy\"><div class=\"fusion-image-element in-legacy-container\" style=\"--awb-caption-title-font-family:var(--h2_typography-font-family);--awb-caption-title-font-weight:var(--h2_typography-font-weight);--awb-caption-title-font-style:var(--h2_typography-font-style);--awb-caption-title-size:var(--h2_typography-font-size);--awb-caption-title-transform:var(--h2_typography-text-transform);--awb-caption-title-line-height:var(--h2_typography-line-height);--awb-caption-title-letter-spacing:var(--h2_typography-letter-spacing);\"><span class=\" fusion-imageframe imageframe-none imageframe-1 hover-type-none\"><img loading=\"lazy\" decoding=\"async\" width=\"1024\" height=\"711\" title=\"Cortinarius anserinus_20101002\" src=\"https:\/\/micologica-barakaldo.org\/wp-content\/uploads\/2018\/01\/Cortinarius-anserinus_20101002-1024x711.jpg\" alt class=\"img-responsive wp-image-8083\" srcset=\"https:\/\/micologica-barakaldo.org\/wp-content\/uploads\/2018\/01\/Cortinarius-anserinus_20101002-200x139.jpg 200w, https:\/\/micologica-barakaldo.org\/wp-content\/uploads\/2018\/01\/Cortinarius-anserinus_20101002-400x278.jpg 400w, https:\/\/micologica-barakaldo.org\/wp-content\/uploads\/2018\/01\/Cortinarius-anserinus_20101002-600x417.jpg 600w, https:\/\/micologica-barakaldo.org\/wp-content\/uploads\/2018\/01\/Cortinarius-anserinus_20101002-800x555.jpg 800w, https:\/\/micologica-barakaldo.org\/wp-content\/uploads\/2018\/01\/Cortinarius-anserinus_20101002.jpg 1024w\" sizes=\"auto, (max-width: 1024px) 100vw, 800px\" \/><\/span><\/div><div class=\"fusion-clearfix\"><\/div><\/div><\/div><div class=\"fusion-layout-column fusion_builder_column fusion-builder-column-2 fusion_builder_column_1_1 1_1 fusion-one-full fusion-column-first fusion-column-last\" style=\"--awb-padding-top:40px;--awb-bg-size:cover;\"><div class=\"fusion-column-wrapper fusion-flex-column-wrapper-legacy\"><div class=\"fusion-aligncenter\"><a class=\"fusion-button button-flat button-xlarge button-default fusion-button-default button-1 fusion-button-default-span fusion-button-default-type\" target=\"_self\" href=\"https:\/\/micologica-barakaldo.org\/wp-content\/uploads\/2020\/09\/Cortinarius-anserinus.pdf\"><i class=\" fa fa-file-pdf-o awb-button__icon awb-button__icon--default button-icon-left\" aria-hidden=\"true\"><\/i><span class=\"fusion-button-text awb-button__text awb-button__text--default\">VER FICHA COMPLETA<\/span><\/a><\/div><div class=\"fusion-clearfix\"><\/div><\/div><\/div><\/div><\/div>\n","protected":false},"excerpt":{"rendered":"","protected":false},"author":2,"featured_media":1227,"comment_status":"open","ping_status":"closed","sticky":false,"template":"","format":"standard","meta":{"footnotes":"","jetpack_publicize_message":"","jetpack_publicize_feature_enabled":true,"jetpack_social_post_already_shared":true,"jetpack_social_options":{"image_generator_settings":{"template":"highway","default_image_id":0,"font":"","enabled":false},"version":2}},"categories":[30,6],"tags":[],"class_list":["post-1248","post","type-post","status-publish","format-standard","has-post-thumbnail","hentry","category-fichas-micologicas-setas-c","category-fichas-micologicas"],"jetpack_publicize_connections":[],"jetpack_featured_media_url":"https:\/\/micologica-barakaldo.org\/wp-content\/uploads\/2018\/01\/Cortinarius-anserinus_20101002.jpg","jetpack_shortlink":"https:\/\/wp.me\/p9dTSQ-k8","_links":{"self":[{"href":"https:\/\/micologica-barakaldo.org\/eu\/wp-json\/wp\/v2\/posts\/1248","targetHints":{"allow":["GET"]}}],"collection":[{"href":"https:\/\/micologica-barakaldo.org\/eu\/wp-json\/wp\/v2\/posts"}],"about":[{"href":"https:\/\/micologica-barakaldo.org\/eu\/wp-json\/wp\/v2\/types\/post"}],"author":[{"embeddable":true,"href":"https:\/\/micologica-barakaldo.org\/eu\/wp-json\/wp\/v2\/users\/2"}],"replies":[{"embeddable":true,"href":"https:\/\/micologica-barakaldo.org\/eu\/wp-json\/wp\/v2\/comments?post=1248"}],"version-history":[{"count":3,"href":"https:\/\/micologica-barakaldo.org\/eu\/wp-json\/wp\/v2\/posts\/1248\/revisions"}],"predecessor-version":[{"id":4048,"href":"https:\/\/micologica-barakaldo.org\/eu\/wp-json\/wp\/v2\/posts\/1248\/revisions\/4048"}],"wp:featuredmedia":[{"embeddable":true,"href":"https:\/\/micologica-barakaldo.org\/eu\/wp-json\/wp\/v2\/media\/1227"}],"wp:attachment":[{"href":"https:\/\/micologica-barakaldo.org\/eu\/wp-json\/wp\/v2\/media?parent=1248"}],"wp:term":[{"taxonomy":"category","embeddable":true,"href":"https:\/\/micologica-barakaldo.org\/eu\/wp-json\/wp\/v2\/categories?post=1248"},{"taxonomy":"post_tag","embeddable":true,"href":"https:\/\/micologica-barakaldo.org\/eu\/wp-json\/wp\/v2\/tags?post=1248"}],"curies":[{"name":"wp","href":"https:\/\/api.w.org\/{rel}","templated":true}]}}