{"id":1268,"date":"2018-01-31T23:33:29","date_gmt":"2018-01-31T22:33:29","guid":{"rendered":"https:\/\/micologica-barakaldo.org\/?p=1268"},"modified":"2020-10-04T14:29:55","modified_gmt":"2020-10-04T13:29:55","slug":"cortinarius-viridocoeruleus","status":"publish","type":"post","link":"https:\/\/micologica-barakaldo.org\/eu\/cortinarius-viridocoeruleus\/","title":{"rendered":"Cortinarius viridocoeruleus"},"content":{"rendered":"<div class=\"fusion-fullwidth fullwidth-box fusion-builder-row-1 nonhundred-percent-fullwidth non-hundred-percent-height-scrolling\" style=\"--awb-border-radius-top-left:0px;--awb-border-radius-top-right:0px;--awb-border-radius-bottom-right:0px;--awb-border-radius-bottom-left:0px;--awb-padding-bottom:50px;--awb-flex-wrap:wrap;\" ><div class=\"fusion-builder-row fusion-row\"><div class=\"fusion-layout-column fusion_builder_column fusion-builder-column-0 fusion_builder_column_1_2 1_2 fusion-one-half fusion-column-first\" style=\"--awb-bg-size:cover;width:48%; margin-right: 4%;\"><div class=\"fusion-column-wrapper fusion-flex-column-wrapper-legacy\"><div class=\"fusion-text fusion-text-1\"><p style=\"text-align: justify;\"><em>Caracteres macrosc\u00f3picos<\/em>. P\u00edleo de hasta 70 mm de di\u00e1metro, primero convexo, mamelonado, despu\u00e9s planoconvexo, finalmente extendido y un poco mamelonado; margen enrollado, liso, recto en la madurez; superficie pil\u00e9ica separable, brillante, viscosa e higr\u00f3fana, en ocasiones un poco rugosa; de color muy variable amarillo marr\u00f3n, amarillo verdoso, con tonos gris\u00e1ceos, un poco viol\u00e1cea en el margen, puede tener restos blanquecinos de velo general hacia el borde. L\u00e1minas apretadas, adnatas o un poco escotadas, no muy anchas, arista regular entera, lil\u00e1cea o azulada; de color primero lil\u00e1ceo p\u00e1lido, despu\u00e9s crema lil\u00e1ceo finalmente marr\u00f3n canela marr\u00f3n. Est\u00edpite de hasta 70 x 15 mm, cil\u00edndrico con bulbo marginado de hasta 25 mm, lleno, seco, sedoso, blanquecino, con tonos lil\u00e1ceos en la parte alta, amarillento hacia la base; cortina fugaz, blanquecina. Contexto espeso, firme; de color blanco, ocr\u00e1ceo bajo la pileipellis y en el bulbo, gris azulada en la parte alta del est\u00edpite; con olor ligero a miel, sabor poco apreciable. Reacciones qu\u00edmicas: KOH pardo rojizo en la pileipellis; FA rojo ros\u00e1ceo en el contexto.<\/p>\n<p style=\"text-align: justify;\"><em>Caracteres microsc\u00f3picos<\/em>. Basidi\u00f3sporas de 9,0-11,0 x 5,5-6,5 \u00b5m \/ Q = 1,6-1,8; subamigdaliformes a subcitriformes, papilladas, apiculadas, con verrugas finas y densas, amarillo leonado claro con KOH al 2%. Esporada marr\u00f3n ferruginoso. Pileipellis filamentosa, gelificada, con hifas de hasta x7 \u00b5m, entremezcladas, cil\u00edndricas, septadas, fibuladas.<\/p>\n<p style=\"text-align: justify;\"><em>Ecolog\u00eda.<\/em> En verano y oto\u00f1o, en bosques escler\u00f3filos mediterr\u00e1neos, preferentemente bajo <em>Quercus ilex<\/em>, en suelos \u00e1cidos y b\u00e1sicos. <em>Distribuci\u00f3n<\/em>. Poco frecuente.<\/p>\n<\/div><div class=\"fusion-clearfix\"><\/div><\/div><\/div><div class=\"fusion-layout-column fusion_builder_column fusion-builder-column-1 fusion_builder_column_1_2 1_2 fusion-one-half fusion-column-last\" style=\"--awb-bg-size:cover;width:48%;\"><div class=\"fusion-column-wrapper fusion-flex-column-wrapper-legacy\"><div class=\"fusion-image-element in-legacy-container\" style=\"--awb-caption-title-font-family:var(--h2_typography-font-family);--awb-caption-title-font-weight:var(--h2_typography-font-weight);--awb-caption-title-font-style:var(--h2_typography-font-style);--awb-caption-title-size:var(--h2_typography-font-size);--awb-caption-title-transform:var(--h2_typography-text-transform);--awb-caption-title-line-height:var(--h2_typography-line-height);--awb-caption-title-letter-spacing:var(--h2_typography-letter-spacing);\"><span class=\" fusion-imageframe imageframe-none imageframe-1 hover-type-none\"><img loading=\"lazy\" decoding=\"async\" width=\"1024\" height=\"681\" title=\"Cortinarius viridocoeruleus_20161226_2454\" src=\"https:\/\/micologica-barakaldo.org\/wp-content\/uploads\/2018\/01\/Cortinarius-viridocoeruleus_20161226_2454-1024x681.jpg\" alt class=\"img-responsive wp-image-8087\" srcset=\"https:\/\/micologica-barakaldo.org\/wp-content\/uploads\/2018\/01\/Cortinarius-viridocoeruleus_20161226_2454-200x133.jpg 200w, https:\/\/micologica-barakaldo.org\/wp-content\/uploads\/2018\/01\/Cortinarius-viridocoeruleus_20161226_2454-400x266.jpg 400w, https:\/\/micologica-barakaldo.org\/wp-content\/uploads\/2018\/01\/Cortinarius-viridocoeruleus_20161226_2454-600x399.jpg 600w, https:\/\/micologica-barakaldo.org\/wp-content\/uploads\/2018\/01\/Cortinarius-viridocoeruleus_20161226_2454-800x532.jpg 800w, https:\/\/micologica-barakaldo.org\/wp-content\/uploads\/2018\/01\/Cortinarius-viridocoeruleus_20161226_2454.jpg 1024w\" sizes=\"auto, (max-width: 1024px) 100vw, 800px\" \/><\/span><\/div><div class=\"fusion-clearfix\"><\/div><\/div><\/div><div class=\"fusion-layout-column fusion_builder_column fusion-builder-column-2 fusion_builder_column_1_1 1_1 fusion-one-full fusion-column-first fusion-column-last\" style=\"--awb-padding-top:40px;--awb-bg-size:cover;\"><div class=\"fusion-column-wrapper fusion-flex-column-wrapper-legacy\"><div class=\"fusion-aligncenter\"><a class=\"fusion-button button-flat button-xlarge button-default fusion-button-default button-1 fusion-button-default-span fusion-button-default-type\" target=\"_self\" href=\"https:\/\/micologica-barakaldo.org\/wp-content\/uploads\/2020\/10\/Cortinarius-viridocoeruleus.pdf\"><i class=\" fa fa-file-pdf-o awb-button__icon awb-button__icon--default button-icon-left\" aria-hidden=\"true\"><\/i><span class=\"fusion-button-text awb-button__text awb-button__text--default\">VER FICHA COMPLETA<\/span><\/a><\/div><div class=\"fusion-clearfix\"><\/div><\/div><\/div><\/div><\/div>\n","protected":false},"excerpt":{"rendered":"","protected":false},"author":2,"featured_media":1232,"comment_status":"open","ping_status":"closed","sticky":false,"template":"","format":"standard","meta":{"footnotes":"","jetpack_publicize_message":"","jetpack_publicize_feature_enabled":true,"jetpack_social_post_already_shared":true,"jetpack_social_options":{"image_generator_settings":{"template":"highway","default_image_id":0,"font":"","enabled":false},"version":2}},"categories":[30,6],"tags":[],"class_list":["post-1268","post","type-post","status-publish","format-standard","has-post-thumbnail","hentry","category-fichas-micologicas-setas-c","category-fichas-micologicas"],"jetpack_publicize_connections":[],"jetpack_featured_media_url":"https:\/\/micologica-barakaldo.org\/wp-content\/uploads\/2018\/01\/Cortinarius-viridocoeruleus_20161226_2454.jpg","jetpack_shortlink":"https:\/\/wp.me\/p9dTSQ-ks","_links":{"self":[{"href":"https:\/\/micologica-barakaldo.org\/eu\/wp-json\/wp\/v2\/posts\/1268","targetHints":{"allow":["GET"]}}],"collection":[{"href":"https:\/\/micologica-barakaldo.org\/eu\/wp-json\/wp\/v2\/posts"}],"about":[{"href":"https:\/\/micologica-barakaldo.org\/eu\/wp-json\/wp\/v2\/types\/post"}],"author":[{"embeddable":true,"href":"https:\/\/micologica-barakaldo.org\/eu\/wp-json\/wp\/v2\/users\/2"}],"replies":[{"embeddable":true,"href":"https:\/\/micologica-barakaldo.org\/eu\/wp-json\/wp\/v2\/comments?post=1268"}],"version-history":[{"count":3,"href":"https:\/\/micologica-barakaldo.org\/eu\/wp-json\/wp\/v2\/posts\/1268\/revisions"}],"predecessor-version":[{"id":4268,"href":"https:\/\/micologica-barakaldo.org\/eu\/wp-json\/wp\/v2\/posts\/1268\/revisions\/4268"}],"wp:featuredmedia":[{"embeddable":true,"href":"https:\/\/micologica-barakaldo.org\/eu\/wp-json\/wp\/v2\/media\/1232"}],"wp:attachment":[{"href":"https:\/\/micologica-barakaldo.org\/eu\/wp-json\/wp\/v2\/media?parent=1268"}],"wp:term":[{"taxonomy":"category","embeddable":true,"href":"https:\/\/micologica-barakaldo.org\/eu\/wp-json\/wp\/v2\/categories?post=1268"},{"taxonomy":"post_tag","embeddable":true,"href":"https:\/\/micologica-barakaldo.org\/eu\/wp-json\/wp\/v2\/tags?post=1268"}],"curies":[{"name":"wp","href":"https:\/\/api.w.org\/{rel}","templated":true}]}}