{"id":1354,"date":"2018-02-11T20:21:27","date_gmt":"2018-02-11T19:21:27","guid":{"rendered":"https:\/\/micologica-barakaldo.org\/?p=1354"},"modified":"2020-09-06T14:13:23","modified_gmt":"2020-09-06T13:13:23","slug":"agaricus-porphyrocephalus","status":"publish","type":"post","link":"https:\/\/micologica-barakaldo.org\/eu\/agaricus-porphyrocephalus\/","title":{"rendered":"Agaricus porphyrocephalus"},"content":{"rendered":"<div class=\"fusion-fullwidth fullwidth-box fusion-builder-row-1 nonhundred-percent-fullwidth non-hundred-percent-height-scrolling\" style=\"--awb-border-radius-top-left:0px;--awb-border-radius-top-right:0px;--awb-border-radius-bottom-right:0px;--awb-border-radius-bottom-left:0px;--awb-padding-bottom:50px;--awb-flex-wrap:wrap;\" ><div class=\"fusion-builder-row fusion-row\"><div class=\"fusion-layout-column fusion_builder_column fusion-builder-column-0 fusion_builder_column_1_2 1_2 fusion-one-half fusion-column-first\" style=\"--awb-bg-size:cover;width:48%; margin-right: 4%;\"><div class=\"fusion-column-wrapper fusion-flex-column-wrapper-legacy\"><div class=\"fusion-text fusion-text-1\"><p style=\"text-align: justify;\">\u2261<em>Agaricus porphyreus<\/em> F.H. M\u00f8ller, PIl\u00e1t, Sborn. N\u00e1r. Mus. V Praze, \u0158ada B, P\u0159\u00edr V\u011bdy 7B (1): 13. 1951 [nom. illeg.]<\/p>\n<p style=\"text-align: justify;\">=<em>Agaricus calongei<\/em> Dan.-Arr., Bol. Soc. Micol. Madrid 24: 72. 1999<\/p>\n<p style=\"text-align: justify;\"><em>Caracteres macrosc\u00f3picos<\/em>. P\u00edleo de hasta 70 mm, globoso a plano convexo, margen truncado, centro un poco deprimido. Superficie primero cubierta de fibrillas radiales y despu\u00e9s con escamas conc\u00e9ntricas de color p\u00farpura-rojizo a pardo-rojizo, las escamas pueden ser m\u00e1s amplias y triangulares con el fondo m\u00e1s claro, margen excedente. L\u00e1minas libres, apretadas, primero de color rosa p\u00e1lido, pronto de rosa vivo a marr\u00f3n oscuro. Est\u00edpite de hasta 50&#215;25 mm, cil\u00edndrico o un poco claviforme; blanco y liso por encima del anillo, por debajo es fibrilloso y hacia la base con una o dos bandas delgadas del color del p\u00edleo; anillo s\u00fapero, simple, blanco, delgado y fugaz en la madurez, estriado en la cara superior. Contexto firme, blanco, rosado en la parte superior del est\u00edpite, olor y sabor poco apreciable.<\/p>\n<p style=\"text-align: justify;\"><em>Caracteres microsc\u00f3picos<\/em>. Basidi\u00f3sporas de 5,5-8,0 x 3,5-5,5 \u00b5m \/ Q = 1,4-1,5; elipsoides, marrones. Queilocistidios escasos, de hasta 40 x 20 \u00b5m, claviformes, en su mayor\u00eda simples.<\/p>\n<p style=\"text-align: justify;\"><em>Ecolog\u00eda<\/em>. En oto\u00f1o, en peque\u00f1os grupos desde el llano a la monta\u00f1a, en praderas y claros de bosque. <em>Distribuci\u00f3n<\/em>. Muy rara.<\/p>\n<p>&nbsp;<\/p>\n<p style=\"text-align: justify;\">\n<\/div><div class=\"fusion-clearfix\"><\/div><\/div><\/div><div class=\"fusion-layout-column fusion_builder_column fusion-builder-column-1 fusion_builder_column_1_2 1_2 fusion-one-half fusion-column-last\" style=\"--awb-bg-size:cover;width:48%;\"><div class=\"fusion-column-wrapper fusion-flex-column-wrapper-legacy\"><div class=\"fusion-image-element in-legacy-container\" style=\"--awb-caption-title-font-family:var(--h2_typography-font-family);--awb-caption-title-font-weight:var(--h2_typography-font-weight);--awb-caption-title-font-style:var(--h2_typography-font-style);--awb-caption-title-size:var(--h2_typography-font-size);--awb-caption-title-transform:var(--h2_typography-text-transform);--awb-caption-title-line-height:var(--h2_typography-line-height);--awb-caption-title-letter-spacing:var(--h2_typography-letter-spacing);\"><span class=\" fusion-imageframe imageframe-none imageframe-1 hover-type-none\"><img loading=\"lazy\" decoding=\"async\" width=\"1024\" height=\"768\" title=\"DCF 1.0\" src=\"https:\/\/micologica-barakaldo.org\/wp-content\/uploads\/2018\/02\/Agaricus-porphyrocephalus_20031012_001-1024x768.jpg\" alt class=\"img-responsive wp-image-8108\" srcset=\"https:\/\/micologica-barakaldo.org\/wp-content\/uploads\/2018\/02\/Agaricus-porphyrocephalus_20031012_001-200x150.jpg 200w, https:\/\/micologica-barakaldo.org\/wp-content\/uploads\/2018\/02\/Agaricus-porphyrocephalus_20031012_001-400x300.jpg 400w, https:\/\/micologica-barakaldo.org\/wp-content\/uploads\/2018\/02\/Agaricus-porphyrocephalus_20031012_001-600x450.jpg 600w, https:\/\/micologica-barakaldo.org\/wp-content\/uploads\/2018\/02\/Agaricus-porphyrocephalus_20031012_001-800x600.jpg 800w, https:\/\/micologica-barakaldo.org\/wp-content\/uploads\/2018\/02\/Agaricus-porphyrocephalus_20031012_001.jpg 1024w\" sizes=\"auto, (max-width: 1024px) 100vw, 800px\" \/><\/span><\/div><div class=\"fusion-clearfix\"><\/div><\/div><\/div><div class=\"fusion-layout-column fusion_builder_column fusion-builder-column-2 fusion_builder_column_1_1 1_1 fusion-one-full fusion-column-first fusion-column-last\" style=\"--awb-padding-top:40px;--awb-bg-size:cover;\"><div class=\"fusion-column-wrapper fusion-flex-column-wrapper-legacy\"><div class=\"fusion-aligncenter\"><a class=\"fusion-button button-flat button-xlarge button-default fusion-button-default button-1 fusion-button-default-span fusion-button-default-type\" target=\"_self\" href=\"https:\/\/micologica-barakaldo.org\/wp-content\/uploads\/2020\/09\/Agaricus-porphyrocephalus.pdf\"><i class=\" fa fa-file-pdf-o awb-button__icon awb-button__icon--default button-icon-left\" aria-hidden=\"true\"><\/i><span class=\"fusion-button-text awb-button__text awb-button__text--default\">VER FICHA COMPLETA<\/span><\/a><\/div><div class=\"fusion-clearfix\"><\/div><\/div><\/div><\/div><\/div>\n","protected":false},"excerpt":{"rendered":"","protected":false},"author":2,"featured_media":1341,"comment_status":"open","ping_status":"closed","sticky":false,"template":"","format":"standard","meta":{"footnotes":"","jetpack_publicize_message":"","jetpack_publicize_feature_enabled":true,"jetpack_social_post_already_shared":true,"jetpack_social_options":{"image_generator_settings":{"template":"highway","default_image_id":0,"font":"","enabled":false},"version":2}},"categories":[28,6],"tags":[],"class_list":["post-1354","post","type-post","status-publish","format-standard","has-post-thumbnail","hentry","category-fichas-micologicas-setas-a","category-fichas-micologicas"],"jetpack_publicize_connections":[],"jetpack_featured_media_url":"https:\/\/micologica-barakaldo.org\/wp-content\/uploads\/2018\/02\/Agaricus-porphyrocephalus_20031012_001.jpg","jetpack_shortlink":"https:\/\/wp.me\/p9dTSQ-lQ","_links":{"self":[{"href":"https:\/\/micologica-barakaldo.org\/eu\/wp-json\/wp\/v2\/posts\/1354","targetHints":{"allow":["GET"]}}],"collection":[{"href":"https:\/\/micologica-barakaldo.org\/eu\/wp-json\/wp\/v2\/posts"}],"about":[{"href":"https:\/\/micologica-barakaldo.org\/eu\/wp-json\/wp\/v2\/types\/post"}],"author":[{"embeddable":true,"href":"https:\/\/micologica-barakaldo.org\/eu\/wp-json\/wp\/v2\/users\/2"}],"replies":[{"embeddable":true,"href":"https:\/\/micologica-barakaldo.org\/eu\/wp-json\/wp\/v2\/comments?post=1354"}],"version-history":[{"count":3,"href":"https:\/\/micologica-barakaldo.org\/eu\/wp-json\/wp\/v2\/posts\/1354\/revisions"}],"predecessor-version":[{"id":4092,"href":"https:\/\/micologica-barakaldo.org\/eu\/wp-json\/wp\/v2\/posts\/1354\/revisions\/4092"}],"wp:featuredmedia":[{"embeddable":true,"href":"https:\/\/micologica-barakaldo.org\/eu\/wp-json\/wp\/v2\/media\/1341"}],"wp:attachment":[{"href":"https:\/\/micologica-barakaldo.org\/eu\/wp-json\/wp\/v2\/media?parent=1354"}],"wp:term":[{"taxonomy":"category","embeddable":true,"href":"https:\/\/micologica-barakaldo.org\/eu\/wp-json\/wp\/v2\/categories?post=1354"},{"taxonomy":"post_tag","embeddable":true,"href":"https:\/\/micologica-barakaldo.org\/eu\/wp-json\/wp\/v2\/tags?post=1354"}],"curies":[{"name":"wp","href":"https:\/\/api.w.org\/{rel}","templated":true}]}}