{"id":1410,"date":"2018-02-16T21:54:30","date_gmt":"2018-02-16T20:54:30","guid":{"rendered":"https:\/\/micologica-barakaldo.org\/?p=1410"},"modified":"2020-10-28T20:10:11","modified_gmt":"2020-10-28T19:10:11","slug":"gyroporus-castaneus","status":"publish","type":"post","link":"https:\/\/micologica-barakaldo.org\/eu\/gyroporus-castaneus\/","title":{"rendered":"Gyroporus castaneus"},"content":{"rendered":"<div class=\"fusion-fullwidth fullwidth-box fusion-builder-row-1 nonhundred-percent-fullwidth non-hundred-percent-height-scrolling\" style=\"--awb-border-radius-top-left:0px;--awb-border-radius-top-right:0px;--awb-border-radius-bottom-right:0px;--awb-border-radius-bottom-left:0px;--awb-padding-bottom:50px;--awb-flex-wrap:wrap;\" ><div class=\"fusion-builder-row fusion-row\"><div class=\"fusion-layout-column fusion_builder_column fusion-builder-column-0 fusion_builder_column_1_2 1_2 fusion-one-half fusion-column-first\" style=\"--awb-bg-size:cover;width:48%; margin-right: 4%;\"><div class=\"fusion-column-wrapper fusion-flex-column-wrapper-legacy\"><div class=\"fusion-text fusion-text-1\"><p style=\"text-align: justify;\"><em>Caracteres macrosc\u00f3picos<\/em>.\u00a0 P\u00edleo hasta 80 mm de di\u00e1metro, al principio convexo, pronto plano extendido e incluso con el margen levantado. Margen delgado un poco ondulado, superficie pil\u00e9ica fina, tomentosa o un poco aterciopelada, mate, no viscosa, muy poco separable, de color marr\u00f3n-casta\u00f1o oscuro, pardo-casta\u00f1o claro, ocre arcilla. Himen\u00f3foro con tubos hasta 8 mm de longitud, separables, primero adnatos, despu\u00e9s libres, primero muy prietos, blancos, crema en la madurez, poros primero peque\u00f1os y despu\u00e9s anchos, concoloros a los tubos, se manchan de marr\u00f3n a la presi\u00f3n. Est\u00edpite\u00a0\u00a0 hasta 70 x 25 mm, cilindr\u00e1ceo, atenuado en lo alto y en la base, a veces un poco irregular, quebradizo, seco, liso o un poco afieltrado, hueco y cavernoso; concolor al p\u00edleo, pero algo m\u00e1s p\u00e1lido. Contexto espeso, quebradizo, blanco, inmutable al contacto con el aire, sabor ligero de avellana, olor suave un tanto agradable.\u00a0 Reacciones macroqu\u00edmicas: Amon\u00edaco + superficie pil\u00e9ica = negativa. Guayaco + carne = lenta, azul verdoso.<\/p>\n<p style=\"text-align: justify;\"><em>Caracteres microsc\u00f3picos<\/em>. Basidi\u00f3sporas de 9,3-10,6 x 5,3-7 \u03bcm \/ Q = 1,3 &#8211; 2, elipsoidales, con gruesa ap\u00edcula, lisas, amarillentas vistas en KOH al 3%. Esporada de color amarillo p\u00e1lido en masa. Pileipellis constituida por una trichoderma de hifas m\u00e1s o menos sub-paralelas, largas, anchas, cil\u00edndricas, septadas, art\u00edculos terminales levantados, cilindr\u00e1ceos o lanceolados, , con el \u00e1pice redondeado o adelgazado, de calibre 42-105 x 5-14 \u03bcm \/ Q = 6,5-12, juntas con f\u00edbulas, con pigmentaci\u00f3n ocre en KOH al 3%.<\/p>\n<p style=\"text-align: justify;\">Ecolog\u00eda. \u00a0En verano y oto\u00f1o en bosques de frondosas, en suelos \u00e1cidos. Distribuci\u00f3n. Poco frecuente. Material estudiado.\u00a0 BURGOS, Riocavado de la Sierra, 1.000m, con <em>Quercus pyrenaica<\/em>, 12\/10\/2006, leg. &amp; det. J.A. Mu\u00f1oz, BAR2006101270. Fotograf\u00eda. \u00a0Jos\u00e9 A. Mu\u00f1oz S\u00e1nchez.<\/p>\n<\/div><div class=\"fusion-clearfix\"><\/div><\/div><\/div><div class=\"fusion-layout-column fusion_builder_column fusion-builder-column-1 fusion_builder_column_1_2 1_2 fusion-one-half fusion-column-last\" style=\"--awb-bg-size:cover;width:48%;\"><div class=\"fusion-column-wrapper fusion-flex-column-wrapper-legacy\"><div class=\"fusion-image-element in-legacy-container\" style=\"--awb-caption-title-font-family:var(--h2_typography-font-family);--awb-caption-title-font-weight:var(--h2_typography-font-weight);--awb-caption-title-font-style:var(--h2_typography-font-style);--awb-caption-title-size:var(--h2_typography-font-size);--awb-caption-title-transform:var(--h2_typography-text-transform);--awb-caption-title-line-height:var(--h2_typography-line-height);--awb-caption-title-letter-spacing:var(--h2_typography-letter-spacing);\"><span class=\" fusion-imageframe imageframe-none imageframe-1 hover-type-none\"><img loading=\"lazy\" decoding=\"async\" width=\"1024\" height=\"681\" title=\"Gyroporus castaneus_20170826_2671\" src=\"https:\/\/micologica-barakaldo.org\/wp-content\/uploads\/2018\/02\/Gyroporus-castaneus_20170826_2671-1024x681.jpg\" alt class=\"img-responsive wp-image-8113\" srcset=\"https:\/\/micologica-barakaldo.org\/wp-content\/uploads\/2018\/02\/Gyroporus-castaneus_20170826_2671-200x133.jpg 200w, https:\/\/micologica-barakaldo.org\/wp-content\/uploads\/2018\/02\/Gyroporus-castaneus_20170826_2671-400x266.jpg 400w, https:\/\/micologica-barakaldo.org\/wp-content\/uploads\/2018\/02\/Gyroporus-castaneus_20170826_2671-600x399.jpg 600w, https:\/\/micologica-barakaldo.org\/wp-content\/uploads\/2018\/02\/Gyroporus-castaneus_20170826_2671-800x532.jpg 800w, https:\/\/micologica-barakaldo.org\/wp-content\/uploads\/2018\/02\/Gyroporus-castaneus_20170826_2671.jpg 1024w\" sizes=\"auto, (max-width: 1024px) 100vw, 800px\" \/><\/span><\/div><div class=\"fusion-clearfix\"><\/div><\/div><\/div><div class=\"fusion-layout-column fusion_builder_column fusion-builder-column-2 fusion_builder_column_1_1 1_1 fusion-one-full fusion-column-first fusion-column-last\" style=\"--awb-padding-top:40px;--awb-bg-size:cover;\"><div class=\"fusion-column-wrapper fusion-flex-column-wrapper-legacy\"><div class=\"fusion-aligncenter\"><a class=\"fusion-button button-flat button-xlarge button-default fusion-button-default button-1 fusion-button-default-span fusion-button-default-type\" target=\"_self\" href=\"https:\/\/micologica-barakaldo.org\/wp-content\/uploads\/2020\/10\/Gyroporus-castaneus.pdf\"><i class=\" fa fa-file-pdf-o awb-button__icon awb-button__icon--default button-icon-left\" aria-hidden=\"true\"><\/i><span class=\"fusion-button-text awb-button__text awb-button__text--default\">VER FICHA COMPLETA<\/span><\/a><\/div><div class=\"fusion-clearfix\"><\/div><\/div><\/div><\/div><\/div>\n","protected":false},"excerpt":{"rendered":"","protected":false},"author":2,"featured_media":1348,"comment_status":"open","ping_status":"closed","sticky":false,"template":"","format":"standard","meta":{"footnotes":"","jetpack_publicize_message":"","jetpack_publicize_feature_enabled":true,"jetpack_social_post_already_shared":true,"jetpack_social_options":{"image_generator_settings":{"template":"highway","default_image_id":0,"font":"","enabled":false},"version":2}},"categories":[6,34],"tags":[],"class_list":["post-1410","post","type-post","status-publish","format-standard","has-post-thumbnail","hentry","category-fichas-micologicas","category-fichas-micologicas-setas-g"],"jetpack_publicize_connections":[],"jetpack_featured_media_url":"https:\/\/micologica-barakaldo.org\/wp-content\/uploads\/2018\/02\/Gyroporus-castaneus_20170826_2671.jpg","jetpack_shortlink":"https:\/\/wp.me\/p9dTSQ-mK","_links":{"self":[{"href":"https:\/\/micologica-barakaldo.org\/eu\/wp-json\/wp\/v2\/posts\/1410","targetHints":{"allow":["GET"]}}],"collection":[{"href":"https:\/\/micologica-barakaldo.org\/eu\/wp-json\/wp\/v2\/posts"}],"about":[{"href":"https:\/\/micologica-barakaldo.org\/eu\/wp-json\/wp\/v2\/types\/post"}],"author":[{"embeddable":true,"href":"https:\/\/micologica-barakaldo.org\/eu\/wp-json\/wp\/v2\/users\/2"}],"replies":[{"embeddable":true,"href":"https:\/\/micologica-barakaldo.org\/eu\/wp-json\/wp\/v2\/comments?post=1410"}],"version-history":[{"count":4,"href":"https:\/\/micologica-barakaldo.org\/eu\/wp-json\/wp\/v2\/posts\/1410\/revisions"}],"predecessor-version":[{"id":4437,"href":"https:\/\/micologica-barakaldo.org\/eu\/wp-json\/wp\/v2\/posts\/1410\/revisions\/4437"}],"wp:featuredmedia":[{"embeddable":true,"href":"https:\/\/micologica-barakaldo.org\/eu\/wp-json\/wp\/v2\/media\/1348"}],"wp:attachment":[{"href":"https:\/\/micologica-barakaldo.org\/eu\/wp-json\/wp\/v2\/media?parent=1410"}],"wp:term":[{"taxonomy":"category","embeddable":true,"href":"https:\/\/micologica-barakaldo.org\/eu\/wp-json\/wp\/v2\/categories?post=1410"},{"taxonomy":"post_tag","embeddable":true,"href":"https:\/\/micologica-barakaldo.org\/eu\/wp-json\/wp\/v2\/tags?post=1410"}],"curies":[{"name":"wp","href":"https:\/\/api.w.org\/{rel}","templated":true}]}}