{"id":1478,"date":"2018-03-05T20:47:25","date_gmt":"2018-03-05T19:47:25","guid":{"rendered":"https:\/\/micologica-barakaldo.org\/?p=1478"},"modified":"2020-07-01T19:14:41","modified_gmt":"2020-07-01T18:14:41","slug":"amanita-gracilior","status":"publish","type":"post","link":"https:\/\/micologica-barakaldo.org\/eu\/amanita-gracilior\/","title":{"rendered":"Amanita gracilior"},"content":{"rendered":"<div class=\"fusion-fullwidth fullwidth-box fusion-builder-row-1 nonhundred-percent-fullwidth non-hundred-percent-height-scrolling\" style=\"--awb-border-radius-top-left:0px;--awb-border-radius-top-right:0px;--awb-border-radius-bottom-right:0px;--awb-border-radius-bottom-left:0px;--awb-padding-bottom:50px;--awb-flex-wrap:wrap;\" ><div class=\"fusion-builder-row fusion-row\"><div class=\"fusion-layout-column fusion_builder_column fusion-builder-column-0 fusion_builder_column_1_2 1_2 fusion-one-half fusion-column-first\" style=\"--awb-bg-size:cover;width:48%; margin-right: 4%;\"><div class=\"fusion-column-wrapper fusion-flex-column-wrapper-legacy\"><div class=\"fusion-text fusion-text-1\"><p style=\"text-align: justify;\"><em>Caracteres macrosc\u00f3picos<\/em>. P\u00edleo de hasta 100 mm de di\u00e1metro, al principio hemisf\u00e9rico, despu\u00e9s convexo y por \u00faltimo plano-convexo; Margen liso, no desbordante, despu\u00e9s recto. Superficie brillante, cubierta de peque\u00f1os restos de velo general blancos, c\u00f3nicos o piramidales; de color blanco o blanquecino. L\u00e1minas libres, apretadas, anchas, blancas. Est\u00edpite de hasta 120 x 30 mm, cil\u00edndrico<span style=\"text-decoration: line-through;\">,<\/span> con bulbo napiforme-radicante, muy enterrado, blanco, cubierto de finas escamas blancas; anillo amplio y membranoso, fr\u00e1gil, finamente estriado en la parte superior; volva friable, fragmentada en escamas y bandas irregulares blancas. Contexto delgado, fr\u00e1gil, blanco; sin olor ni sabor remarcables.<\/p>\n<p style=\"text-align: justify;\"><em>Caracteres microsc\u00f3picos<\/em>. Basidi\u00f3sporas de 9,5-12,0 x 5,5-7,0 \u00b5m \/ Q = 1,8-2,0; de oblongas a subcil\u00edndricas, lisas, hialinas, amiloides. Basidios de 60 x 15 \u00b5m, tetrasp\u00f3ricos, juntas sin f\u00edbulas. Elementos del velo formado por esferocistos de hasta x60 \u00b5m, con c\u00e9lulas de clavadas a subcil\u00edndricas de hasta 70 x 20 \u00b5m y por hifas delgadas de hasta x2-5 \u00b5m.<\/p>\n<p style=\"text-align: justify;\">Ecolog\u00eda. En verano y oto\u00f1o en bosques de frondosas, sobre todo bajo encinas (<em>Quercus ilex<\/em>), en suelos neutros, en ambiente mediterr\u00e1neo. <em>Distribuci\u00f3n<\/em>. Muy rara.<\/p>\n<p>&nbsp;<\/p>\n<\/div><div class=\"fusion-clearfix\"><\/div><\/div><\/div><div class=\"fusion-layout-column fusion_builder_column fusion-builder-column-1 fusion_builder_column_1_2 1_2 fusion-one-half fusion-column-last\" style=\"--awb-bg-size:cover;width:48%;\"><div class=\"fusion-column-wrapper fusion-flex-column-wrapper-legacy\"><div class=\"fusion-image-element in-legacy-container\" style=\"--awb-caption-title-font-family:var(--h2_typography-font-family);--awb-caption-title-font-weight:var(--h2_typography-font-weight);--awb-caption-title-font-style:var(--h2_typography-font-style);--awb-caption-title-size:var(--h2_typography-font-size);--awb-caption-title-transform:var(--h2_typography-text-transform);--awb-caption-title-line-height:var(--h2_typography-line-height);--awb-caption-title-letter-spacing:var(--h2_typography-letter-spacing);\"><span class=\" fusion-imageframe imageframe-none imageframe-1 hover-type-none\"><img loading=\"lazy\" decoding=\"async\" width=\"1204\" height=\"910\" title=\"DCF 1.0\" src=\"https:\/\/micologica-barakaldo.org\/wp-content\/uploads\/2020\/07\/Amanita-gracilior_20030906_01.jpg\" alt class=\"img-responsive wp-image-8685\" srcset=\"https:\/\/micologica-barakaldo.org\/wp-content\/uploads\/2020\/07\/Amanita-gracilior_20030906_01-200x151.jpg 200w, https:\/\/micologica-barakaldo.org\/wp-content\/uploads\/2020\/07\/Amanita-gracilior_20030906_01-400x302.jpg 400w, https:\/\/micologica-barakaldo.org\/wp-content\/uploads\/2020\/07\/Amanita-gracilior_20030906_01-600x453.jpg 600w, https:\/\/micologica-barakaldo.org\/wp-content\/uploads\/2020\/07\/Amanita-gracilior_20030906_01-800x605.jpg 800w, https:\/\/micologica-barakaldo.org\/wp-content\/uploads\/2020\/07\/Amanita-gracilior_20030906_01-1200x907.jpg 1200w, https:\/\/micologica-barakaldo.org\/wp-content\/uploads\/2020\/07\/Amanita-gracilior_20030906_01.jpg 1204w\" sizes=\"auto, (max-width: 1024px) 100vw, 800px\" \/><\/span><\/div><div class=\"fusion-clearfix\"><\/div><\/div><\/div><div class=\"fusion-layout-column fusion_builder_column fusion-builder-column-2 fusion_builder_column_1_1 1_1 fusion-one-full fusion-column-first fusion-column-last\" style=\"--awb-padding-top:40px;--awb-bg-size:cover;\"><div class=\"fusion-column-wrapper fusion-flex-column-wrapper-legacy\"><div class=\"fusion-aligncenter\"><a class=\"fusion-button button-flat button-xlarge button-default fusion-button-default button-1 fusion-button-default-span fusion-button-default-type\" target=\"_self\" href=\"https:\/\/micologica-barakaldo.org\/wp-content\/uploads\/2020\/07\/Amanita-gracilior.pdf\"><i class=\" fa fa-file-pdf-o awb-button__icon awb-button__icon--default button-icon-left\" aria-hidden=\"true\"><\/i><span class=\"fusion-button-text awb-button__text awb-button__text--default\">VER FICHA COMPLETA<\/span><\/a><\/div><div class=\"fusion-clearfix\"><\/div><\/div><\/div><\/div><\/div>\n","protected":false},"excerpt":{"rendered":"","protected":false},"author":2,"featured_media":3789,"comment_status":"open","ping_status":"closed","sticky":false,"template":"","format":"standard","meta":{"footnotes":"","jetpack_publicize_message":"","jetpack_publicize_feature_enabled":true,"jetpack_social_post_already_shared":true,"jetpack_social_options":{"image_generator_settings":{"template":"highway","default_image_id":0,"font":"","enabled":false},"version":2}},"categories":[28,6],"tags":[],"class_list":["post-1478","post","type-post","status-publish","format-standard","has-post-thumbnail","hentry","category-fichas-micologicas-setas-a","category-fichas-micologicas"],"jetpack_publicize_connections":[],"jetpack_featured_media_url":"https:\/\/micologica-barakaldo.org\/wp-content\/uploads\/2020\/07\/Amanita-gracilior_20030906_01.jpg","jetpack_shortlink":"https:\/\/wp.me\/p9dTSQ-nQ","_links":{"self":[{"href":"https:\/\/micologica-barakaldo.org\/eu\/wp-json\/wp\/v2\/posts\/1478","targetHints":{"allow":["GET"]}}],"collection":[{"href":"https:\/\/micologica-barakaldo.org\/eu\/wp-json\/wp\/v2\/posts"}],"about":[{"href":"https:\/\/micologica-barakaldo.org\/eu\/wp-json\/wp\/v2\/types\/post"}],"author":[{"embeddable":true,"href":"https:\/\/micologica-barakaldo.org\/eu\/wp-json\/wp\/v2\/users\/2"}],"replies":[{"embeddable":true,"href":"https:\/\/micologica-barakaldo.org\/eu\/wp-json\/wp\/v2\/comments?post=1478"}],"version-history":[{"count":3,"href":"https:\/\/micologica-barakaldo.org\/eu\/wp-json\/wp\/v2\/posts\/1478\/revisions"}],"predecessor-version":[{"id":3790,"href":"https:\/\/micologica-barakaldo.org\/eu\/wp-json\/wp\/v2\/posts\/1478\/revisions\/3790"}],"wp:featuredmedia":[{"embeddable":true,"href":"https:\/\/micologica-barakaldo.org\/eu\/wp-json\/wp\/v2\/media\/3789"}],"wp:attachment":[{"href":"https:\/\/micologica-barakaldo.org\/eu\/wp-json\/wp\/v2\/media?parent=1478"}],"wp:term":[{"taxonomy":"category","embeddable":true,"href":"https:\/\/micologica-barakaldo.org\/eu\/wp-json\/wp\/v2\/categories?post=1478"},{"taxonomy":"post_tag","embeddable":true,"href":"https:\/\/micologica-barakaldo.org\/eu\/wp-json\/wp\/v2\/tags?post=1478"}],"curies":[{"name":"wp","href":"https:\/\/api.w.org\/{rel}","templated":true}]}}