{"id":1502,"date":"2018-03-08T18:57:15","date_gmt":"2018-03-08T17:57:15","guid":{"rendered":"https:\/\/micologica-barakaldo.org\/?p=1502"},"modified":"2018-03-08T20:40:26","modified_gmt":"2018-03-08T19:40:26","slug":"temporada-setas-marzo","status":"publish","type":"post","link":"https:\/\/micologica-barakaldo.org\/eu\/temporada-setas-marzo\/","title":{"rendered":"Temporada de setas: MARZO"},"content":{"rendered":"<p>\u00a0<img loading=\"lazy\" decoding=\"async\" class=\"size-medium wp-image-1504 aligncenter\" src=\"https:\/\/micologica-barakaldo.org\/wp-content\/uploads\/2018\/03\/Hygrophorus-marzuolus_20120310_4025-300x225.jpg\" alt=\"\" width=\"300\" height=\"225\" srcset=\"https:\/\/micologica-barakaldo.org\/wp-content\/uploads\/2018\/03\/Hygrophorus-marzuolus_20120310_4025-200x150.jpg 200w, https:\/\/micologica-barakaldo.org\/wp-content\/uploads\/2018\/03\/Hygrophorus-marzuolus_20120310_4025-300x225.jpg 300w, https:\/\/micologica-barakaldo.org\/wp-content\/uploads\/2018\/03\/Hygrophorus-marzuolus_20120310_4025-400x300.jpg 400w, https:\/\/micologica-barakaldo.org\/wp-content\/uploads\/2018\/03\/Hygrophorus-marzuolus_20120310_4025-600x449.jpg 600w, https:\/\/micologica-barakaldo.org\/wp-content\/uploads\/2018\/03\/Hygrophorus-marzuolus_20120310_4025-768x575.jpg 768w, https:\/\/micologica-barakaldo.org\/wp-content\/uploads\/2018\/03\/Hygrophorus-marzuolus_20120310_4025-800x599.jpg 800w, https:\/\/micologica-barakaldo.org\/wp-content\/uploads\/2018\/03\/Hygrophorus-marzuolus_20120310_4025-1020x764.jpg 1020w, https:\/\/micologica-barakaldo.org\/wp-content\/uploads\/2018\/03\/Hygrophorus-marzuolus_20120310_4025.jpg 1024w\" sizes=\"auto, (max-width: 300px) 100vw, 300px\" \/><\/p>\n<p>Pues s\u00ed, marzo tambi\u00e9n tiene su seta: \u00a0la <strong>Seta de Marzo<\/strong>, tambi\u00e9n conocida como Seta de ardillas (<em>Hygrophorus marzuolus<\/em>), aunque no es del todo cierto, porque dependiendo de la climatolog\u00eda, puede fructificar desde principios de febrero en cotas bajas, hasta finales de mayo en las zonas m\u00e1s altas.<\/p>\n<p>Aun as\u00ed, es este mes donde m\u00e1s frecuente la encontramos. En muchas ocasiones es \u201cdelatada\u201d por los restos que dejan ardillas, corzos y jabal\u00edes, que dan buena cuenta de ellas, dada la escasez de alimentos de los que pueden disponer en los bosques. A la Seta de Marzo (el \u201cmarzuolus\u201d para los amigos) le gustan los suelos \u00e1cidos, arcillosos e incluso arenosos, y prefiere los bosques de con\u00edferas, sobre todo Pino rojo y Abeto blanco, aunque en la cordillera cant\u00e1brica, frecuenta los hayedos de media monta\u00f1a, y m\u00e1s raramente se la ve bajo robles.\u00a0<\/p>\n<p>Fructifica por estos meses, aunque su micelio comienza activarse en temperaturas entre 2-5\u00baC. Por eso, en a\u00f1os con pocas lluvias y heladas persistentes, escasea. La nieve suele ser su buena aliada, ya que protege al suelo de las fuertes heladas y las bajas temperaturas.<\/p>\n<p>Como muchos privilegiados conocen, es una excelente comestible y todo un reto su recolecci\u00f3n (les gusta estar completamente tapadas, por hojas y cortezas) y exige muuuucha paciencia, vista de halc\u00f3n y paso corto. Este a\u00f1o, que por fin hemos tenido un invierno m\u00e1s o menos de los de antes, promete y de hecho muchos aficionados ya han hecho sus primeras recolectas.<\/p>\n<p>Pero no s\u00f3lo en marzo tenemos la Seta de Marzo, tambi\u00e9n brotan otras especies \u201ctempraneras\u201d que aparecen en el mes de transici\u00f3n, en el que se va el invierno y llega la primavera. Quien no conoce la Seta de primavera, Seta abril, Seta de San Jorge, Perretxiko, Zuza; Moixern\u00f3 (Calocybe gambosa) \u2026, otra especie que tiene un amplio rango de aparici\u00f3n. Fructifica en algunos casos en enero, e incluso diciembre en cotas bajas\u00a0 cerca de la costa en la cornisa cant\u00e1brica, hasta primeros de Julio en la Cordillera cant\u00e1brica y Pirineos, cuando los neveros terminan de fundirse.<\/p>\n<p><img loading=\"lazy\" decoding=\"async\" class=\"size-medium wp-image-1503 aligncenter\" src=\"https:\/\/micologica-barakaldo.org\/wp-content\/uploads\/2018\/03\/Calocybe-gambosa_20120505_4712-300x200.jpg\" alt=\"\" width=\"300\" height=\"200\" srcset=\"https:\/\/micologica-barakaldo.org\/wp-content\/uploads\/2018\/03\/Calocybe-gambosa_20120505_4712-200x133.jpg 200w, https:\/\/micologica-barakaldo.org\/wp-content\/uploads\/2018\/03\/Calocybe-gambosa_20120505_4712-300x200.jpg 300w, https:\/\/micologica-barakaldo.org\/wp-content\/uploads\/2018\/03\/Calocybe-gambosa_20120505_4712-400x266.jpg 400w, https:\/\/micologica-barakaldo.org\/wp-content\/uploads\/2018\/03\/Calocybe-gambosa_20120505_4712-600x399.jpg 600w, https:\/\/micologica-barakaldo.org\/wp-content\/uploads\/2018\/03\/Calocybe-gambosa_20120505_4712-768x511.jpg 768w, https:\/\/micologica-barakaldo.org\/wp-content\/uploads\/2018\/03\/Calocybe-gambosa_20120505_4712-800x532.jpg 800w, https:\/\/micologica-barakaldo.org\/wp-content\/uploads\/2018\/03\/Calocybe-gambosa_20120505_4712-1020x678.jpg 1020w, https:\/\/micologica-barakaldo.org\/wp-content\/uploads\/2018\/03\/Calocybe-gambosa_20120505_4712.jpg 1024w\" sizes=\"auto, (max-width: 300px) 100vw, 300px\" \/><\/p>\n<p>Tambi\u00e9n comienza a verse en zonas templadas las colmenillas (Morchella) y los bonetes (<em>Helvella leucopus<\/em>), muy apreciadas por muchos aficionados.<\/p>\n<p><img loading=\"lazy\" decoding=\"async\" class=\"wp-image-1505 aligncenter\" src=\"https:\/\/micologica-barakaldo.org\/wp-content\/uploads\/2018\/03\/Morchella-vulgaris_20130420_11567-300x200.jpg\" alt=\"\" width=\"328\" height=\"219\" srcset=\"https:\/\/micologica-barakaldo.org\/wp-content\/uploads\/2018\/03\/Morchella-vulgaris_20130420_11567-200x133.jpg 200w, https:\/\/micologica-barakaldo.org\/wp-content\/uploads\/2018\/03\/Morchella-vulgaris_20130420_11567-300x200.jpg 300w, https:\/\/micologica-barakaldo.org\/wp-content\/uploads\/2018\/03\/Morchella-vulgaris_20130420_11567-400x266.jpg 400w, https:\/\/micologica-barakaldo.org\/wp-content\/uploads\/2018\/03\/Morchella-vulgaris_20130420_11567-600x399.jpg 600w, https:\/\/micologica-barakaldo.org\/wp-content\/uploads\/2018\/03\/Morchella-vulgaris_20130420_11567-768x511.jpg 768w, https:\/\/micologica-barakaldo.org\/wp-content\/uploads\/2018\/03\/Morchella-vulgaris_20130420_11567-800x532.jpg 800w, https:\/\/micologica-barakaldo.org\/wp-content\/uploads\/2018\/03\/Morchella-vulgaris_20130420_11567-1020x678.jpg 1020w, https:\/\/micologica-barakaldo.org\/wp-content\/uploads\/2018\/03\/Morchella-vulgaris_20130420_11567.jpg 1024w\" sizes=\"auto, (max-width: 328px) 100vw, 328px\" \/><\/p>\n<p>Y para terminar, recordad que marzo es el mes en que la temporada trufera toca a su fin (<em>Tuber brumale, T. melanosporum<\/em> entre otros).<\/p>\n<p>Como veis, un mes muy interesante (siempre que la climatolog\u00eda acompa\u00f1e), con \u201cmuy sustanciosas recompensas\u201d, pero muy exigente, en cuanto a dedicaci\u00f3n, esfuerzo y experiencia, pero, \u00bfalguien dijo que fuese f\u00e1cil?<\/p>\n<p>&nbsp;<\/p>\n<p>&nbsp;<\/p>\n","protected":false},"excerpt":{"rendered":"<p>\u00a0 Pues s\u00ed, marzo tambi\u00e9n tiene su seta: \u00a0la Seta de Marzo, tambi\u00e9n conocida como  [&#8230;]<\/p>\n","protected":false},"author":3,"featured_media":1504,"comment_status":"open","ping_status":"closed","sticky":false,"template":"","format":"standard","meta":{"footnotes":"","jetpack_publicize_message":"","jetpack_publicize_feature_enabled":true,"jetpack_social_post_already_shared":true,"jetpack_social_options":{"image_generator_settings":{"template":"highway","default_image_id":0,"font":"","enabled":false},"version":2}},"categories":[7,27],"tags":[],"class_list":["post-1502","post","type-post","status-publish","format-standard","has-post-thumbnail","hentry","category-blog","category-temporada-de-setas"],"jetpack_publicize_connections":[],"jetpack_featured_media_url":"https:\/\/micologica-barakaldo.org\/wp-content\/uploads\/2018\/03\/Hygrophorus-marzuolus_20120310_4025.jpg","jetpack_shortlink":"https:\/\/wp.me\/p9dTSQ-oe","_links":{"self":[{"href":"https:\/\/micologica-barakaldo.org\/eu\/wp-json\/wp\/v2\/posts\/1502","targetHints":{"allow":["GET"]}}],"collection":[{"href":"https:\/\/micologica-barakaldo.org\/eu\/wp-json\/wp\/v2\/posts"}],"about":[{"href":"https:\/\/micologica-barakaldo.org\/eu\/wp-json\/wp\/v2\/types\/post"}],"author":[{"embeddable":true,"href":"https:\/\/micologica-barakaldo.org\/eu\/wp-json\/wp\/v2\/users\/3"}],"replies":[{"embeddable":true,"href":"https:\/\/micologica-barakaldo.org\/eu\/wp-json\/wp\/v2\/comments?post=1502"}],"version-history":[{"count":1,"href":"https:\/\/micologica-barakaldo.org\/eu\/wp-json\/wp\/v2\/posts\/1502\/revisions"}],"predecessor-version":[{"id":1506,"href":"https:\/\/micologica-barakaldo.org\/eu\/wp-json\/wp\/v2\/posts\/1502\/revisions\/1506"}],"wp:featuredmedia":[{"embeddable":true,"href":"https:\/\/micologica-barakaldo.org\/eu\/wp-json\/wp\/v2\/media\/1504"}],"wp:attachment":[{"href":"https:\/\/micologica-barakaldo.org\/eu\/wp-json\/wp\/v2\/media?parent=1502"}],"wp:term":[{"taxonomy":"category","embeddable":true,"href":"https:\/\/micologica-barakaldo.org\/eu\/wp-json\/wp\/v2\/categories?post=1502"},{"taxonomy":"post_tag","embeddable":true,"href":"https:\/\/micologica-barakaldo.org\/eu\/wp-json\/wp\/v2\/tags?post=1502"}],"curies":[{"name":"wp","href":"https:\/\/api.w.org\/{rel}","templated":true}]}}