{"id":1559,"date":"2018-03-18T21:13:15","date_gmt":"2018-03-18T20:13:15","guid":{"rendered":"https:\/\/micologica-barakaldo.org\/?p=1559"},"modified":"2025-03-12T22:58:31","modified_gmt":"2025-03-12T21:58:31","slug":"cantharellus-friesii","status":"publish","type":"post","link":"https:\/\/micologica-barakaldo.org\/eu\/cantharellus-friesii\/","title":{"rendered":"Cantharellus friesii"},"content":{"rendered":"<div class=\"fusion-fullwidth fullwidth-box fusion-builder-row-1 nonhundred-percent-fullwidth non-hundred-percent-height-scrolling\" style=\"--awb-border-radius-top-left:0px;--awb-border-radius-top-right:0px;--awb-border-radius-bottom-right:0px;--awb-border-radius-bottom-left:0px;--awb-padding-bottom:50px;--awb-flex-wrap:wrap;\" ><div class=\"fusion-builder-row fusion-row\"><div class=\"fusion-layout-column fusion_builder_column fusion-builder-column-0 fusion_builder_column_1_2 1_2 fusion-one-half fusion-column-first\" style=\"--awb-bg-size:cover;width:48%; margin-right: 4%;\"><div class=\"fusion-column-wrapper fusion-flex-column-wrapper-legacy\"><div class=\"fusion-text fusion-text-1\"><p>&nbsp;<\/p>\n<p style=\"text-align: justify;\"><strong><em>Cantharellus friesii<\/em> Qu\u00e9l.<\/strong>, M\u00e9moires de la Soci\u00e9t\u00e9 d&#8217;\u00c9mulation de Montb\u00e9liard ser. 2, 5: 215. 1872<\/p>\n<p>Mycobank:\u00a0<span style=\"color: #0000ff;\"><a style=\"color: #0000ff;\" href=\"https:\/\/www.MycoBank.org\/MB\/204760\" target=\"_blank\" rel=\"noopener\">204760<\/a><\/span><\/p>\n<p style=\"text-align: justify;\"><em>Caracteres macrosc\u00f3picos<\/em>. P\u00edleo de hasta 40 mm, primero convexo, que pasa a ser deprimido. Superficie lisa; de color que va del rosa-naranja, naranja albaricoque, m\u00e1s claro hacia el borde. Margen irregular. Himen\u00f3foro constituido por pliegues sinuosos, m\u00e1s o menos anchos, bifurcados y decurrentes, del mismo color del p\u00edleo o m\u00e1s p\u00e1lido. Est\u00edpite de hasta 40 x 8 mm, cil\u00edndrico, corto, fibroso, del mismo color que las l\u00e1minas o m\u00e1s p\u00e1lido, se mancha de amarillo naranja a la presi\u00f3n. Contexto fibroso, amarillento; olor afrutado, sabor dulce.<\/p>\n<p style=\"text-align: justify;\"><em>Caracteres microsc\u00f3picos<\/em>. Basidi\u00f3sporas de 9-12 x 4,5-6 \u03bcm \/ Q = 1,5-2; el\u00edpticas a ovales, apiculadas, lisas, hialinas, con peque\u00f1as g\u00fatulas. Basidios de hasta 70 x 11 \u00b5m, alargados, claviformes, de 2-5 esterigmas, juntas con f\u00edbulas. Sistema de hifas monom\u00edtico: Hifas generativas hasta x5 \u03bcm, con paredes delgadas, con juntas fibuladas.<\/p>\n<p style=\"text-align: justify;\"><em>Ecolog\u00eda<\/em>. En verano y oto\u00f1o en bosques h\u00famedos de frondosas (<em>Fagus, Quercus<\/em> y <em>Castanea<\/em>) en suelos neutros. <em>Distribuci\u00f3n<\/em>. Poco com\u00fan. R.<\/p>\n<p style=\"text-align: justify;\">Citar como: MU\u00d1OZ, J. A. (2018). Cantharellus friesii Qu\u00e9l., micol\u00f3gica-barakaldo.org [en l\u00ednea]. Fichas Micol\u00f3gicas, 118 (Actualizada el 18-III-2018). ISSN 2660-633X. [consultado el xx\/xx\/xxx] <a href=\"https:\/\/micologica-barakaldo.org\/Hygrophorus-camarophyllus\/\">https:\/\/micologica-barakaldo.org\/Cantharellus-friesii\/<\/a><\/p>\n<\/div><div class=\"fusion-clearfix\"><\/div><\/div><\/div><div class=\"fusion-layout-column fusion_builder_column fusion-builder-column-1 fusion_builder_column_1_2 1_2 fusion-one-half fusion-column-last\" style=\"--awb-bg-size:cover;width:48%;\"><div class=\"fusion-column-wrapper fusion-flex-column-wrapper-legacy\"><div class=\"fusion-image-element in-legacy-container\" style=\"--awb-caption-title-font-family:var(--h2_typography-font-family);--awb-caption-title-font-weight:var(--h2_typography-font-weight);--awb-caption-title-font-style:var(--h2_typography-font-style);--awb-caption-title-size:var(--h2_typography-font-size);--awb-caption-title-transform:var(--h2_typography-text-transform);--awb-caption-title-line-height:var(--h2_typography-line-height);--awb-caption-title-letter-spacing:var(--h2_typography-letter-spacing);\"><span class=\" fusion-imageframe imageframe-none imageframe-1 hover-type-none\"><img loading=\"lazy\" decoding=\"async\" width=\"1024\" height=\"743\" title=\"Cantharellus friesii_20110730_1471\" src=\"https:\/\/micologica-barakaldo.org\/wp-content\/uploads\/2018\/03\/Cantharellus-friesii_20110730_1471-1024x743.jpg\" alt class=\"img-responsive wp-image-8122\" srcset=\"https:\/\/micologica-barakaldo.org\/wp-content\/uploads\/2018\/03\/Cantharellus-friesii_20110730_1471-200x145.jpg 200w, https:\/\/micologica-barakaldo.org\/wp-content\/uploads\/2018\/03\/Cantharellus-friesii_20110730_1471-400x290.jpg 400w, https:\/\/micologica-barakaldo.org\/wp-content\/uploads\/2018\/03\/Cantharellus-friesii_20110730_1471-600x435.jpg 600w, https:\/\/micologica-barakaldo.org\/wp-content\/uploads\/2018\/03\/Cantharellus-friesii_20110730_1471-800x580.jpg 800w, https:\/\/micologica-barakaldo.org\/wp-content\/uploads\/2018\/03\/Cantharellus-friesii_20110730_1471.jpg 1024w\" sizes=\"auto, (max-width: 1024px) 100vw, 800px\" \/><\/span><\/div><div class=\"fusion-clearfix\"><\/div><\/div><\/div><div class=\"fusion-layout-column fusion_builder_column fusion-builder-column-2 fusion_builder_column_1_1 1_1 fusion-one-full fusion-column-first fusion-column-last\" style=\"--awb-padding-top:40px;--awb-bg-size:cover;\"><div class=\"fusion-column-wrapper fusion-flex-column-wrapper-legacy\"><div class=\"fusion-aligncenter\"><a class=\"fusion-button button-flat button-xlarge button-default fusion-button-default button-1 fusion-button-default-span fusion-button-default-type\" target=\"_self\" href=\"https:\/\/micologica-barakaldo.org\/wp-content\/uploads\/2020\/08\/Cantharellus-friesii.pdf\"><i class=\" fa fa-file-pdf-o awb-button__icon awb-button__icon--default button-icon-left\" aria-hidden=\"true\"><\/i><span class=\"fusion-button-text awb-button__text awb-button__text--default\">VER FICHA COMPLETA<\/span><\/a><\/div><div class=\"fusion-clearfix\"><\/div><\/div><\/div><\/div><\/div>\n","protected":false},"excerpt":{"rendered":"","protected":false},"author":2,"featured_media":1452,"comment_status":"open","ping_status":"closed","sticky":false,"template":"","format":"standard","meta":{"footnotes":"","jetpack_publicize_message":"","jetpack_publicize_feature_enabled":true,"jetpack_social_post_already_shared":true,"jetpack_social_options":{"image_generator_settings":{"template":"highway","default_image_id":0,"font":"","enabled":false},"version":2}},"categories":[30,6],"tags":[],"class_list":["post-1559","post","type-post","status-publish","format-standard","has-post-thumbnail","hentry","category-fichas-micologicas-setas-c","category-fichas-micologicas"],"jetpack_publicize_connections":[],"jetpack_featured_media_url":"https:\/\/micologica-barakaldo.org\/wp-content\/uploads\/2018\/03\/Cantharellus-friesii_20110730_1471.jpg","jetpack_shortlink":"https:\/\/wp.me\/p9dTSQ-p9","_links":{"self":[{"href":"https:\/\/micologica-barakaldo.org\/eu\/wp-json\/wp\/v2\/posts\/1559","targetHints":{"allow":["GET"]}}],"collection":[{"href":"https:\/\/micologica-barakaldo.org\/eu\/wp-json\/wp\/v2\/posts"}],"about":[{"href":"https:\/\/micologica-barakaldo.org\/eu\/wp-json\/wp\/v2\/types\/post"}],"author":[{"embeddable":true,"href":"https:\/\/micologica-barakaldo.org\/eu\/wp-json\/wp\/v2\/users\/2"}],"replies":[{"embeddable":true,"href":"https:\/\/micologica-barakaldo.org\/eu\/wp-json\/wp\/v2\/comments?post=1559"}],"version-history":[{"count":4,"href":"https:\/\/micologica-barakaldo.org\/eu\/wp-json\/wp\/v2\/posts\/1559\/revisions"}],"predecessor-version":[{"id":11387,"href":"https:\/\/micologica-barakaldo.org\/eu\/wp-json\/wp\/v2\/posts\/1559\/revisions\/11387"}],"wp:featuredmedia":[{"embeddable":true,"href":"https:\/\/micologica-barakaldo.org\/eu\/wp-json\/wp\/v2\/media\/1452"}],"wp:attachment":[{"href":"https:\/\/micologica-barakaldo.org\/eu\/wp-json\/wp\/v2\/media?parent=1559"}],"wp:term":[{"taxonomy":"category","embeddable":true,"href":"https:\/\/micologica-barakaldo.org\/eu\/wp-json\/wp\/v2\/categories?post=1559"},{"taxonomy":"post_tag","embeddable":true,"href":"https:\/\/micologica-barakaldo.org\/eu\/wp-json\/wp\/v2\/tags?post=1559"}],"curies":[{"name":"wp","href":"https:\/\/api.w.org\/{rel}","templated":true}]}}