{"id":1628,"date":"2018-03-29T17:51:46","date_gmt":"2018-03-29T16:51:46","guid":{"rendered":"https:\/\/micologica-barakaldo.org\/?p=1628"},"modified":"2020-09-03T22:03:48","modified_gmt":"2020-09-03T21:03:48","slug":"cortinarius-assiduus","status":"publish","type":"post","link":"https:\/\/micologica-barakaldo.org\/eu\/cortinarius-assiduus\/","title":{"rendered":"Cortinarius assiduus"},"content":{"rendered":"<div class=\"fusion-fullwidth fullwidth-box fusion-builder-row-1 nonhundred-percent-fullwidth non-hundred-percent-height-scrolling\" style=\"--awb-border-radius-top-left:0px;--awb-border-radius-top-right:0px;--awb-border-radius-bottom-right:0px;--awb-border-radius-bottom-left:0px;--awb-padding-bottom:50px;--awb-flex-wrap:wrap;\" ><div class=\"fusion-builder-row fusion-row\"><div class=\"fusion-layout-column fusion_builder_column fusion-builder-column-0 fusion_builder_column_1_2 1_2 fusion-one-half fusion-column-first\" style=\"--awb-bg-size:cover;width:48%; margin-right: 4%;\"><div class=\"fusion-column-wrapper fusion-flex-column-wrapper-legacy\"><div class=\"fusion-text fusion-text-1\"><p><em>Caracteres macrosc\u00f3picos<\/em>. P\u00edleo de hasta 60 mm de di\u00e1metro, primero c\u00f3nico convexo, despu\u00e9s plano convexo, finalmente extendido y conservando un marcado mamel\u00f3n obtuso con una zona m\u00e1s deprimida alrededor; margen poco enrollado, liso; superficie pil\u00e9ica brillante, higr\u00f3fana, un poco fibrilloso hacia el margen; de color marr\u00f3n rojizo en el disco y el resto marr\u00f3n gris\u00e1ceo o pardo gris\u00e1ceo, con tonos lil\u00e1ceos en tiempos h\u00famedo, palideciendo en tiempo seco. L\u00e1minas espaciadas, desiguales, con numerosas lam\u00e9lulas, anchas, escotadas, arista irregular o crenulada; de color lila beige en los carp\u00f3foros inmaduros, despu\u00e9s marr\u00f3n ferruginoso. Est\u00edpite de hasta 70 x 15 mm, cil\u00edndrico o un poco engrosado hacia la base, lleno, seco, sedoso, blanquecino, con tonos lil\u00e1ceos, en la madurez toma tonos pardo gris\u00e1ceos; cortina fugaz, fibrillosa, blanquecina. Contexto espeso, firme; de color crema gris\u00e1ceo en el p\u00edleo, lil\u00e1ceo en la zona alta del est\u00edpite, crema m\u00e1s oscuro hacia la base; con olor m\u00e1s o menos fuerte a r\u00e1bano, sabor poco apreciable. Reacciones qu\u00edmicas: KOH, marr\u00f3n oscuro negruzco en el contexto y pileipellis.<\/p>\n<p><em>Caracteres microsc\u00f3picos<\/em>. Basidi\u00f3sporas de 8,0-10,0 x 5,0-6,0 \u00b5m \/ Q = 1,6-2,0; de elipsoides a subamigdaliformes, apiculadas, con gruesas verrugas, medianamente densas, amarillo leonado claro con KOH al 2%. Esporada marr\u00f3n ferruginoso. Pileipellis filamentosa, no gelificada, con hifas de hasta x7 \u00b5m, cil\u00edndricas, septadas, juntas con f\u00edbulas.<\/p>\n<p style=\"text-align: justify;\"><em>Ecolog\u00eda<\/em>. En primavera y oto\u00f1o, en bosques escler\u00f3filos mediterr\u00e1neos, preferentemente en suelos \u00e1cidos. <em>Distribuci\u00f3n<\/em>. Poco frecuente.<\/p>\n<p>&nbsp;<\/p>\n<\/div><div class=\"fusion-clearfix\"><\/div><\/div><\/div><div class=\"fusion-layout-column fusion_builder_column fusion-builder-column-1 fusion_builder_column_1_2 1_2 fusion-one-half fusion-column-last\" style=\"--awb-bg-size:cover;width:48%;\"><div class=\"fusion-column-wrapper fusion-flex-column-wrapper-legacy\"><div class=\"fusion-image-element in-legacy-container\" style=\"--awb-caption-title-font-family:var(--h2_typography-font-family);--awb-caption-title-font-weight:var(--h2_typography-font-weight);--awb-caption-title-font-style:var(--h2_typography-font-style);--awb-caption-title-size:var(--h2_typography-font-size);--awb-caption-title-transform:var(--h2_typography-text-transform);--awb-caption-title-line-height:var(--h2_typography-line-height);--awb-caption-title-letter-spacing:var(--h2_typography-letter-spacing);\"><span class=\" fusion-imageframe imageframe-none imageframe-1 hover-type-none\"><img loading=\"lazy\" decoding=\"async\" width=\"1024\" height=\"714\" title=\"Cortinarius asiduus_20160512_1673\" src=\"https:\/\/micologica-barakaldo.org\/wp-content\/uploads\/2018\/03\/Cortinarius-asiduus_20160512_1673-1024x714.jpg\" alt class=\"img-responsive wp-image-8146\" srcset=\"https:\/\/micologica-barakaldo.org\/wp-content\/uploads\/2018\/03\/Cortinarius-asiduus_20160512_1673-200x139.jpg 200w, https:\/\/micologica-barakaldo.org\/wp-content\/uploads\/2018\/03\/Cortinarius-asiduus_20160512_1673-400x279.jpg 400w, https:\/\/micologica-barakaldo.org\/wp-content\/uploads\/2018\/03\/Cortinarius-asiduus_20160512_1673-600x418.jpg 600w, https:\/\/micologica-barakaldo.org\/wp-content\/uploads\/2018\/03\/Cortinarius-asiduus_20160512_1673-800x558.jpg 800w, https:\/\/micologica-barakaldo.org\/wp-content\/uploads\/2018\/03\/Cortinarius-asiduus_20160512_1673.jpg 1024w\" sizes=\"auto, (max-width: 1024px) 100vw, 800px\" \/><\/span><\/div><div class=\"fusion-clearfix\"><\/div><\/div><\/div><div class=\"fusion-layout-column fusion_builder_column fusion-builder-column-2 fusion_builder_column_1_1 1_1 fusion-one-full fusion-column-first fusion-column-last\" style=\"--awb-padding-top:40px;--awb-bg-size:cover;\"><div class=\"fusion-column-wrapper fusion-flex-column-wrapper-legacy\"><div class=\"fusion-aligncenter\"><a class=\"fusion-button button-flat button-xlarge button-default fusion-button-default button-1 fusion-button-default-span fusion-button-default-type\" target=\"_self\" href=\"https:\/\/micologica-barakaldo.org\/wp-content\/uploads\/2020\/09\/Cortinarius-assiduus.pdf\"><i class=\" fa fa-file-pdf-o awb-button__icon awb-button__icon--default button-icon-left\" aria-hidden=\"true\"><\/i><span class=\"fusion-button-text awb-button__text awb-button__text--default\">VER FICHA COMPLETA<\/span><\/a><\/div><div class=\"fusion-clearfix\"><\/div><\/div><\/div><\/div><\/div>\n","protected":false},"excerpt":{"rendered":"","protected":false},"author":2,"featured_media":1607,"comment_status":"open","ping_status":"closed","sticky":false,"template":"","format":"standard","meta":{"footnotes":"","jetpack_publicize_message":"","jetpack_publicize_feature_enabled":true,"jetpack_social_post_already_shared":true,"jetpack_social_options":{"image_generator_settings":{"template":"highway","default_image_id":0,"font":"","enabled":false},"version":2}},"categories":[30,6],"tags":[],"class_list":["post-1628","post","type-post","status-publish","format-standard","has-post-thumbnail","hentry","category-fichas-micologicas-setas-c","category-fichas-micologicas"],"jetpack_publicize_connections":[],"jetpack_featured_media_url":"https:\/\/micologica-barakaldo.org\/wp-content\/uploads\/2018\/03\/Cortinarius-asiduus_20160512_1673.jpg","jetpack_shortlink":"https:\/\/wp.me\/p9dTSQ-qg","_links":{"self":[{"href":"https:\/\/micologica-barakaldo.org\/eu\/wp-json\/wp\/v2\/posts\/1628","targetHints":{"allow":["GET"]}}],"collection":[{"href":"https:\/\/micologica-barakaldo.org\/eu\/wp-json\/wp\/v2\/posts"}],"about":[{"href":"https:\/\/micologica-barakaldo.org\/eu\/wp-json\/wp\/v2\/types\/post"}],"author":[{"embeddable":true,"href":"https:\/\/micologica-barakaldo.org\/eu\/wp-json\/wp\/v2\/users\/2"}],"replies":[{"embeddable":true,"href":"https:\/\/micologica-barakaldo.org\/eu\/wp-json\/wp\/v2\/comments?post=1628"}],"version-history":[{"count":2,"href":"https:\/\/micologica-barakaldo.org\/eu\/wp-json\/wp\/v2\/posts\/1628\/revisions"}],"predecessor-version":[{"id":4064,"href":"https:\/\/micologica-barakaldo.org\/eu\/wp-json\/wp\/v2\/posts\/1628\/revisions\/4064"}],"wp:featuredmedia":[{"embeddable":true,"href":"https:\/\/micologica-barakaldo.org\/eu\/wp-json\/wp\/v2\/media\/1607"}],"wp:attachment":[{"href":"https:\/\/micologica-barakaldo.org\/eu\/wp-json\/wp\/v2\/media?parent=1628"}],"wp:term":[{"taxonomy":"category","embeddable":true,"href":"https:\/\/micologica-barakaldo.org\/eu\/wp-json\/wp\/v2\/categories?post=1628"},{"taxonomy":"post_tag","embeddable":true,"href":"https:\/\/micologica-barakaldo.org\/eu\/wp-json\/wp\/v2\/tags?post=1628"}],"curies":[{"name":"wp","href":"https:\/\/api.w.org\/{rel}","templated":true}]}}