{"id":1655,"date":"2018-04-02T17:55:12","date_gmt":"2018-04-02T16:55:12","guid":{"rendered":"https:\/\/micologica-barakaldo.org\/?p=1655"},"modified":"2018-04-05T08:42:07","modified_gmt":"2018-04-05T07:42:07","slug":"temporada-de-setas-abril","status":"publish","type":"post","link":"https:\/\/micologica-barakaldo.org\/eu\/temporada-de-setas-abril\/","title":{"rendered":"Temporada de setas: ABRIL"},"content":{"rendered":"<p>Ya lo dice el refr\u00e1n: \u201cabril, aguas mil\u201d y si el refr\u00e1n se cumple, es un mes en que las setas de primavera alcanzan, sobre todo en zonas templadas, su m\u00e1ximo esplendor. Pero, todav\u00eda podemos encontrar la seta de Marzo (<em>Hygrophorus marzuolus<\/em>), que, en las zonas m\u00e1s altas, fructifican hasta en el mes de mayo.<\/p>\n<p>La seta de abril, el perretxiko o la zuza (<em>Calocybe gambosa<\/em>), tambi\u00e9n tienen su refr\u00e1n: \u201clas de marzo y abril para m\u00ed y las de mayo para el amo\u2026\u201d. Es una de las especies m\u00e1s representativas de esta estaci\u00f3n y una de las m\u00e1s valoradas y buscadas, alcanzando, sobre todo las primeras unos precios desorbitados.<\/p>\n<p>Tambi\u00e9n comienza a brotar en las verdes praderas, las correderas o senderuelas (<em>Marasmius oreades,<\/em>), una seta realmente rica que sale con abundancia formando grandes corros y se puede secar con gran facilidad.<img loading=\"lazy\" decoding=\"async\" class=\"alignnone size-medium wp-image-1651 aligncenter\" src=\"https:\/\/micologica-barakaldo.org\/wp-content\/uploads\/2018\/04\/Marasmius-oreades02_20100619-300x222.jpg\" alt=\"\" width=\"300\" height=\"222\" srcset=\"https:\/\/micologica-barakaldo.org\/wp-content\/uploads\/2018\/04\/Marasmius-oreades02_20100619-200x148.jpg 200w, https:\/\/micologica-barakaldo.org\/wp-content\/uploads\/2018\/04\/Marasmius-oreades02_20100619-300x222.jpg 300w, https:\/\/micologica-barakaldo.org\/wp-content\/uploads\/2018\/04\/Marasmius-oreades02_20100619-400x296.jpg 400w, https:\/\/micologica-barakaldo.org\/wp-content\/uploads\/2018\/04\/Marasmius-oreades02_20100619-600x445.jpg 600w, https:\/\/micologica-barakaldo.org\/wp-content\/uploads\/2018\/04\/Marasmius-oreades02_20100619-768x569.jpg 768w, https:\/\/micologica-barakaldo.org\/wp-content\/uploads\/2018\/04\/Marasmius-oreades02_20100619-800x593.jpg 800w, https:\/\/micologica-barakaldo.org\/wp-content\/uploads\/2018\/04\/Marasmius-oreades02_20100619-1020x756.jpg 1020w, https:\/\/micologica-barakaldo.org\/wp-content\/uploads\/2018\/04\/Marasmius-oreades02_20100619.jpg 1024w\" sizes=\"auto, (max-width: 300px) 100vw, 300px\" \/><\/p>\n<p>Adem\u00e1s, es un mes donde podemos recolectar las colmenillas (<em>Morchellas sp<\/em>.), <em>Morchella esculenta<\/em> y <em>vulgaris<\/em>, en bosques de ribera, en encinares, incluso en lugares quemados, siempre en suelos neutros o calcareos. <em>Morchella tridentina<\/em>, muy cosmopolita, podemos recolectarla en encinares, bosques de ribera, pinares y bosques de abetos, siempre en terrenos calc\u00e1reos, en suelos removidos, donde se amontonan restos de madera. <em>Morchella fluvialis<\/em>, t\u00edpica de bosques ribere\u00f1os y asociada a fresnos (<em>Fraxinus excelsior<\/em>). Estas, son las m\u00e1s t\u00edpicas, que suelen fructificar entre abril y mayo<\/p>\n<p>.<img loading=\"lazy\" decoding=\"async\" class=\"size-medium wp-image-1653 aligncenter\" src=\"https:\/\/micologica-barakaldo.org\/wp-content\/uploads\/2018\/04\/Morchella-esculenta-v-rigida_20120413_4486-300x200.jpg\" alt=\"\" width=\"300\" height=\"200\" srcset=\"https:\/\/micologica-barakaldo.org\/wp-content\/uploads\/2018\/04\/Morchella-esculenta-v-rigida_20120413_4486-200x133.jpg 200w, https:\/\/micologica-barakaldo.org\/wp-content\/uploads\/2018\/04\/Morchella-esculenta-v-rigida_20120413_4486-300x200.jpg 300w, https:\/\/micologica-barakaldo.org\/wp-content\/uploads\/2018\/04\/Morchella-esculenta-v-rigida_20120413_4486-400x266.jpg 400w, https:\/\/micologica-barakaldo.org\/wp-content\/uploads\/2018\/04\/Morchella-esculenta-v-rigida_20120413_4486-600x399.jpg 600w, https:\/\/micologica-barakaldo.org\/wp-content\/uploads\/2018\/04\/Morchella-esculenta-v-rigida_20120413_4486-768x511.jpg 768w, https:\/\/micologica-barakaldo.org\/wp-content\/uploads\/2018\/04\/Morchella-esculenta-v-rigida_20120413_4486-800x532.jpg 800w, https:\/\/micologica-barakaldo.org\/wp-content\/uploads\/2018\/04\/Morchella-esculenta-v-rigida_20120413_4486.jpg 1000w\" sizes=\"auto, (max-width: 300px) 100vw, 300px\" \/><\/p>\n<p><img loading=\"lazy\" decoding=\"async\" class=\"size-medium wp-image-1654 aligncenter\" src=\"https:\/\/micologica-barakaldo.org\/wp-content\/uploads\/2018\/04\/Morchella-rotunda06-300x228.jpg\" alt=\"\" width=\"300\" height=\"228\" srcset=\"https:\/\/micologica-barakaldo.org\/wp-content\/uploads\/2018\/04\/Morchella-rotunda06-200x152.jpg 200w, https:\/\/micologica-barakaldo.org\/wp-content\/uploads\/2018\/04\/Morchella-rotunda06-300x228.jpg 300w, https:\/\/micologica-barakaldo.org\/wp-content\/uploads\/2018\/04\/Morchella-rotunda06-400x304.jpg 400w, https:\/\/micologica-barakaldo.org\/wp-content\/uploads\/2018\/04\/Morchella-rotunda06-600x456.jpg 600w, https:\/\/micologica-barakaldo.org\/wp-content\/uploads\/2018\/04\/Morchella-rotunda06-768x583.jpg 768w, https:\/\/micologica-barakaldo.org\/wp-content\/uploads\/2018\/04\/Morchella-rotunda06-800x607.jpg 800w, https:\/\/micologica-barakaldo.org\/wp-content\/uploads\/2018\/04\/Morchella-rotunda06.jpg 910w\" sizes=\"auto, (max-width: 300px) 100vw, 300px\" \/><\/p>\n<p>\u00a0<img loading=\"lazy\" decoding=\"async\" class=\"size-medium wp-image-1649 aligncenter\" src=\"https:\/\/micologica-barakaldo.org\/wp-content\/uploads\/2018\/04\/Colmenillas_0106-300x207.jpg\" alt=\"\" width=\"300\" height=\"207\" srcset=\"https:\/\/micologica-barakaldo.org\/wp-content\/uploads\/2018\/04\/Colmenillas_0106-200x138.jpg 200w, https:\/\/micologica-barakaldo.org\/wp-content\/uploads\/2018\/04\/Colmenillas_0106-300x207.jpg 300w, https:\/\/micologica-barakaldo.org\/wp-content\/uploads\/2018\/04\/Colmenillas_0106-400x276.jpg 400w, https:\/\/micologica-barakaldo.org\/wp-content\/uploads\/2018\/04\/Colmenillas_0106-600x414.jpg 600w, https:\/\/micologica-barakaldo.org\/wp-content\/uploads\/2018\/04\/Colmenillas_0106-768x530.jpg 768w, https:\/\/micologica-barakaldo.org\/wp-content\/uploads\/2018\/04\/Colmenillas_0106-800x553.jpg 800w, https:\/\/micologica-barakaldo.org\/wp-content\/uploads\/2018\/04\/Colmenillas_0106.jpg 1015w\" sizes=\"auto, (max-width: 300px) 100vw, 300px\" \/><\/p>\n<p><img loading=\"lazy\" decoding=\"async\" class=\"size-medium wp-image-1652 aligncenter\" src=\"https:\/\/micologica-barakaldo.org\/wp-content\/uploads\/2018\/04\/Morchella-elatoides-v-elegans_20130413_11533-300x224.jpg\" alt=\"\" width=\"300\" height=\"224\" srcset=\"https:\/\/micologica-barakaldo.org\/wp-content\/uploads\/2018\/04\/Morchella-elatoides-v-elegans_20130413_11533-200x150.jpg 200w, https:\/\/micologica-barakaldo.org\/wp-content\/uploads\/2018\/04\/Morchella-elatoides-v-elegans_20130413_11533-300x224.jpg 300w, https:\/\/micologica-barakaldo.org\/wp-content\/uploads\/2018\/04\/Morchella-elatoides-v-elegans_20130413_11533-400x299.jpg 400w, https:\/\/micologica-barakaldo.org\/wp-content\/uploads\/2018\/04\/Morchella-elatoides-v-elegans_20130413_11533-600x449.jpg 600w, https:\/\/micologica-barakaldo.org\/wp-content\/uploads\/2018\/04\/Morchella-elatoides-v-elegans_20130413_11533-768x575.jpg 768w, https:\/\/micologica-barakaldo.org\/wp-content\/uploads\/2018\/04\/Morchella-elatoides-v-elegans_20130413_11533-800x598.jpg 800w, https:\/\/micologica-barakaldo.org\/wp-content\/uploads\/2018\/04\/Morchella-elatoides-v-elegans_20130413_11533-1020x763.jpg 1020w, https:\/\/micologica-barakaldo.org\/wp-content\/uploads\/2018\/04\/Morchella-elatoides-v-elegans_20130413_11533.jpg 1024w\" sizes=\"auto, (max-width: 300px) 100vw, 300px\" \/><\/p>\n<p>Otra especie que podemos recolectar durante este mes de abril, es el bonete (<em>Helvella leucopus<\/em>). La encontramos en las choperas arenosas de las riberas de los r\u00edos.<\/p>\n<p><img loading=\"lazy\" decoding=\"async\" class=\"size-medium wp-image-1650 aligncenter\" src=\"https:\/\/micologica-barakaldo.org\/wp-content\/uploads\/2018\/04\/Helvella-leucopus2-300x205.jpg\" alt=\"\" width=\"300\" height=\"205\" srcset=\"https:\/\/micologica-barakaldo.org\/wp-content\/uploads\/2018\/04\/Helvella-leucopus2-200x137.jpg 200w, https:\/\/micologica-barakaldo.org\/wp-content\/uploads\/2018\/04\/Helvella-leucopus2-300x205.jpg 300w, https:\/\/micologica-barakaldo.org\/wp-content\/uploads\/2018\/04\/Helvella-leucopus2-400x273.jpg 400w, https:\/\/micologica-barakaldo.org\/wp-content\/uploads\/2018\/04\/Helvella-leucopus2-600x410.jpg 600w, https:\/\/micologica-barakaldo.org\/wp-content\/uploads\/2018\/04\/Helvella-leucopus2-768x524.jpg 768w, https:\/\/micologica-barakaldo.org\/wp-content\/uploads\/2018\/04\/Helvella-leucopus2-800x546.jpg 800w, https:\/\/micologica-barakaldo.org\/wp-content\/uploads\/2018\/04\/Helvella-leucopus2-1020x696.jpg 1020w, https:\/\/micologica-barakaldo.org\/wp-content\/uploads\/2018\/04\/Helvella-leucopus2.jpg 1024w\" sizes=\"auto, (max-width: 300px) 100vw, 300px\" \/><\/p>\n<p>Tambi\u00e9n en estos lugares, para los m\u00e1s afortunados, se pueden localizar algunos brotes de seta de chopo (<em>Agrocybe aegerita<\/em>), especie que fructifica sobre troncos muertos y cortados de chopos y olmos y que en los \u00faltimos a\u00f1os se cultiva con \u00e9xito.<\/p>\n","protected":false},"excerpt":{"rendered":"<p>Ya lo dice el refr\u00e1n: \u201cabril, aguas mil\u201d y si el refr\u00e1n se cumple, es  [&#8230;]<\/p>\n","protected":false},"author":3,"featured_media":1652,"comment_status":"open","ping_status":"closed","sticky":false,"template":"","format":"standard","meta":{"footnotes":"","jetpack_publicize_message":"","jetpack_publicize_feature_enabled":true,"jetpack_social_post_already_shared":true,"jetpack_social_options":{"image_generator_settings":{"template":"highway","default_image_id":0,"font":"","enabled":false},"version":2}},"categories":[7,27],"tags":[],"class_list":["post-1655","post","type-post","status-publish","format-standard","has-post-thumbnail","hentry","category-blog","category-temporada-de-setas"],"jetpack_publicize_connections":[],"jetpack_featured_media_url":"https:\/\/micologica-barakaldo.org\/wp-content\/uploads\/2018\/04\/Morchella-elatoides-v-elegans_20130413_11533.jpg","jetpack_shortlink":"https:\/\/wp.me\/p9dTSQ-qH","_links":{"self":[{"href":"https:\/\/micologica-barakaldo.org\/eu\/wp-json\/wp\/v2\/posts\/1655","targetHints":{"allow":["GET"]}}],"collection":[{"href":"https:\/\/micologica-barakaldo.org\/eu\/wp-json\/wp\/v2\/posts"}],"about":[{"href":"https:\/\/micologica-barakaldo.org\/eu\/wp-json\/wp\/v2\/types\/post"}],"author":[{"embeddable":true,"href":"https:\/\/micologica-barakaldo.org\/eu\/wp-json\/wp\/v2\/users\/3"}],"replies":[{"embeddable":true,"href":"https:\/\/micologica-barakaldo.org\/eu\/wp-json\/wp\/v2\/comments?post=1655"}],"version-history":[{"count":1,"href":"https:\/\/micologica-barakaldo.org\/eu\/wp-json\/wp\/v2\/posts\/1655\/revisions"}],"predecessor-version":[{"id":1656,"href":"https:\/\/micologica-barakaldo.org\/eu\/wp-json\/wp\/v2\/posts\/1655\/revisions\/1656"}],"wp:featuredmedia":[{"embeddable":true,"href":"https:\/\/micologica-barakaldo.org\/eu\/wp-json\/wp\/v2\/media\/1652"}],"wp:attachment":[{"href":"https:\/\/micologica-barakaldo.org\/eu\/wp-json\/wp\/v2\/media?parent=1655"}],"wp:term":[{"taxonomy":"category","embeddable":true,"href":"https:\/\/micologica-barakaldo.org\/eu\/wp-json\/wp\/v2\/categories?post=1655"},{"taxonomy":"post_tag","embeddable":true,"href":"https:\/\/micologica-barakaldo.org\/eu\/wp-json\/wp\/v2\/tags?post=1655"}],"curies":[{"name":"wp","href":"https:\/\/api.w.org\/{rel}","templated":true}]}}