{"id":1673,"date":"2018-04-09T20:30:35","date_gmt":"2018-04-09T19:30:35","guid":{"rendered":"https:\/\/micologica-barakaldo.org\/?p=1673"},"modified":"2020-08-29T13:09:46","modified_gmt":"2020-08-29T12:09:46","slug":"rhizocybe-vermicularis","status":"publish","type":"post","link":"https:\/\/micologica-barakaldo.org\/eu\/rhizocybe-vermicularis\/","title":{"rendered":"Rhizocybe vermicularis"},"content":{"rendered":"<div class=\"fusion-fullwidth fullwidth-box fusion-builder-row-1 nonhundred-percent-fullwidth non-hundred-percent-height-scrolling\" style=\"--awb-border-radius-top-left:0px;--awb-border-radius-top-right:0px;--awb-border-radius-bottom-right:0px;--awb-border-radius-bottom-left:0px;--awb-padding-bottom:50px;--awb-flex-wrap:wrap;\" ><div class=\"fusion-builder-row fusion-row\"><div class=\"fusion-layout-column fusion_builder_column fusion-builder-column-0 fusion_builder_column_1_2 1_2 fusion-one-half fusion-column-first\" style=\"--awb-bg-size:cover;width:48%; margin-right: 4%;\"><div class=\"fusion-column-wrapper fusion-flex-column-wrapper-legacy\"><div class=\"fusion-text fusion-text-1\"><p style=\"text-align: justify;\">\u2261<em>Clitocybe vermicularis<\/em> (Fr.) Qu\u00e9l., <em>M\u00e9m. Soc. \u00c9mul. Montb\u00e9liard, S\u00e9r.<\/em> 2 5: 235. 1872<\/p>\n<p style=\"text-align: justify;\">\u2261<em>Omphalia vermicularis<\/em>\u00a0(Fr.) Qu\u00e9l.,\u00a0<em>Enchir. fung.<\/em>\u00a0(Paris): 23. 1886<\/p>\n<p style=\"text-align: justify;\"><em>Caracteres macrosc\u00f3picos<\/em>. P\u00edleo de hasta 70 mm de di\u00e1metro, plano convexo a infundibuliforme; margen muy enrollado sobre todo al principio. Superficie mate, un poco higr\u00f3fana; de color pardo-rojo, que palidece en tiempo seco hasta ocre-rosa. L\u00e1minas bastante apretadas, de adnatas a decurrentes, primero blanquecinas, cremas con la edad.\u00a0 Est\u00edpite de hasta 60 x 10 mm, cil\u00edndrico, un poco abultado hacia la base, con largos cordones miceliares blanquecinos; de color crema a ocre-crema. Contexto carnoso, firme, blanquecino a crema; olor suave agradable, sabor dulce.\u00a0<\/p>\n<p style=\"text-align: justify;\"><em>Caracteres microsc\u00f3picos<\/em>. Basidi\u00f3sporas de 3,5-5,0 x 2,5-3,5 \u00b5m \/ Q = 1,2-1,5; de subglobosas a elipsoidales, lisas. Esporada crema-blanquecina. Basidios de hasta 30 x 6 \u00b5m, tetrasp\u00f3ricos, claviformes, juntas con f\u00edbulas. Queilocistidios ausentes. Pileipellis formada por un cutis de hifas entremezcladas, hasta x7 \u00b5m, juntas fibuladas.<\/p>\n<p style=\"text-align: justify;\"><em>Ecolog\u00eda<\/em>. De primavera a principios de invierno en los bosques de con\u00edferas, preferentemente bajo <em>Picea<\/em> y <em>Larix<\/em>. <em>Distribuci\u00f3n<\/em>. Poco frecuente.<\/p>\n<p>&nbsp;<\/p>\n<\/div><div class=\"fusion-clearfix\"><\/div><\/div><\/div><div class=\"fusion-layout-column fusion_builder_column fusion-builder-column-1 fusion_builder_column_1_2 1_2 fusion-one-half fusion-column-last\" style=\"--awb-bg-size:cover;width:48%;\"><div class=\"fusion-column-wrapper fusion-flex-column-wrapper-legacy\"><div class=\"fusion-image-element in-legacy-container\" style=\"--awb-caption-title-font-family:var(--h2_typography-font-family);--awb-caption-title-font-weight:var(--h2_typography-font-weight);--awb-caption-title-font-style:var(--h2_typography-font-style);--awb-caption-title-size:var(--h2_typography-font-size);--awb-caption-title-transform:var(--h2_typography-text-transform);--awb-caption-title-line-height:var(--h2_typography-line-height);--awb-caption-title-letter-spacing:var(--h2_typography-letter-spacing);\"><span class=\" fusion-imageframe imageframe-none imageframe-1 hover-type-none\"><img loading=\"lazy\" decoding=\"async\" width=\"1024\" height=\"703\" title=\"Rhizocybe vermicularis_20130215_11216\" src=\"https:\/\/micologica-barakaldo.org\/wp-content\/uploads\/2020\/08\/Rhizocybe-vermicularis_20130215_11216.jpg\" alt class=\"img-responsive wp-image-8748\" srcset=\"https:\/\/micologica-barakaldo.org\/wp-content\/uploads\/2020\/08\/Rhizocybe-vermicularis_20130215_11216-200x137.jpg 200w, https:\/\/micologica-barakaldo.org\/wp-content\/uploads\/2020\/08\/Rhizocybe-vermicularis_20130215_11216-400x275.jpg 400w, https:\/\/micologica-barakaldo.org\/wp-content\/uploads\/2020\/08\/Rhizocybe-vermicularis_20130215_11216-600x412.jpg 600w, https:\/\/micologica-barakaldo.org\/wp-content\/uploads\/2020\/08\/Rhizocybe-vermicularis_20130215_11216-800x549.jpg 800w, https:\/\/micologica-barakaldo.org\/wp-content\/uploads\/2020\/08\/Rhizocybe-vermicularis_20130215_11216.jpg 1024w\" sizes=\"auto, (max-width: 1024px) 100vw, 800px\" \/><\/span><\/div><div class=\"fusion-clearfix\"><\/div><\/div><\/div><div class=\"fusion-layout-column fusion_builder_column fusion-builder-column-2 fusion_builder_column_1_1 1_1 fusion-one-full fusion-column-first fusion-column-last\" style=\"--awb-padding-top:40px;--awb-bg-size:cover;\"><div class=\"fusion-column-wrapper fusion-flex-column-wrapper-legacy\"><div class=\"fusion-aligncenter\"><a class=\"fusion-button button-flat button-xlarge button-default fusion-button-default button-1 fusion-button-default-span fusion-button-default-type\" target=\"_self\" href=\"https:\/\/micologica-barakaldo.org\/wp-content\/uploads\/2020\/08\/Rhizocybe-vermicularis.pdf\"><i class=\" fa fa-file-pdf-o awb-button__icon awb-button__icon--default button-icon-left\" aria-hidden=\"true\"><\/i><span class=\"fusion-button-text awb-button__text awb-button__text--default\">VER FICHA COMPLETA<\/span><\/a><\/div><div class=\"fusion-clearfix\"><\/div><\/div><\/div><\/div><\/div>\n","protected":false},"excerpt":{"rendered":"","protected":false},"author":2,"featured_media":3999,"comment_status":"open","ping_status":"closed","sticky":false,"template":"","format":"standard","meta":{"footnotes":"","jetpack_publicize_message":"","jetpack_publicize_feature_enabled":true,"jetpack_social_post_already_shared":true,"jetpack_social_options":{"image_generator_settings":{"template":"highway","default_image_id":0,"font":"","enabled":false},"version":2}},"categories":[6,45],"tags":[],"class_list":["post-1673","post","type-post","status-publish","format-standard","has-post-thumbnail","hentry","category-fichas-micologicas","category-fichas-micologicas-setas-r"],"jetpack_publicize_connections":[],"jetpack_featured_media_url":"https:\/\/micologica-barakaldo.org\/wp-content\/uploads\/2020\/08\/Rhizocybe-vermicularis_20130215_11216.jpg","jetpack_shortlink":"https:\/\/wp.me\/p9dTSQ-qZ","_links":{"self":[{"href":"https:\/\/micologica-barakaldo.org\/eu\/wp-json\/wp\/v2\/posts\/1673","targetHints":{"allow":["GET"]}}],"collection":[{"href":"https:\/\/micologica-barakaldo.org\/eu\/wp-json\/wp\/v2\/posts"}],"about":[{"href":"https:\/\/micologica-barakaldo.org\/eu\/wp-json\/wp\/v2\/types\/post"}],"author":[{"embeddable":true,"href":"https:\/\/micologica-barakaldo.org\/eu\/wp-json\/wp\/v2\/users\/2"}],"replies":[{"embeddable":true,"href":"https:\/\/micologica-barakaldo.org\/eu\/wp-json\/wp\/v2\/comments?post=1673"}],"version-history":[{"count":3,"href":"https:\/\/micologica-barakaldo.org\/eu\/wp-json\/wp\/v2\/posts\/1673\/revisions"}],"predecessor-version":[{"id":4001,"href":"https:\/\/micologica-barakaldo.org\/eu\/wp-json\/wp\/v2\/posts\/1673\/revisions\/4001"}],"wp:featuredmedia":[{"embeddable":true,"href":"https:\/\/micologica-barakaldo.org\/eu\/wp-json\/wp\/v2\/media\/3999"}],"wp:attachment":[{"href":"https:\/\/micologica-barakaldo.org\/eu\/wp-json\/wp\/v2\/media?parent=1673"}],"wp:term":[{"taxonomy":"category","embeddable":true,"href":"https:\/\/micologica-barakaldo.org\/eu\/wp-json\/wp\/v2\/categories?post=1673"},{"taxonomy":"post_tag","embeddable":true,"href":"https:\/\/micologica-barakaldo.org\/eu\/wp-json\/wp\/v2\/tags?post=1673"}],"curies":[{"name":"wp","href":"https:\/\/api.w.org\/{rel}","templated":true}]}}