{"id":1677,"date":"2018-04-11T18:06:53","date_gmt":"2018-04-11T17:06:53","guid":{"rendered":"https:\/\/micologica-barakaldo.org\/?p=1677"},"modified":"2020-09-16T21:10:07","modified_gmt":"2020-09-16T20:10:07","slug":"cortinarius-quercilicis","status":"publish","type":"post","link":"https:\/\/micologica-barakaldo.org\/eu\/cortinarius-quercilicis\/","title":{"rendered":"Cortinarius quercilicis"},"content":{"rendered":"<div class=\"fusion-fullwidth fullwidth-box fusion-builder-row-1 nonhundred-percent-fullwidth non-hundred-percent-height-scrolling\" style=\"--awb-border-radius-top-left:0px;--awb-border-radius-top-right:0px;--awb-border-radius-bottom-right:0px;--awb-border-radius-bottom-left:0px;--awb-padding-bottom:50px;--awb-flex-wrap:wrap;\" ><div class=\"fusion-builder-row fusion-row\"><div class=\"fusion-layout-column fusion_builder_column fusion-builder-column-0 fusion_builder_column_1_2 1_2 fusion-one-half fusion-column-first\" style=\"--awb-bg-size:cover;width:48%; margin-right: 4%;\"><div class=\"fusion-column-wrapper fusion-flex-column-wrapper-legacy\"><div class=\"fusion-text fusion-text-1\"><p style=\"text-align: justify;\"><em>Caracteres macrosc\u00f3picos<\/em>. P\u00edleo de hasta 100 mm de di\u00e1metro, primero sub-globuloso a convexo, despu\u00e9s plano-convexo, finalmente extendido; margen enrollado, despu\u00e9s incurvado, liso. Superficie pil\u00e9ica separable, viscosa, dulce, brillante, mate cuando se seca, en algunos casos con restos de velo general parduscos hacia el disco, con fibrillas innatas m\u00e1s oscuras hacia la periferia; de color ocre-isabelino, con el margen inicialmente amarillo verdoso, con el disco pardo o pardo-rojizo, esta coloraci\u00f3n invade toda la superficie en la madurez. L\u00e1minas apretadas, desiguales, con numerosas lamelulas, estrechas, escotadas-adnatas, arista aguda, un poco erosionada, primero amarillenta, luego concolor; de color amarillo-verdoso, despu\u00e9s ocre-anaranjado y finalmente marr\u00f3n-ferruginoso. Est\u00edpite hasta 80&#215;25 mm, cil\u00edndrico, con bulbo marginado c\u00f3nico (hasta 45 mm), lleno, seco, fibrilloso; de color crema-blanquecino, pardusco en el borde del bulbo; cortina abundante, blanco-amarillenta, fugaz. Contexto espeso, firme, amarillo o amarillo-p\u00e1lido en la parte alta del est\u00edpite y en la zona del cortex, blanquecina en el p\u00edleo; con olor d\u00e9bil algo dulz\u00f3n \u00a0y sabor dulce. Reacciones qu\u00edmicas: KOH, pardo-marr\u00f3n en la pileipellis, sub-nula en el contexto.<\/p>\n<p style=\"text-align: justify;\"><em>Caracteres microsc\u00f3picos<\/em>. Basidi\u00f3sporas de 9,5-12,5 x 6,0-7,5 \u00b5m \/ Q = 1,6-1,8; amigdaliformes, algo papiladas, apiculadas, con verrugas gruesas, maculiformes, bastante densas, amarillo-leonado claro con KOH al 2%. Esporada marr\u00f3n-ferruginoso. Pileipellis filamentosa, poco gelificada, con hifas de hasta x7 \u00b5m, cil\u00edndricas, septadas, fibuladas, con pigmento amarillo.<\/p>\n<p style=\"text-align: justify;\"><em>Ecolog\u00eda<\/em>. En verano y oto\u00f1o en bosques templados de frondosas, especialmente <em>Quercus ilex<\/em>, en suelo calc\u00e1reos. <em>Distribuci\u00f3n<\/em>. Poco frecuente.<\/p>\n<p>&nbsp;<\/p>\n<\/div><div class=\"fusion-clearfix\"><\/div><\/div><\/div><div class=\"fusion-layout-column fusion_builder_column fusion-builder-column-1 fusion_builder_column_1_2 1_2 fusion-one-half fusion-column-last\" style=\"--awb-bg-size:cover;width:48%;\"><div class=\"fusion-column-wrapper fusion-flex-column-wrapper-legacy\"><div class=\"fusion-image-element in-legacy-container\" style=\"--awb-caption-title-font-family:var(--h2_typography-font-family);--awb-caption-title-font-weight:var(--h2_typography-font-weight);--awb-caption-title-font-style:var(--h2_typography-font-style);--awb-caption-title-size:var(--h2_typography-font-size);--awb-caption-title-transform:var(--h2_typography-text-transform);--awb-caption-title-line-height:var(--h2_typography-line-height);--awb-caption-title-letter-spacing:var(--h2_typography-letter-spacing);\"><span class=\" fusion-imageframe imageframe-none imageframe-1 hover-type-none\"><img loading=\"lazy\" decoding=\"async\" width=\"1024\" height=\"719\" title=\"Cortinarius quercilicis_20161105_2289\" src=\"https:\/\/micologica-barakaldo.org\/wp-content\/uploads\/2018\/03\/Cortinarius-quercilicis_20161105_2289-1024x719.jpg\" alt class=\"img-responsive wp-image-8133\" srcset=\"https:\/\/micologica-barakaldo.org\/wp-content\/uploads\/2018\/03\/Cortinarius-quercilicis_20161105_2289-200x140.jpg 200w, https:\/\/micologica-barakaldo.org\/wp-content\/uploads\/2018\/03\/Cortinarius-quercilicis_20161105_2289-400x281.jpg 400w, https:\/\/micologica-barakaldo.org\/wp-content\/uploads\/2018\/03\/Cortinarius-quercilicis_20161105_2289-600x421.jpg 600w, https:\/\/micologica-barakaldo.org\/wp-content\/uploads\/2018\/03\/Cortinarius-quercilicis_20161105_2289-800x562.jpg 800w, https:\/\/micologica-barakaldo.org\/wp-content\/uploads\/2018\/03\/Cortinarius-quercilicis_20161105_2289.jpg 1024w\" sizes=\"auto, (max-width: 1024px) 100vw, 800px\" \/><\/span><\/div><div class=\"fusion-clearfix\"><\/div><\/div><\/div><div class=\"fusion-layout-column fusion_builder_column fusion-builder-column-2 fusion_builder_column_1_1 1_1 fusion-one-full fusion-column-first fusion-column-last\" style=\"--awb-padding-top:40px;--awb-bg-size:cover;\"><div class=\"fusion-column-wrapper fusion-flex-column-wrapper-legacy\"><div class=\"fusion-aligncenter\"><a class=\"fusion-button button-flat button-xlarge button-default fusion-button-default button-1 fusion-button-default-span fusion-button-default-type\" target=\"_self\" href=\"https:\/\/micologica-barakaldo.org\/wp-content\/uploads\/2020\/09\/Cortinarius-quercilicis_20161105_2289.pdf\"><i class=\" fa fa-file-pdf-o awb-button__icon awb-button__icon--default button-icon-left\" aria-hidden=\"true\"><\/i><span class=\"fusion-button-text awb-button__text awb-button__text--default\">VER FICHA COMPLETA<\/span><\/a><\/div><div class=\"fusion-clearfix\"><\/div><\/div><\/div><\/div><\/div>\n","protected":false},"excerpt":{"rendered":"","protected":false},"author":2,"featured_media":1464,"comment_status":"open","ping_status":"closed","sticky":false,"template":"","format":"standard","meta":{"footnotes":"","jetpack_publicize_message":"","jetpack_publicize_feature_enabled":true,"jetpack_social_post_already_shared":true,"jetpack_social_options":{"image_generator_settings":{"template":"highway","default_image_id":0,"font":"","enabled":false},"version":2}},"categories":[30,6],"tags":[],"class_list":["post-1677","post","type-post","status-publish","format-standard","has-post-thumbnail","hentry","category-fichas-micologicas-setas-c","category-fichas-micologicas"],"jetpack_publicize_connections":[],"jetpack_featured_media_url":"https:\/\/micologica-barakaldo.org\/wp-content\/uploads\/2018\/03\/Cortinarius-quercilicis_20161105_2289.jpg","jetpack_shortlink":"https:\/\/wp.me\/p9dTSQ-r3","_links":{"self":[{"href":"https:\/\/micologica-barakaldo.org\/eu\/wp-json\/wp\/v2\/posts\/1677","targetHints":{"allow":["GET"]}}],"collection":[{"href":"https:\/\/micologica-barakaldo.org\/eu\/wp-json\/wp\/v2\/posts"}],"about":[{"href":"https:\/\/micologica-barakaldo.org\/eu\/wp-json\/wp\/v2\/types\/post"}],"author":[{"embeddable":true,"href":"https:\/\/micologica-barakaldo.org\/eu\/wp-json\/wp\/v2\/users\/2"}],"replies":[{"embeddable":true,"href":"https:\/\/micologica-barakaldo.org\/eu\/wp-json\/wp\/v2\/comments?post=1677"}],"version-history":[{"count":3,"href":"https:\/\/micologica-barakaldo.org\/eu\/wp-json\/wp\/v2\/posts\/1677\/revisions"}],"predecessor-version":[{"id":4192,"href":"https:\/\/micologica-barakaldo.org\/eu\/wp-json\/wp\/v2\/posts\/1677\/revisions\/4192"}],"wp:featuredmedia":[{"embeddable":true,"href":"https:\/\/micologica-barakaldo.org\/eu\/wp-json\/wp\/v2\/media\/1464"}],"wp:attachment":[{"href":"https:\/\/micologica-barakaldo.org\/eu\/wp-json\/wp\/v2\/media?parent=1677"}],"wp:term":[{"taxonomy":"category","embeddable":true,"href":"https:\/\/micologica-barakaldo.org\/eu\/wp-json\/wp\/v2\/categories?post=1677"},{"taxonomy":"post_tag","embeddable":true,"href":"https:\/\/micologica-barakaldo.org\/eu\/wp-json\/wp\/v2\/tags?post=1677"}],"curies":[{"name":"wp","href":"https:\/\/api.w.org\/{rel}","templated":true}]}}