{"id":1760,"date":"2018-04-22T20:46:56","date_gmt":"2018-04-22T19:46:56","guid":{"rendered":"https:\/\/micologica-barakaldo.org\/?p=1760"},"modified":"2023-04-08T21:41:34","modified_gmt":"2023-04-08T20:41:34","slug":"verpa-bohemica","status":"publish","type":"post","link":"https:\/\/micologica-barakaldo.org\/eu\/verpa-bohemica\/","title":{"rendered":"Verpa bohemica"},"content":{"rendered":"<div class=\"fusion-fullwidth fullwidth-box fusion-builder-row-1 nonhundred-percent-fullwidth non-hundred-percent-height-scrolling\" style=\"--awb-border-radius-top-left:0px;--awb-border-radius-top-right:0px;--awb-border-radius-bottom-right:0px;--awb-border-radius-bottom-left:0px;--awb-padding-bottom:50px;--awb-flex-wrap:wrap;\" ><div class=\"fusion-builder-row fusion-row\"><div class=\"fusion-layout-column fusion_builder_column fusion-builder-column-0 fusion_builder_column_1_2 1_2 fusion-one-half fusion-column-first\" style=\"--awb-bg-size:cover;width:48%; margin-right: 4%;\"><div class=\"fusion-column-wrapper fusion-flex-column-wrapper-legacy\"><div class=\"fusion-text fusion-text-1\"><p style=\"text-align: justify;\"><strong><em>Verpa bohemica<\/em><\/strong><strong><em>\u00a0(Krombh.) <\/em><\/strong><strong>J. Schr\u00f6t<\/strong>., <em>in<\/em> Cohn,\u00a0Krypt.-Fl. Schlesien\u00a0(Breslau)\u00a03.2(1\u20132): 25. 1893 [1908]<\/p>\n<p style=\"text-align: justify;\"><span style=\"color: #000000;\">\u2261<em>M<\/em><em>orchella bohemica<\/em>\u00a0Krombh.,\u00a0<em>Monatschr. Gesellsch. Vaterl\u00e4nd. Mus. B\u00f6hmen<\/em> 2(Jan.-Jun.): 478. 1828 [basionym]<\/span><\/p>\n<p style=\"text-align: justify;\"><span style=\"color: #000000;\">\u2261<\/span><span style=\"color: #000000;\"><em>Ptychoverpa bohemica<\/em><em>\u00a0<\/em>(Krombh.) Boud.,\u00a0<em>Hist. Class. Discom. Eur.<\/em>\u00a0(Paris): 34. 1907<\/span><\/p>\n<p style=\"text-align: justify;\"><span style=\"color: #000000;\">Caracteres macrosc\u00f3picos. <em>Ascomas<\/em> con est\u00edpite y mitra bien diferenciados, de hasta 200mm de altura. <em>Mitra<\/em> hasta 60mm de altura, de forma c\u00f3nica o acampanada, con pliegues o costillas sinuosas, dispuestas longitudinalmente y paralelas, formando alveolos. La superficie f\u00e9rtil, mitra o cara externa es de color marr\u00f3n amarillo, ocre amarillo, pardo claro a pardo oscuro, la cara interna es lisa y de color crema; unida al est\u00edpite por su parte superior, el resto permanece libre.\u00a0 <em>Est\u00edpite<\/em> de hasta 140 mm de longitud, fr\u00e1gil, hueco, ligeramente hinchado en la base; de color blanquecino a ocr\u00e1ceo en la madurez, se mancha de pardo rojizo o marr\u00f3n rojizo en la madurez. <em>Contexto<\/em> delgado, fr\u00e1gil y quebradizo, blanco; olor y sabor agradable.<\/span><\/p>\n<p style=\"text-align: justify;\"><span style=\"color: #000000;\">Caracteres microsc\u00f3picos. <em>Ascosporas<\/em> de 55-80 \u00d7 16-22 \u00b5m, cil\u00edndricas, elipsoides un poco arqueados, lisas, no gutuladas. <em>Ascos<\/em> hasta 350 \u00d7 25 \u00b5m, 2-esporas, uniseriadas. <em>Par\u00e1fisis<\/em> hasta \u00d78 \u00b5m, cilindr\u00e1ceos, septados, poco bifurcados. <em>Hifas del exc\u00edpulo<\/em> cilindr\u00e1ceas, subclaviformes, multiseptadas, elementos terminales de hasta 60 \u00d7 10 \u00b5m.<\/span><\/p>\n<p style=\"text-align: justify;\"><span style=\"color: #000000;\">Ecolog\u00eda. A principios de primavera, en bosques de ribera, sobre todo bajo chopos (<em>Populus sp.<\/em>) y <em>Rosa sp<\/em>., en suelos b\u00e1sicos. Distribuci\u00f3n. \u00a0muy raro y localizado, especie a proteger, RR.\u00a0<\/span><\/p>\n<p style=\"text-align: justify;\"><span style=\"color: #000000;\">Citar como: MU\u00d1OZ, J. A. (2018). <em>Verpa bohemica\u00a0(Krombh.) <\/em>J. Schr\u00f6t., micol\u00f3gica-barakaldo.org [en l\u00ednea]. Fichas Micol\u00f3gicas, 155 (Actualizada el 08-IV-2023). ISSN 2660-633X. [consultado el xx\/xx\/xxx] <a style=\"color: #000000;\" href=\"https:\/\/micologica-barakaldo.org\/Verpa-bohemica\/\">https:\/\/micologica-barakaldo.org\/Verpa-bohemica\/<\/a><\/span><\/p>\n<p style=\"text-align: justify;\">\u00a0<\/p>\n<\/div><div class=\"fusion-clearfix\"><\/div><\/div><\/div><div class=\"fusion-layout-column fusion_builder_column fusion-builder-column-1 fusion_builder_column_1_2 1_2 fusion-one-half fusion-column-last\" style=\"--awb-bg-size:cover;width:48%;\"><div class=\"fusion-column-wrapper fusion-flex-column-wrapper-legacy\"><div class=\"fusion-image-element in-legacy-container\" style=\"--awb-caption-title-font-family:var(--h2_typography-font-family);--awb-caption-title-font-weight:var(--h2_typography-font-weight);--awb-caption-title-font-style:var(--h2_typography-font-style);--awb-caption-title-size:var(--h2_typography-font-size);--awb-caption-title-transform:var(--h2_typography-text-transform);--awb-caption-title-line-height:var(--h2_typography-line-height);--awb-caption-title-letter-spacing:var(--h2_typography-letter-spacing);\"><span class=\" fusion-imageframe imageframe-none imageframe-1 hover-type-none\"><img loading=\"lazy\" decoding=\"async\" width=\"1024\" height=\"752\" title=\"Verpa bohemica_20120420_4497\" src=\"https:\/\/micologica-barakaldo.org\/wp-content\/uploads\/2018\/04\/Verpa-bohemica_20120420_4497-1024x752.jpg\" alt class=\"img-responsive wp-image-8191\" srcset=\"https:\/\/micologica-barakaldo.org\/wp-content\/uploads\/2018\/04\/Verpa-bohemica_20120420_4497-200x147.jpg 200w, https:\/\/micologica-barakaldo.org\/wp-content\/uploads\/2018\/04\/Verpa-bohemica_20120420_4497-400x294.jpg 400w, https:\/\/micologica-barakaldo.org\/wp-content\/uploads\/2018\/04\/Verpa-bohemica_20120420_4497-600x441.jpg 600w, https:\/\/micologica-barakaldo.org\/wp-content\/uploads\/2018\/04\/Verpa-bohemica_20120420_4497-800x588.jpg 800w, https:\/\/micologica-barakaldo.org\/wp-content\/uploads\/2018\/04\/Verpa-bohemica_20120420_4497.jpg 1024w\" sizes=\"auto, (max-width: 1024px) 100vw, 800px\" \/><\/span><\/div><div class=\"fusion-clearfix\"><\/div><\/div><\/div><div class=\"fusion-layout-column fusion_builder_column fusion-builder-column-2 fusion_builder_column_1_1 1_1 fusion-one-full fusion-column-first fusion-column-last\" style=\"--awb-padding-top:40px;--awb-bg-size:cover;\"><div class=\"fusion-column-wrapper fusion-flex-column-wrapper-legacy\"><div class=\"fusion-aligncenter\"><a class=\"fusion-button button-flat button-xlarge button-default fusion-button-default button-1 fusion-button-default-span fusion-button-default-type\" target=\"_self\" href=\"https:\/\/micologica-barakaldo.org\/wp-content\/uploads\/2023\/04\/Verpa-bohemica.pdf\"><i class=\"fa-file-pdf far awb-button__icon awb-button__icon--default button-icon-left\" aria-hidden=\"true\"><\/i><span class=\"fusion-button-text awb-button__text awb-button__text--default\">VER FICHA COMPLETA<\/span><\/a><\/div><div class=\"fusion-clearfix\"><\/div><\/div><\/div><\/div><\/div>\n","protected":false},"excerpt":{"rendered":"","protected":false},"author":2,"featured_media":1759,"comment_status":"open","ping_status":"closed","sticky":false,"template":"","format":"standard","meta":{"footnotes":"","jetpack_publicize_message":"","jetpack_publicize_feature_enabled":true,"jetpack_social_post_already_shared":true,"jetpack_social_options":{"image_generator_settings":{"template":"highway","default_image_id":0,"font":"","enabled":false},"version":2}},"categories":[6,49],"tags":[],"class_list":["post-1760","post","type-post","status-publish","format-standard","has-post-thumbnail","hentry","category-fichas-micologicas","category-fichas-micologicas-setas-v"],"jetpack_publicize_connections":[],"jetpack_featured_media_url":"https:\/\/micologica-barakaldo.org\/wp-content\/uploads\/2018\/04\/Verpa-bohemica_20120420_4497.jpg","jetpack_shortlink":"https:\/\/wp.me\/p9dTSQ-so","_links":{"self":[{"href":"https:\/\/micologica-barakaldo.org\/eu\/wp-json\/wp\/v2\/posts\/1760","targetHints":{"allow":["GET"]}}],"collection":[{"href":"https:\/\/micologica-barakaldo.org\/eu\/wp-json\/wp\/v2\/posts"}],"about":[{"href":"https:\/\/micologica-barakaldo.org\/eu\/wp-json\/wp\/v2\/types\/post"}],"author":[{"embeddable":true,"href":"https:\/\/micologica-barakaldo.org\/eu\/wp-json\/wp\/v2\/users\/2"}],"replies":[{"embeddable":true,"href":"https:\/\/micologica-barakaldo.org\/eu\/wp-json\/wp\/v2\/comments?post=1760"}],"version-history":[{"count":5,"href":"https:\/\/micologica-barakaldo.org\/eu\/wp-json\/wp\/v2\/posts\/1760\/revisions"}],"predecessor-version":[{"id":7551,"href":"https:\/\/micologica-barakaldo.org\/eu\/wp-json\/wp\/v2\/posts\/1760\/revisions\/7551"}],"wp:featuredmedia":[{"embeddable":true,"href":"https:\/\/micologica-barakaldo.org\/eu\/wp-json\/wp\/v2\/media\/1759"}],"wp:attachment":[{"href":"https:\/\/micologica-barakaldo.org\/eu\/wp-json\/wp\/v2\/media?parent=1760"}],"wp:term":[{"taxonomy":"category","embeddable":true,"href":"https:\/\/micologica-barakaldo.org\/eu\/wp-json\/wp\/v2\/categories?post=1760"},{"taxonomy":"post_tag","embeddable":true,"href":"https:\/\/micologica-barakaldo.org\/eu\/wp-json\/wp\/v2\/tags?post=1760"}],"curies":[{"name":"wp","href":"https:\/\/api.w.org\/{rel}","templated":true}]}}