{"id":1803,"date":"2018-05-01T11:53:39","date_gmt":"2018-05-01T10:53:39","guid":{"rendered":"https:\/\/micologica-barakaldo.org\/?p=1803"},"modified":"2018-05-01T12:01:01","modified_gmt":"2018-05-01T11:01:01","slug":"temporada-de-setas-mayo","status":"publish","type":"post","link":"https:\/\/micologica-barakaldo.org\/eu\/temporada-de-setas-mayo\/","title":{"rendered":"Temporada de setas: MAYO"},"content":{"rendered":"<p>Si hay un mes \u201cloco\u201d para las setas \u00e9se es mayo. Si el tiempo acompa\u00f1a, nos encontraremos con el pleno apogeo de las especies t\u00edpicas de primavera de los meses anteriores. Todav\u00eda podemos recolectar Colmenillas (<em>Morchella sp<\/em>.), cada vez en sitios m\u00e1s altos de los bosques de monta\u00f1a, e incluso en esas cotas, todav\u00eda podemos encontrar las \u00faltimas Setas de ardillas (<em>Hygrophorus marzuolus<\/em>) de la temporada.<\/p>\n<p><img loading=\"lazy\" decoding=\"async\" class=\"wp-image-1811 aligncenter\" src=\"https:\/\/micologica-barakaldo.org\/wp-content\/uploads\/2018\/05\/Morchella-sp_20120505_4699-300x200.jpeg\" alt=\"\" width=\"336\" height=\"224\" srcset=\"https:\/\/micologica-barakaldo.org\/wp-content\/uploads\/2018\/05\/Morchella-sp_20120505_4699-200x133.jpeg 200w, https:\/\/micologica-barakaldo.org\/wp-content\/uploads\/2018\/05\/Morchella-sp_20120505_4699-300x200.jpeg 300w, https:\/\/micologica-barakaldo.org\/wp-content\/uploads\/2018\/05\/Morchella-sp_20120505_4699-400x266.jpeg 400w, https:\/\/micologica-barakaldo.org\/wp-content\/uploads\/2018\/05\/Morchella-sp_20120505_4699-600x400.jpeg 600w, https:\/\/micologica-barakaldo.org\/wp-content\/uploads\/2018\/05\/Morchella-sp_20120505_4699-768x512.jpeg 768w, https:\/\/micologica-barakaldo.org\/wp-content\/uploads\/2018\/05\/Morchella-sp_20120505_4699-800x533.jpeg 800w, https:\/\/micologica-barakaldo.org\/wp-content\/uploads\/2018\/05\/Morchella-sp_20120505_4699-1020x679.jpeg 1020w, https:\/\/micologica-barakaldo.org\/wp-content\/uploads\/2018\/05\/Morchella-sp_20120505_4699.jpeg 1024w\" sizes=\"auto, (max-width: 336px) 100vw, 336px\" \/><\/p>\n<p><img loading=\"lazy\" decoding=\"async\" class=\" wp-image-1810 aligncenter\" src=\"https:\/\/micologica-barakaldo.org\/wp-content\/uploads\/2018\/05\/Mitrophora-fusca_20140425_14825-272x300.jpg\" alt=\"\" width=\"293\" height=\"323\" srcset=\"https:\/\/micologica-barakaldo.org\/wp-content\/uploads\/2018\/05\/Mitrophora-fusca_20140425_14825-200x220.jpg 200w, https:\/\/micologica-barakaldo.org\/wp-content\/uploads\/2018\/05\/Mitrophora-fusca_20140425_14825-272x300.jpg 272w, https:\/\/micologica-barakaldo.org\/wp-content\/uploads\/2018\/05\/Mitrophora-fusca_20140425_14825-400x441.jpg 400w, https:\/\/micologica-barakaldo.org\/wp-content\/uploads\/2018\/05\/Mitrophora-fusca_20140425_14825-600x661.jpg 600w, https:\/\/micologica-barakaldo.org\/wp-content\/uploads\/2018\/05\/Mitrophora-fusca_20140425_14825-768x846.jpg 768w, https:\/\/micologica-barakaldo.org\/wp-content\/uploads\/2018\/05\/Mitrophora-fusca_20140425_14825-800x881.jpg 800w, https:\/\/micologica-barakaldo.org\/wp-content\/uploads\/2018\/05\/Mitrophora-fusca_20140425_14825.jpg 908w\" sizes=\"auto, (max-width: 293px) 100vw, 293px\" \/><\/p>\n<p>Pero donde realmente se produce una verdadera explosi\u00f3n, si las lluvias han sido abundantes en abril, es en los prados y p\u00e1ramos de nuestra geograf\u00eda: <em>Calocybe gambosa<\/em> (Perretxiko, Zuza, Seta de San Jorge) que fructifica de forma abundante en zonas medias y altas, por encima de los mil metros, acompa\u00f1ada por la senderuela (<em>Marasmarius oreades<\/em>), que forma grandes corros en los prados, antes de que la hierba crezca de forma acelerada. Tambi\u00e9n en estos prados de media monta\u00f1a brota la Seta de Cardo (<em>Pleurotus eryngii<\/em>) y la Seta de ca\u00f1a (<em>Pleurotus nebrodensis<\/em>). Finalmente, y como remate final antes del verano, en estos prados y p\u00e1ramos se produce una peque\u00f1a eclosi\u00f3n de <em>Agaricus<\/em> o champi\u00f1ones primaverales, entre los que encontramos: <em>Agaricus crocodilinus, A. litoralis, A. pampeanus, A. bitorquis, A. arvensis <\/em>y <em>A. sylvicola.<\/em><\/p>\n<p><img loading=\"lazy\" decoding=\"async\" class=\" wp-image-1804 aligncenter\" src=\"https:\/\/micologica-barakaldo.org\/wp-content\/uploads\/2018\/05\/Agaricus-crocodilinus_20060524_202-300x225.jpeg\" alt=\"\" width=\"396\" height=\"297\" srcset=\"https:\/\/micologica-barakaldo.org\/wp-content\/uploads\/2018\/05\/Agaricus-crocodilinus_20060524_202-200x150.jpeg 200w, https:\/\/micologica-barakaldo.org\/wp-content\/uploads\/2018\/05\/Agaricus-crocodilinus_20060524_202-300x225.jpeg 300w, https:\/\/micologica-barakaldo.org\/wp-content\/uploads\/2018\/05\/Agaricus-crocodilinus_20060524_202-400x300.jpeg 400w, https:\/\/micologica-barakaldo.org\/wp-content\/uploads\/2018\/05\/Agaricus-crocodilinus_20060524_202-600x450.jpeg 600w, https:\/\/micologica-barakaldo.org\/wp-content\/uploads\/2018\/05\/Agaricus-crocodilinus_20060524_202-768x576.jpeg 768w, https:\/\/micologica-barakaldo.org\/wp-content\/uploads\/2018\/05\/Agaricus-crocodilinus_20060524_202-800x600.jpeg 800w, https:\/\/micologica-barakaldo.org\/wp-content\/uploads\/2018\/05\/Agaricus-crocodilinus_20060524_202-1020x765.jpeg 1020w, https:\/\/micologica-barakaldo.org\/wp-content\/uploads\/2018\/05\/Agaricus-crocodilinus_20060524_202.jpeg 1024w\" sizes=\"auto, (max-width: 396px) 100vw, 396px\" \/><\/p>\n<p><img loading=\"lazy\" decoding=\"async\" class=\" wp-image-1805 aligncenter\" src=\"https:\/\/micologica-barakaldo.org\/wp-content\/uploads\/2018\/05\/Agaricus-litoralis_20160505_1627-300x214.jpg\" alt=\"\" width=\"396\" height=\"283\" srcset=\"https:\/\/micologica-barakaldo.org\/wp-content\/uploads\/2018\/05\/Agaricus-litoralis_20160505_1627-200x143.jpg 200w, https:\/\/micologica-barakaldo.org\/wp-content\/uploads\/2018\/05\/Agaricus-litoralis_20160505_1627-300x214.jpg 300w, https:\/\/micologica-barakaldo.org\/wp-content\/uploads\/2018\/05\/Agaricus-litoralis_20160505_1627-400x286.jpg 400w, https:\/\/micologica-barakaldo.org\/wp-content\/uploads\/2018\/05\/Agaricus-litoralis_20160505_1627-600x428.jpg 600w, https:\/\/micologica-barakaldo.org\/wp-content\/uploads\/2018\/05\/Agaricus-litoralis_20160505_1627-768x548.jpg 768w, https:\/\/micologica-barakaldo.org\/wp-content\/uploads\/2018\/05\/Agaricus-litoralis_20160505_1627-800x571.jpg 800w, https:\/\/micologica-barakaldo.org\/wp-content\/uploads\/2018\/05\/Agaricus-litoralis_20160505_1627-1020x728.jpg 1020w, https:\/\/micologica-barakaldo.org\/wp-content\/uploads\/2018\/05\/Agaricus-litoralis_20160505_1627.jpg 1024w\" sizes=\"auto, (max-width: 396px) 100vw, 396px\" \/><\/p>\n<p>&nbsp;<\/p>\n<p>Pero mayo no se queda ah\u00ed, si adem\u00e1s de agua abundante, las temperaturas suben por encima de los 20 grados, en los bosques comienza a haber movimiento hacia el final de mes. En pinares maduros y Hayedos podemos encontrar los primeros <em>Boletus pinophilus<\/em>, tambi\u00e9n en robledales y hayedos templados brotan los primeros <em>Boletus reticulatus<\/em> (= <em>B. aestivalis<\/em>), las primeras carboneras o Urretxas (<em>Russula cyanoxantha<\/em>) y sobre todo la precoz <em>Russula vesca<\/em>.<\/p>\n<p>&nbsp;<\/p>\n<p>\u00a0<img loading=\"lazy\" decoding=\"async\" class=\" wp-image-1807 aligncenter\" src=\"https:\/\/micologica-barakaldo.org\/wp-content\/uploads\/2018\/05\/BOletus-reticulatus_20070619_002-300x238.jpg\" alt=\"\" width=\"400\" height=\"318\" srcset=\"https:\/\/micologica-barakaldo.org\/wp-content\/uploads\/2018\/05\/BOletus-reticulatus_20070619_002-177x142.jpg 177w, https:\/\/micologica-barakaldo.org\/wp-content\/uploads\/2018\/05\/BOletus-reticulatus_20070619_002-200x159.jpg 200w, https:\/\/micologica-barakaldo.org\/wp-content\/uploads\/2018\/05\/BOletus-reticulatus_20070619_002-300x238.jpg 300w, https:\/\/micologica-barakaldo.org\/wp-content\/uploads\/2018\/05\/BOletus-reticulatus_20070619_002-400x318.jpg 400w, https:\/\/micologica-barakaldo.org\/wp-content\/uploads\/2018\/05\/BOletus-reticulatus_20070619_002-600x476.jpg 600w, https:\/\/micologica-barakaldo.org\/wp-content\/uploads\/2018\/05\/BOletus-reticulatus_20070619_002-768x610.jpg 768w, https:\/\/micologica-barakaldo.org\/wp-content\/uploads\/2018\/05\/BOletus-reticulatus_20070619_002-800x635.jpg 800w, https:\/\/micologica-barakaldo.org\/wp-content\/uploads\/2018\/05\/BOletus-reticulatus_20070619_002-1020x810.jpg 1020w, https:\/\/micologica-barakaldo.org\/wp-content\/uploads\/2018\/05\/BOletus-reticulatus_20070619_002.jpg 1024w\" sizes=\"auto, (max-width: 400px) 100vw, 400px\" \/><\/p>\n<p><img loading=\"lazy\" decoding=\"async\" class=\" wp-image-1812 aligncenter\" src=\"https:\/\/micologica-barakaldo.org\/wp-content\/uploads\/2018\/05\/Slide_BOletus-pinophilus_20110510_04-300x202.jpeg\" alt=\"\" width=\"404\" height=\"272\" srcset=\"https:\/\/micologica-barakaldo.org\/wp-content\/uploads\/2018\/05\/Slide_BOletus-pinophilus_20110510_04-200x135.jpeg 200w, https:\/\/micologica-barakaldo.org\/wp-content\/uploads\/2018\/05\/Slide_BOletus-pinophilus_20110510_04-300x202.jpeg 300w, https:\/\/micologica-barakaldo.org\/wp-content\/uploads\/2018\/05\/Slide_BOletus-pinophilus_20110510_04-400x270.jpeg 400w, https:\/\/micologica-barakaldo.org\/wp-content\/uploads\/2018\/05\/Slide_BOletus-pinophilus_20110510_04-600x405.jpeg 600w, https:\/\/micologica-barakaldo.org\/wp-content\/uploads\/2018\/05\/Slide_BOletus-pinophilus_20110510_04-768x518.jpeg 768w, https:\/\/micologica-barakaldo.org\/wp-content\/uploads\/2018\/05\/Slide_BOletus-pinophilus_20110510_04-800x540.jpeg 800w, https:\/\/micologica-barakaldo.org\/wp-content\/uploads\/2018\/05\/Slide_BOletus-pinophilus_20110510_04-1020x688.jpeg 1020w, https:\/\/micologica-barakaldo.org\/wp-content\/uploads\/2018\/05\/Slide_BOletus-pinophilus_20110510_04.jpeg 1024w\" sizes=\"auto, (max-width: 404px) 100vw, 404px\" \/><\/p>\n<p>&nbsp;<\/p>\n<p>\u00a0Las distintas especies de <em>Ca<\/em><em>ntharellus<\/em> (<em>C. pallens<\/em> y <em>C. cibarius<\/em>) empiezan tambi\u00e9n a destacar entre el verde musgo. Por \u00faltimo, otra especie que adem\u00e1s de oto\u00f1o brota con cierta abundancia en primavera, es <em>Amanita rubescens<\/em> (Amanita vinosa, Ardotsu o Galanperna Galdakanesa) que podemos verla en pinares, robledales y hayedos.<\/p>\n<p>&nbsp;<\/p>\n<p>\u00a0<img loading=\"lazy\" decoding=\"async\" class=\"wp-image-1806 aligncenter\" src=\"https:\/\/micologica-barakaldo.org\/wp-content\/uploads\/2018\/05\/Amanita-rubescens_20100824_001-300x221.jpg\" alt=\"\" width=\"399\" height=\"294\" srcset=\"https:\/\/micologica-barakaldo.org\/wp-content\/uploads\/2018\/05\/Amanita-rubescens_20100824_001-200x147.jpg 200w, https:\/\/micologica-barakaldo.org\/wp-content\/uploads\/2018\/05\/Amanita-rubescens_20100824_001-300x221.jpg 300w, https:\/\/micologica-barakaldo.org\/wp-content\/uploads\/2018\/05\/Amanita-rubescens_20100824_001-400x295.jpg 400w, https:\/\/micologica-barakaldo.org\/wp-content\/uploads\/2018\/05\/Amanita-rubescens_20100824_001-600x442.jpg 600w, https:\/\/micologica-barakaldo.org\/wp-content\/uploads\/2018\/05\/Amanita-rubescens_20100824_001-768x566.jpg 768w, https:\/\/micologica-barakaldo.org\/wp-content\/uploads\/2018\/05\/Amanita-rubescens_20100824_001-800x590.jpg 800w, https:\/\/micologica-barakaldo.org\/wp-content\/uploads\/2018\/05\/Amanita-rubescens_20100824_001-1020x752.jpg 1020w, https:\/\/micologica-barakaldo.org\/wp-content\/uploads\/2018\/05\/Amanita-rubescens_20100824_001.jpg 1024w\" sizes=\"auto, (max-width: 399px) 100vw, 399px\" \/><\/p>\n<p><img loading=\"lazy\" decoding=\"async\" class=\" wp-image-1809 aligncenter\" src=\"https:\/\/micologica-barakaldo.org\/wp-content\/uploads\/2018\/05\/Micogastronomi\u0301a_20110515_01-300x194.jpg\" alt=\"\" width=\"391\" height=\"253\" srcset=\"https:\/\/micologica-barakaldo.org\/wp-content\/uploads\/2018\/05\/Micogastronomi\u0301a_20110515_01-200x129.jpg 200w, https:\/\/micologica-barakaldo.org\/wp-content\/uploads\/2018\/05\/Micogastronomi\u0301a_20110515_01-300x194.jpg 300w, https:\/\/micologica-barakaldo.org\/wp-content\/uploads\/2018\/05\/Micogastronomi\u0301a_20110515_01-400x259.jpg 400w, https:\/\/micologica-barakaldo.org\/wp-content\/uploads\/2018\/05\/Micogastronomi\u0301a_20110515_01-600x388.jpg 600w, https:\/\/micologica-barakaldo.org\/wp-content\/uploads\/2018\/05\/Micogastronomi\u0301a_20110515_01-768x497.jpg 768w, https:\/\/micologica-barakaldo.org\/wp-content\/uploads\/2018\/05\/Micogastronomi\u0301a_20110515_01-800x518.jpg 800w, https:\/\/micologica-barakaldo.org\/wp-content\/uploads\/2018\/05\/Micogastronomi\u0301a_20110515_01.jpg 1000w\" sizes=\"auto, (max-width: 391px) 100vw, 391px\" \/><\/p>\n<p><img loading=\"lazy\" decoding=\"async\" class=\"wp-image-1808 aligncenter\" src=\"https:\/\/micologica-barakaldo.org\/wp-content\/uploads\/2018\/05\/Cantharellus-pallens_20100703_001-300x174.jpg\" alt=\"\" width=\"393\" height=\"228\" srcset=\"https:\/\/micologica-barakaldo.org\/wp-content\/uploads\/2018\/05\/Cantharellus-pallens_20100703_001-200x116.jpg 200w, https:\/\/micologica-barakaldo.org\/wp-content\/uploads\/2018\/05\/Cantharellus-pallens_20100703_001-300x174.jpg 300w, https:\/\/micologica-barakaldo.org\/wp-content\/uploads\/2018\/05\/Cantharellus-pallens_20100703_001-400x232.jpg 400w, https:\/\/micologica-barakaldo.org\/wp-content\/uploads\/2018\/05\/Cantharellus-pallens_20100703_001-600x347.jpg 600w, https:\/\/micologica-barakaldo.org\/wp-content\/uploads\/2018\/05\/Cantharellus-pallens_20100703_001-768x445.jpg 768w, https:\/\/micologica-barakaldo.org\/wp-content\/uploads\/2018\/05\/Cantharellus-pallens_20100703_001-800x463.jpg 800w, https:\/\/micologica-barakaldo.org\/wp-content\/uploads\/2018\/05\/Cantharellus-pallens_20100703_001-1020x591.jpg 1020w, https:\/\/micologica-barakaldo.org\/wp-content\/uploads\/2018\/05\/Cantharellus-pallens_20100703_001.jpg 1024w\" sizes=\"auto, (max-width: 393px) 100vw, 393px\" \/><\/p>\n<p>En resumen, mayo es un mes loco, muy loco, imprevisible, y que nos puede dar mucho juego, pero como siempre, estamos en manos de las borrascas y anticiclones. Este a\u00f1o, presumiblemente ser\u00e1 un mes excelente en muchos puntos de nuestra geograf\u00eda, debido a esas abundantes lluvias del pasado mes de abril.<\/p>\n","protected":false},"excerpt":{"rendered":"<p>Si hay un mes \u201cloco\u201d para las setas \u00e9se es mayo. Si el tiempo acompa\u00f1a,  [&#8230;]<\/p>\n","protected":false},"author":3,"featured_media":1809,"comment_status":"open","ping_status":"closed","sticky":false,"template":"","format":"standard","meta":{"footnotes":"","jetpack_publicize_message":"","jetpack_publicize_feature_enabled":true,"jetpack_social_post_already_shared":true,"jetpack_social_options":{"image_generator_settings":{"template":"highway","default_image_id":0,"font":"","enabled":false},"version":2}},"categories":[7,27],"tags":[],"class_list":["post-1803","post","type-post","status-publish","format-standard","has-post-thumbnail","hentry","category-blog","category-temporada-de-setas"],"jetpack_publicize_connections":[],"jetpack_featured_media_url":"https:\/\/micologica-barakaldo.org\/wp-content\/uploads\/2018\/05\/Micogastronomi\u0301a_20110515_01.jpg","jetpack_shortlink":"https:\/\/wp.me\/p9dTSQ-t5","_links":{"self":[{"href":"https:\/\/micologica-barakaldo.org\/eu\/wp-json\/wp\/v2\/posts\/1803","targetHints":{"allow":["GET"]}}],"collection":[{"href":"https:\/\/micologica-barakaldo.org\/eu\/wp-json\/wp\/v2\/posts"}],"about":[{"href":"https:\/\/micologica-barakaldo.org\/eu\/wp-json\/wp\/v2\/types\/post"}],"author":[{"embeddable":true,"href":"https:\/\/micologica-barakaldo.org\/eu\/wp-json\/wp\/v2\/users\/3"}],"replies":[{"embeddable":true,"href":"https:\/\/micologica-barakaldo.org\/eu\/wp-json\/wp\/v2\/comments?post=1803"}],"version-history":[{"count":1,"href":"https:\/\/micologica-barakaldo.org\/eu\/wp-json\/wp\/v2\/posts\/1803\/revisions"}],"predecessor-version":[{"id":1814,"href":"https:\/\/micologica-barakaldo.org\/eu\/wp-json\/wp\/v2\/posts\/1803\/revisions\/1814"}],"wp:featuredmedia":[{"embeddable":true,"href":"https:\/\/micologica-barakaldo.org\/eu\/wp-json\/wp\/v2\/media\/1809"}],"wp:attachment":[{"href":"https:\/\/micologica-barakaldo.org\/eu\/wp-json\/wp\/v2\/media?parent=1803"}],"wp:term":[{"taxonomy":"category","embeddable":true,"href":"https:\/\/micologica-barakaldo.org\/eu\/wp-json\/wp\/v2\/categories?post=1803"},{"taxonomy":"post_tag","embeddable":true,"href":"https:\/\/micologica-barakaldo.org\/eu\/wp-json\/wp\/v2\/tags?post=1803"}],"curies":[{"name":"wp","href":"https:\/\/api.w.org\/{rel}","templated":true}]}}