{"id":1964,"date":"2018-06-02T12:58:32","date_gmt":"2018-06-02T11:58:32","guid":{"rendered":"https:\/\/micologica-barakaldo.org\/?p=1964"},"modified":"2018-06-02T14:29:57","modified_gmt":"2018-06-02T13:29:57","slug":"temporada-de-setas-junio","status":"publish","type":"post","link":"https:\/\/micologica-barakaldo.org\/eu\/temporada-de-setas-junio\/","title":{"rendered":"Temporada de setas: JUNIO"},"content":{"rendered":"<p>Estamos a las puertas del verano, pero este a\u00f1o la primavera, lluviosa y tormentosa, sigue siendo primavera y se resiste a abandonarnos. Adem\u00e1s, las cordilleras monta\u00f1osas acumulan nieve como no se recuerda. Con este escenario, todav\u00eda seguimos encontrando setas claramente primaverales de meses anteriores (Colmenillas, Seta de San Jorge o Perretxiko, Senderuelas e incluso Seta de marzo en los bosques m\u00e1s altos). Junto a estas especies hemos podido ver, sin la abundancia de otros a\u00f1os, los <em>Agaricus<\/em> o champi\u00f1ones (<em>A. crocodilinus, A. litoralis, A. bisporus, A. bitorquis<\/em>, etc.), especialmente en praderas y p\u00e1ramos altos.<\/p>\n<p>&nbsp;<\/p>\n<p><img loading=\"lazy\" decoding=\"async\" class=\" wp-image-1968 aligncenter\" src=\"https:\/\/micologica-barakaldo.org\/wp-content\/uploads\/2018\/06\/Marasmius-oreades_20111122_376-300x214.jpg\" alt=\"\" width=\"377\" height=\"269\" srcset=\"https:\/\/micologica-barakaldo.org\/wp-content\/uploads\/2018\/06\/Marasmius-oreades_20111122_376-200x143.jpg 200w, https:\/\/micologica-barakaldo.org\/wp-content\/uploads\/2018\/06\/Marasmius-oreades_20111122_376-300x214.jpg 300w, https:\/\/micologica-barakaldo.org\/wp-content\/uploads\/2018\/06\/Marasmius-oreades_20111122_376-400x285.jpg 400w, https:\/\/micologica-barakaldo.org\/wp-content\/uploads\/2018\/06\/Marasmius-oreades_20111122_376-600x428.jpg 600w, https:\/\/micologica-barakaldo.org\/wp-content\/uploads\/2018\/06\/Marasmius-oreades_20111122_376-768x548.jpg 768w, https:\/\/micologica-barakaldo.org\/wp-content\/uploads\/2018\/06\/Marasmius-oreades_20111122_376-800x570.jpg 800w, https:\/\/micologica-barakaldo.org\/wp-content\/uploads\/2018\/06\/Marasmius-oreades_20111122_376.jpg 1024w\" sizes=\"auto, (max-width: 377px) 100vw, 377px\" \/><\/p>\n<p>Pero el bosque sigue su curso y en los bosques de frondosas, despu\u00e9s de la eclosi\u00f3n de las hojas, comienzan a fructificar las primeras setas: Amanita rubescens (Amanita vinosa o Galanperna Galdakanesa), en compa\u00f1\u00eda de Amanita spissa, Russulas tempraneras como <em>Russula vesca<\/em> y <em>R. cyanoxantha<\/em>, especialmente en robledales y hayedos. Tambi\u00e9n los Boletus, en cuanto las temperaturas se recuperen un poco, brotar\u00e1n con cierta abundancia (<em>Boletus reticulatus<\/em>, <em>B. aereus<\/em> y <em>B. erythropus<\/em>). Adem\u00e1s, en estos bosques, y de forma abundante si la humedad sigue acompa\u00f1ando, los Cantharellus o rebozuelos (<em>Cantharellus cibarius<\/em> y C.<em> pallens<\/em>) e incluso alguna Lengua de vaca (<em>Hydnum repandum<\/em>), se pueden ver ya en junio.<\/p>\n<p>&nbsp;<\/p>\n<p><img loading=\"lazy\" decoding=\"async\" class=\" wp-image-1966 aligncenter\" src=\"https:\/\/micologica-barakaldo.org\/wp-content\/uploads\/2018\/06\/Amanita-rubescens_20070915_001-298x300.jpg\" alt=\"\" width=\"366\" height=\"368\" srcset=\"https:\/\/micologica-barakaldo.org\/wp-content\/uploads\/2018\/06\/Amanita-rubescens_20070915_001-66x66.jpg 66w, https:\/\/micologica-barakaldo.org\/wp-content\/uploads\/2018\/06\/Amanita-rubescens_20070915_001-150x150.jpg 150w, https:\/\/micologica-barakaldo.org\/wp-content\/uploads\/2018\/06\/Amanita-rubescens_20070915_001-200x201.jpg 200w, https:\/\/micologica-barakaldo.org\/wp-content\/uploads\/2018\/06\/Amanita-rubescens_20070915_001-298x300.jpg 298w, https:\/\/micologica-barakaldo.org\/wp-content\/uploads\/2018\/06\/Amanita-rubescens_20070915_001-400x402.jpg 400w, https:\/\/micologica-barakaldo.org\/wp-content\/uploads\/2018\/06\/Amanita-rubescens_20070915_001-600x604.jpg 600w, https:\/\/micologica-barakaldo.org\/wp-content\/uploads\/2018\/06\/Amanita-rubescens_20070915_001-768x773.jpg 768w, https:\/\/micologica-barakaldo.org\/wp-content\/uploads\/2018\/06\/Amanita-rubescens_20070915_001-800x805.jpg 800w, https:\/\/micologica-barakaldo.org\/wp-content\/uploads\/2018\/06\/Amanita-rubescens_20070915_001.jpg 1018w\" sizes=\"auto, (max-width: 366px) 100vw, 366px\" \/><\/p>\n<p><img loading=\"lazy\" decoding=\"async\" class=\"wp-image-1967 aligncenter\" src=\"https:\/\/micologica-barakaldo.org\/wp-content\/uploads\/2018\/06\/Boletus-aereus_20091017_004-300x233.jpg\" alt=\"\" width=\"358\" height=\"278\" srcset=\"https:\/\/micologica-barakaldo.org\/wp-content\/uploads\/2018\/06\/Boletus-aereus_20091017_004-200x156.jpg 200w, https:\/\/micologica-barakaldo.org\/wp-content\/uploads\/2018\/06\/Boletus-aereus_20091017_004-300x233.jpg 300w, https:\/\/micologica-barakaldo.org\/wp-content\/uploads\/2018\/06\/Boletus-aereus_20091017_004-400x311.jpg 400w, https:\/\/micologica-barakaldo.org\/wp-content\/uploads\/2018\/06\/Boletus-aereus_20091017_004-600x467.jpg 600w, https:\/\/micologica-barakaldo.org\/wp-content\/uploads\/2018\/06\/Boletus-aereus_20091017_004-768x598.jpg 768w, https:\/\/micologica-barakaldo.org\/wp-content\/uploads\/2018\/06\/Boletus-aereus_20091017_004-800x623.jpg 800w, https:\/\/micologica-barakaldo.org\/wp-content\/uploads\/2018\/06\/Boletus-aereus_20091017_004.jpg 1024w\" sizes=\"auto, (max-width: 358px) 100vw, 358px\" \/><\/p>\n<p>&nbsp;<\/p>\n<p><img loading=\"lazy\" decoding=\"async\" class=\" wp-image-1969 aligncenter\" src=\"https:\/\/micologica-barakaldo.org\/wp-content\/uploads\/2018\/06\/Russula-cyanoxantha_20110730_1478-300x205.jpg\" alt=\"\" width=\"354\" height=\"242\" srcset=\"https:\/\/micologica-barakaldo.org\/wp-content\/uploads\/2018\/06\/Russula-cyanoxantha_20110730_1478-200x137.jpg 200w, https:\/\/micologica-barakaldo.org\/wp-content\/uploads\/2018\/06\/Russula-cyanoxantha_20110730_1478-300x205.jpg 300w, https:\/\/micologica-barakaldo.org\/wp-content\/uploads\/2018\/06\/Russula-cyanoxantha_20110730_1478-400x274.jpg 400w, https:\/\/micologica-barakaldo.org\/wp-content\/uploads\/2018\/06\/Russula-cyanoxantha_20110730_1478-600x411.jpg 600w, https:\/\/micologica-barakaldo.org\/wp-content\/uploads\/2018\/06\/Russula-cyanoxantha_20110730_1478-768x526.jpg 768w, https:\/\/micologica-barakaldo.org\/wp-content\/uploads\/2018\/06\/Russula-cyanoxantha_20110730_1478-800x548.jpg 800w, https:\/\/micologica-barakaldo.org\/wp-content\/uploads\/2018\/06\/Russula-cyanoxantha_20110730_1478.jpg 1024w\" sizes=\"auto, (max-width: 354px) 100vw, 354px\" \/><\/p>\n<p>En zonas m\u00e1s term\u00f3filas (o no tanto, dependiendo de la temperatura), a los m\u00e1s \u201csuertudos\u201d, la Amanita caesarea les puede sorprender con sus espectaculares colores. Tambi\u00e9n en esta \u00e9poca primaveral, en los bosques montanos de Pino silvestre, se produce un generoso brote de <em>Boletus pinophilus<\/em>.<\/p>\n<p>Tampoco podemos olvidarnos de las amanitas primaverales, algunas de ellas mortales como <em>Amanita verna<\/em> e incluso <em>Amanita phalloides,<\/em> que suele ser muy precoz en los bosques term\u00f3filos de frondosas. La primera puede ser confundida con champi\u00f1ones y las segunda, con sus tonos verdes, con russulas verdosas (<em>R. heterophylla, R. virescens<\/em> \u00f3 <em>R. cyanoxantha<\/em>).<\/p>\n<p>&nbsp;<\/p>\n<p>&nbsp;<\/p>\n<p><img loading=\"lazy\" decoding=\"async\" class=\" wp-image-1965 aligncenter\" src=\"https:\/\/micologica-barakaldo.org\/wp-content\/uploads\/2018\/06\/Amanita-phalloides_20111016_2202-300x216.jpg\" alt=\"\" width=\"380\" height=\"274\" srcset=\"https:\/\/micologica-barakaldo.org\/wp-content\/uploads\/2018\/06\/Amanita-phalloides_20111016_2202-200x144.jpg 200w, https:\/\/micologica-barakaldo.org\/wp-content\/uploads\/2018\/06\/Amanita-phalloides_20111016_2202-300x216.jpg 300w, https:\/\/micologica-barakaldo.org\/wp-content\/uploads\/2018\/06\/Amanita-phalloides_20111016_2202-400x288.jpg 400w, https:\/\/micologica-barakaldo.org\/wp-content\/uploads\/2018\/06\/Amanita-phalloides_20111016_2202-600x432.jpg 600w, https:\/\/micologica-barakaldo.org\/wp-content\/uploads\/2018\/06\/Amanita-phalloides_20111016_2202-768x553.jpg 768w, https:\/\/micologica-barakaldo.org\/wp-content\/uploads\/2018\/06\/Amanita-phalloides_20111016_2202-800x576.jpg 800w, https:\/\/micologica-barakaldo.org\/wp-content\/uploads\/2018\/06\/Amanita-phalloides_20111016_2202.jpg 1024w\" sizes=\"auto, (max-width: 380px) 100vw, 380px\" \/><\/p>\n<p>&nbsp;<\/p>\n<p>En resumen, dependiendo de la zona geogr\u00e1fica del pa\u00eds, en este mes de junio, muchos aficionados pueden recolectar especies muy dispares, si tenemos en cuenta su \u00e9poca de aparici\u00f3n, altitud y latitud. S\u00f3lo hay que seguir el rastro de las tormentas\u2026<\/p>\n","protected":false},"excerpt":{"rendered":"<p>Estamos a las puertas del verano, pero este a\u00f1o la primavera, lluviosa y tormentosa, sigue  [&#8230;]<\/p>\n","protected":false},"author":3,"featured_media":1968,"comment_status":"open","ping_status":"closed","sticky":false,"template":"","format":"standard","meta":{"footnotes":"","jetpack_publicize_message":"","jetpack_publicize_feature_enabled":true,"jetpack_social_post_already_shared":true,"jetpack_social_options":{"image_generator_settings":{"template":"highway","default_image_id":0,"font":"","enabled":false},"version":2}},"categories":[7,27],"tags":[],"class_list":["post-1964","post","type-post","status-publish","format-standard","has-post-thumbnail","hentry","category-blog","category-temporada-de-setas"],"jetpack_publicize_connections":[],"jetpack_featured_media_url":"https:\/\/micologica-barakaldo.org\/wp-content\/uploads\/2018\/06\/Marasmius-oreades_20111122_376.jpg","jetpack_shortlink":"https:\/\/wp.me\/p9dTSQ-vG","_links":{"self":[{"href":"https:\/\/micologica-barakaldo.org\/eu\/wp-json\/wp\/v2\/posts\/1964","targetHints":{"allow":["GET"]}}],"collection":[{"href":"https:\/\/micologica-barakaldo.org\/eu\/wp-json\/wp\/v2\/posts"}],"about":[{"href":"https:\/\/micologica-barakaldo.org\/eu\/wp-json\/wp\/v2\/types\/post"}],"author":[{"embeddable":true,"href":"https:\/\/micologica-barakaldo.org\/eu\/wp-json\/wp\/v2\/users\/3"}],"replies":[{"embeddable":true,"href":"https:\/\/micologica-barakaldo.org\/eu\/wp-json\/wp\/v2\/comments?post=1964"}],"version-history":[{"count":1,"href":"https:\/\/micologica-barakaldo.org\/eu\/wp-json\/wp\/v2\/posts\/1964\/revisions"}],"predecessor-version":[{"id":1971,"href":"https:\/\/micologica-barakaldo.org\/eu\/wp-json\/wp\/v2\/posts\/1964\/revisions\/1971"}],"wp:featuredmedia":[{"embeddable":true,"href":"https:\/\/micologica-barakaldo.org\/eu\/wp-json\/wp\/v2\/media\/1968"}],"wp:attachment":[{"href":"https:\/\/micologica-barakaldo.org\/eu\/wp-json\/wp\/v2\/media?parent=1964"}],"wp:term":[{"taxonomy":"category","embeddable":true,"href":"https:\/\/micologica-barakaldo.org\/eu\/wp-json\/wp\/v2\/categories?post=1964"},{"taxonomy":"post_tag","embeddable":true,"href":"https:\/\/micologica-barakaldo.org\/eu\/wp-json\/wp\/v2\/tags?post=1964"}],"curies":[{"name":"wp","href":"https:\/\/api.w.org\/{rel}","templated":true}]}}