{"id":1986,"date":"2018-06-13T19:16:45","date_gmt":"2018-06-13T18:16:45","guid":{"rendered":"https:\/\/micologica-barakaldo.org\/?p=1986"},"modified":"2021-02-02T22:25:29","modified_gmt":"2021-02-02T21:25:29","slug":"cortinarius-delibutus","status":"publish","type":"post","link":"https:\/\/micologica-barakaldo.org\/eu\/cortinarius-delibutus\/","title":{"rendered":"Cortinarius delibutus"},"content":{"rendered":"<div class=\"fusion-fullwidth fullwidth-box fusion-builder-row-1 nonhundred-percent-fullwidth non-hundred-percent-height-scrolling\" style=\"--awb-border-radius-top-left:0px;--awb-border-radius-top-right:0px;--awb-border-radius-bottom-right:0px;--awb-border-radius-bottom-left:0px;--awb-padding-bottom:50px;--awb-flex-wrap:wrap;\" ><div class=\"fusion-builder-row fusion-row\"><div class=\"fusion-layout-column fusion_builder_column fusion-builder-column-0 fusion_builder_column_1_2 1_2 fusion-one-half fusion-column-first\" style=\"--awb-bg-size:cover;width:48%; margin-right: 4%;\"><div class=\"fusion-column-wrapper fusion-flex-column-wrapper-legacy\"><div class=\"fusion-text fusion-text-1\"><p style=\"text-align: justify;\"><em>Caracteres macrosc\u00f3picos<\/em>. P\u00edleo de hasta 80 mm de di\u00e1metro, primero globoso, despu\u00e9s convexo campanulado, finalmente extendido, margen regular, un poco sinuoso, incurvado. Superficie pil\u00e9ica separable, muy viscosa, amarescente, brillante, tenaz, de color amarillo dorado, amarillo p\u00e1lido o amarillo-oliv\u00e1ceo. L\u00e1minas poco apretadas, desiguales, con numerosas lam\u00e9lulas, anchas, escotado-adnatas, a veces un poco uncinadas, arista delgada, un poco erosionada o aserrada, blanquecina, de color azul viol\u00e1ceo a gris azulado. Est\u00edpite hasta 100&#215;12 mm, m\u00e1s o menos claviforme, curvado, lleno, seco, fibrilloso, de color blanco, a menudo viol\u00e1ceo, adornado de bandas atigradas, transversales de color amarillo dorado, cortina viscosa, poco abundante y fugaz, viscosa. Contexto espeso, firme, crema, amarillo dorado en el p\u00edleo, con olor rabanoide y sabor amarescente.<\/p>\n<p style=\"text-align: justify;\"><em>Caracteres microsc\u00f3picos<\/em>. Basidi\u00f3sporas de 6,5-9,0 x 6,5-7,5 \u00b5m \/ Q = 1,1-1,4, redondeadas a elipsoidales, apiculadas, con verrugas peque\u00f1as y libres, amarillo leonado claro con KOH al 2%. Esporada marr\u00f3n ferruginoso. Pileipellis filamentosa, gelificada, con hifas de hasta x5 \u00b5m, cil\u00edndricas, septadas, fibuladas, con pigmento amarillo.<\/p>\n<p style=\"text-align: justify;\"><em>Ecolog\u00eda<\/em>. En verano y oto\u00f1o en bosques de frondosas y de con\u00edferas, en suelos calc\u00e1reos y \u00e1cidos. <em>Distribuci\u00f3n<\/em>. Poco com\u00fan.<\/p>\n<p style=\"text-align: justify;\">Citar como: Mu\u00f1oz S\u00e1nchez, J.A. \u201c<em>Cortinarius delibutus<\/em> Fr.\u201d. micol\u00f3gica-barakaldo.org [en l\u00ednea]. Fichas micol\u00f3gicas, n\u00ba 199, 13\/06\/2018 [consultado el (fecha)]. Disponible en <a href=\"https:\/\/micologica-barakaldo.org\/Cortinarius-delibutus\/\">https:\/\/micologica-barakaldo.org\/Cortinarius-delibutus\/<\/a><\/p>\n<p>&nbsp;<\/p>\n<\/div><div class=\"fusion-clearfix\"><\/div><\/div><\/div><div class=\"fusion-layout-column fusion_builder_column fusion-builder-column-1 fusion_builder_column_1_2 1_2 fusion-one-half fusion-column-last\" style=\"--awb-bg-size:cover;width:48%;\"><div class=\"fusion-column-wrapper fusion-flex-column-wrapper-legacy\"><div class=\"fusion-image-element in-legacy-container\" style=\"--awb-caption-title-font-family:var(--h2_typography-font-family);--awb-caption-title-font-weight:var(--h2_typography-font-weight);--awb-caption-title-font-style:var(--h2_typography-font-style);--awb-caption-title-size:var(--h2_typography-font-size);--awb-caption-title-transform:var(--h2_typography-text-transform);--awb-caption-title-line-height:var(--h2_typography-line-height);--awb-caption-title-letter-spacing:var(--h2_typography-letter-spacing);\"><span class=\" fusion-imageframe imageframe-none imageframe-1 hover-type-none\"><img loading=\"lazy\" decoding=\"async\" width=\"1024\" height=\"700\" title=\"Cortinarius delibutus_20170923_2814\" src=\"https:\/\/micologica-barakaldo.org\/wp-content\/uploads\/2018\/05\/Cortinarius-delibutus_20170923_2814-1024x700.jpg\" alt class=\"img-responsive wp-image-8215\" srcset=\"https:\/\/micologica-barakaldo.org\/wp-content\/uploads\/2018\/05\/Cortinarius-delibutus_20170923_2814-200x137.jpg 200w, https:\/\/micologica-barakaldo.org\/wp-content\/uploads\/2018\/05\/Cortinarius-delibutus_20170923_2814-400x273.jpg 400w, https:\/\/micologica-barakaldo.org\/wp-content\/uploads\/2018\/05\/Cortinarius-delibutus_20170923_2814-600x410.jpg 600w, https:\/\/micologica-barakaldo.org\/wp-content\/uploads\/2018\/05\/Cortinarius-delibutus_20170923_2814-800x547.jpg 800w, https:\/\/micologica-barakaldo.org\/wp-content\/uploads\/2018\/05\/Cortinarius-delibutus_20170923_2814.jpg 1024w\" sizes=\"auto, (max-width: 1024px) 100vw, 800px\" \/><\/span><\/div><div class=\"fusion-clearfix\"><\/div><\/div><\/div><div class=\"fusion-layout-column fusion_builder_column fusion-builder-column-2 fusion_builder_column_1_1 1_1 fusion-one-full fusion-column-first fusion-column-last\" style=\"--awb-padding-top:40px;--awb-bg-size:cover;\"><div class=\"fusion-column-wrapper fusion-flex-column-wrapper-legacy\"><div class=\"fusion-aligncenter\"><a class=\"fusion-button button-flat button-xlarge button-default fusion-button-default button-1 fusion-button-default-span fusion-button-default-type\" target=\"_self\" href=\"https:\/\/micologica-barakaldo.org\/wp-content\/uploads\/2021\/02\/Cortinarius-delibutus.pdf\"><i class=\" fa fa-file-pdf-o awb-button__icon awb-button__icon--default button-icon-left\" aria-hidden=\"true\"><\/i><span class=\"fusion-button-text awb-button__text awb-button__text--default\">VER FICHA COMPLETA<\/span><\/a><\/div><div class=\"fusion-clearfix\"><\/div><\/div><\/div><\/div><\/div>\n","protected":false},"excerpt":{"rendered":"","protected":false},"author":2,"featured_media":1890,"comment_status":"open","ping_status":"closed","sticky":false,"template":"","format":"standard","meta":{"footnotes":"","jetpack_publicize_message":"","jetpack_publicize_feature_enabled":true,"jetpack_social_post_already_shared":true,"jetpack_social_options":{"image_generator_settings":{"template":"highway","default_image_id":0,"font":"","enabled":false},"version":2}},"categories":[30,6],"tags":[],"class_list":["post-1986","post","type-post","status-publish","format-standard","has-post-thumbnail","hentry","category-fichas-micologicas-setas-c","category-fichas-micologicas"],"jetpack_publicize_connections":[],"jetpack_featured_media_url":"https:\/\/micologica-barakaldo.org\/wp-content\/uploads\/2018\/05\/Cortinarius-delibutus_20170923_2814.jpg","jetpack_shortlink":"https:\/\/wp.me\/p9dTSQ-w2","_links":{"self":[{"href":"https:\/\/micologica-barakaldo.org\/eu\/wp-json\/wp\/v2\/posts\/1986","targetHints":{"allow":["GET"]}}],"collection":[{"href":"https:\/\/micologica-barakaldo.org\/eu\/wp-json\/wp\/v2\/posts"}],"about":[{"href":"https:\/\/micologica-barakaldo.org\/eu\/wp-json\/wp\/v2\/types\/post"}],"author":[{"embeddable":true,"href":"https:\/\/micologica-barakaldo.org\/eu\/wp-json\/wp\/v2\/users\/2"}],"replies":[{"embeddable":true,"href":"https:\/\/micologica-barakaldo.org\/eu\/wp-json\/wp\/v2\/comments?post=1986"}],"version-history":[{"count":3,"href":"https:\/\/micologica-barakaldo.org\/eu\/wp-json\/wp\/v2\/posts\/1986\/revisions"}],"predecessor-version":[{"id":5045,"href":"https:\/\/micologica-barakaldo.org\/eu\/wp-json\/wp\/v2\/posts\/1986\/revisions\/5045"}],"wp:featuredmedia":[{"embeddable":true,"href":"https:\/\/micologica-barakaldo.org\/eu\/wp-json\/wp\/v2\/media\/1890"}],"wp:attachment":[{"href":"https:\/\/micologica-barakaldo.org\/eu\/wp-json\/wp\/v2\/media?parent=1986"}],"wp:term":[{"taxonomy":"category","embeddable":true,"href":"https:\/\/micologica-barakaldo.org\/eu\/wp-json\/wp\/v2\/categories?post=1986"},{"taxonomy":"post_tag","embeddable":true,"href":"https:\/\/micologica-barakaldo.org\/eu\/wp-json\/wp\/v2\/tags?post=1986"}],"curies":[{"name":"wp","href":"https:\/\/api.w.org\/{rel}","templated":true}]}}