{"id":2003,"date":"2018-06-14T20:59:12","date_gmt":"2018-06-14T19:59:12","guid":{"rendered":"https:\/\/micologica-barakaldo.org\/?p=2003"},"modified":"2018-06-14T20:59:12","modified_gmt":"2018-06-14T19:59:12","slug":"mycena-abietis","status":"publish","type":"post","link":"https:\/\/micologica-barakaldo.org\/eu\/mycena-abietis\/","title":{"rendered":"Mycena abietis"},"content":{"rendered":"<div class=\"fusion-fullwidth fullwidth-box fusion-builder-row-1 nonhundred-percent-fullwidth non-hundred-percent-height-scrolling\" style=\"--awb-border-radius-top-left:0px;--awb-border-radius-top-right:0px;--awb-border-radius-bottom-right:0px;--awb-border-radius-bottom-left:0px;--awb-padding-bottom:50px;--awb-flex-wrap:wrap;\" ><div class=\"fusion-builder-row fusion-row\"><div class=\"fusion-layout-column fusion_builder_column fusion-builder-column-0 fusion_builder_column_1_2 1_2 fusion-one-half fusion-column-first\" style=\"--awb-bg-size:cover;width:48%; margin-right: 4%;\"><div class=\"fusion-column-wrapper fusion-flex-column-wrapper-legacy\"><div class=\"fusion-text fusion-text-1\"><p style=\"text-align: justify;\"><strong>P\u00edleo<\/strong> de hasta 15 mm de di\u00e1metro, primero c\u00f3nico o acampanado, despu\u00e9s plano convexo, margen agudo, delgado, blanquecino, superficie pil\u00e9ica, estriada por transparencia, finamente pruinosa, higr\u00f3fana, pardo gris, pardo oscuro, en general, m\u00e1s oscuro en el disco, blanquecino hacia el margen, palideciendo, en tiempo seco. <strong>L\u00e1minas<\/strong> espaciadas, estrechas, no muy gruesas, adnatas, blanquecinas, arista entera y concolor. <strong>Est\u00edpite<\/strong> de hasta 100 x 3 mm, cil\u00edndrico, hueco, fr\u00e1gil, pruinoso, acuoso en la parte alta, de color pardo gris\u00e1ceo, base con finos pelos blanquecinos. <strong>C0ntexto<\/strong> muy delgado, blanco-acuoso, olor suave de r\u00e1bano, sabor poco apreciable. <strong>Basidi\u00f3sporas<\/strong> (a) de 8,5-11,0 x 5,0-6,0 \u00b5m \/ Q = 1,8-2,1, elipsoidales a subcil\u00edndricas, lisas, amiloides. Esporada blanquecina. <strong>Queilocistidios<\/strong> (b) de hasta 70 x 18 \u00b5m, claviformes, subfusiformes, con el \u00e1pice m\u00e1s o menos alargado. <strong>Pleurocistidios<\/strong> similares a los queilocistidios. <strong>Caulocistidios<\/strong> de 70 x 20 \u00b5m, irregulares, lanceolados, flexuosos, claviformes con gruesas protuberancias.\u00a0 <strong>Pileipellis<\/strong> formada por elementos flexuosos, ramificados, diverticulados, de hasta x4 \u00b5m. <strong>H\u00e1b<\/strong>.: en verano y oto\u00f1o en bosques de con\u00edferas (<em>Abies alba<\/em>), en suelos cubiertos de musgo.\u00a0 <strong>Distr<\/strong>.: muy raro. <strong>Foto<\/strong>: 08-X-2016, Ubidea (Bizkaia), 750m, bajo <em>Picea abies<\/em>, en suelo cubierto de musgo. BAR2016100862. (Autor: Jos\u00e9 A. Mu\u00f1oz S\u00e1nchez).<\/p>\n<p>&nbsp;<\/p>\n<\/div><div class=\"fusion-clearfix\"><\/div><\/div><\/div><div class=\"fusion-layout-column fusion_builder_column fusion-builder-column-1 fusion_builder_column_1_2 1_2 fusion-one-half fusion-column-last\" style=\"--awb-bg-size:cover;width:48%;\"><div class=\"fusion-column-wrapper fusion-flex-column-wrapper-legacy\"><div class=\"fusion-image-element in-legacy-container\" style=\"--awb-caption-title-font-family:var(--h2_typography-font-family);--awb-caption-title-font-weight:var(--h2_typography-font-weight);--awb-caption-title-font-style:var(--h2_typography-font-style);--awb-caption-title-size:var(--h2_typography-font-size);--awb-caption-title-transform:var(--h2_typography-text-transform);--awb-caption-title-line-height:var(--h2_typography-line-height);--awb-caption-title-letter-spacing:var(--h2_typography-letter-spacing);\"><span class=\" fusion-imageframe imageframe-none imageframe-1 hover-type-none\"><img loading=\"lazy\" decoding=\"async\" width=\"1024\" height=\"724\" title=\"Mycena abietis_2016100862_2050\" src=\"https:\/\/micologica-barakaldo.org\/wp-content\/uploads\/2018\/05\/Mycena-abietis_2016100862_2050-1024x724.jpg\" alt class=\"img-responsive wp-image-8235\" srcset=\"https:\/\/micologica-barakaldo.org\/wp-content\/uploads\/2018\/05\/Mycena-abietis_2016100862_2050-200x141.jpg 200w, https:\/\/micologica-barakaldo.org\/wp-content\/uploads\/2018\/05\/Mycena-abietis_2016100862_2050-400x283.jpg 400w, https:\/\/micologica-barakaldo.org\/wp-content\/uploads\/2018\/05\/Mycena-abietis_2016100862_2050-600x424.jpg 600w, https:\/\/micologica-barakaldo.org\/wp-content\/uploads\/2018\/05\/Mycena-abietis_2016100862_2050-800x566.jpg 800w, https:\/\/micologica-barakaldo.org\/wp-content\/uploads\/2018\/05\/Mycena-abietis_2016100862_2050.jpg 1024w\" sizes=\"auto, (max-width: 1024px) 100vw, 800px\" \/><\/span><\/div><div class=\"fusion-clearfix\"><\/div><\/div><\/div><div class=\"fusion-layout-column fusion_builder_column fusion-builder-column-2 fusion_builder_column_1_1 1_1 fusion-one-full fusion-column-first fusion-column-last\" style=\"--awb-padding-top:40px;--awb-bg-size:cover;\"><div class=\"fusion-column-wrapper fusion-flex-column-wrapper-legacy\"><div class=\"fusion-aligncenter\"><a class=\"fusion-button button-flat button-xlarge button-default fusion-button-default button-1 fusion-button-default-span fusion-button-default-type\" target=\"_self\" href=\"https:\/\/micologica-barakaldo.org\/wp-content\/uploads\/2018\/05\/Mycena-abietis.pdf\"><i class=\" fa fa-file-pdf-o awb-button__icon awb-button__icon--default button-icon-left\" aria-hidden=\"true\"><\/i><span class=\"fusion-button-text awb-button__text awb-button__text--default\">VER FICHA COMPLETA<\/span><\/a><\/div><div class=\"fusion-clearfix\"><\/div><\/div><\/div><\/div><\/div>\n","protected":false},"excerpt":{"rendered":"","protected":false},"author":2,"featured_media":1944,"comment_status":"open","ping_status":"closed","sticky":false,"template":"","format":"standard","meta":{"footnotes":"","jetpack_publicize_message":"","jetpack_publicize_feature_enabled":true,"jetpack_social_post_already_shared":true,"jetpack_social_options":{"image_generator_settings":{"template":"highway","default_image_id":0,"font":"","enabled":false},"version":2}},"categories":[6,40],"tags":[],"class_list":["post-2003","post","type-post","status-publish","format-standard","has-post-thumbnail","hentry","category-fichas-micologicas","category-fichas-micologicas-setas-m"],"jetpack_publicize_connections":[],"jetpack_featured_media_url":"https:\/\/micologica-barakaldo.org\/wp-content\/uploads\/2018\/05\/Mycena-abietis_2016100862_2050.jpg","jetpack_shortlink":"https:\/\/wp.me\/p9dTSQ-wj","_links":{"self":[{"href":"https:\/\/micologica-barakaldo.org\/eu\/wp-json\/wp\/v2\/posts\/2003","targetHints":{"allow":["GET"]}}],"collection":[{"href":"https:\/\/micologica-barakaldo.org\/eu\/wp-json\/wp\/v2\/posts"}],"about":[{"href":"https:\/\/micologica-barakaldo.org\/eu\/wp-json\/wp\/v2\/types\/post"}],"author":[{"embeddable":true,"href":"https:\/\/micologica-barakaldo.org\/eu\/wp-json\/wp\/v2\/users\/2"}],"replies":[{"embeddable":true,"href":"https:\/\/micologica-barakaldo.org\/eu\/wp-json\/wp\/v2\/comments?post=2003"}],"version-history":[{"count":1,"href":"https:\/\/micologica-barakaldo.org\/eu\/wp-json\/wp\/v2\/posts\/2003\/revisions"}],"predecessor-version":[{"id":2004,"href":"https:\/\/micologica-barakaldo.org\/eu\/wp-json\/wp\/v2\/posts\/2003\/revisions\/2004"}],"wp:featuredmedia":[{"embeddable":true,"href":"https:\/\/micologica-barakaldo.org\/eu\/wp-json\/wp\/v2\/media\/1944"}],"wp:attachment":[{"href":"https:\/\/micologica-barakaldo.org\/eu\/wp-json\/wp\/v2\/media?parent=2003"}],"wp:term":[{"taxonomy":"category","embeddable":true,"href":"https:\/\/micologica-barakaldo.org\/eu\/wp-json\/wp\/v2\/categories?post=2003"},{"taxonomy":"post_tag","embeddable":true,"href":"https:\/\/micologica-barakaldo.org\/eu\/wp-json\/wp\/v2\/tags?post=2003"}],"curies":[{"name":"wp","href":"https:\/\/api.w.org\/{rel}","templated":true}]}}