{"id":2014,"date":"2018-06-20T19:41:46","date_gmt":"2018-06-20T18:41:46","guid":{"rendered":"https:\/\/micologica-barakaldo.org\/?p=2014"},"modified":"2022-03-05T23:04:13","modified_gmt":"2022-03-05T22:04:13","slug":"mycena-galericulata","status":"publish","type":"post","link":"https:\/\/micologica-barakaldo.org\/eu\/mycena-galericulata\/","title":{"rendered":"Mycena galericulata"},"content":{"rendered":"<div class=\"fusion-fullwidth fullwidth-box fusion-builder-row-1 nonhundred-percent-fullwidth non-hundred-percent-height-scrolling\" style=\"--awb-border-radius-top-left:0px;--awb-border-radius-top-right:0px;--awb-border-radius-bottom-right:0px;--awb-border-radius-bottom-left:0px;--awb-padding-bottom:50px;--awb-flex-wrap:wrap;\" ><div class=\"fusion-builder-row fusion-row\"><div class=\"fusion-layout-column fusion_builder_column fusion-builder-column-0 fusion_builder_column_1_2 1_2 fusion-one-half fusion-column-first\" style=\"--awb-bg-size:cover;width:48%; margin-right: 4%;\"><div class=\"fusion-column-wrapper fusion-flex-column-wrapper-legacy\"><div class=\"fusion-text fusion-text-1\"><p style=\"text-align: justify;\"><span style=\"color: #000000;\"><em>Caracter\u00edsticas macrosc\u00f3picas<\/em>. P\u00edleo de hasta 40 mm de di\u00e1metro, primero hemisf\u00e9rico, c\u00f3nico o c\u00f3nico-campanulado, despu\u00e9s plano convexo a extendido, pero con un marcado umb\u00f3n, margen agudo, delgado, blanco gris\u00e1ceo, superficie pil\u00e9ica estriada por transparencia, algo rugosa, brillante, glabra, un poco lubrificada en tiempo h\u00famedo, de color gris, gris crema, gris ocre amarillento, m\u00e1s oscuro, en gris pardo sucio hacia el disco. L\u00e1minas espaciadas, anchas, ventricosas, adnatas o un poco decurrentes por un diente, de color blanco, blanquecino, blanco crema, arista entera, blanquecina. Est\u00edpite de hasta 120 x 5 mm, cil\u00edndrico, un poco m\u00e1s ancho hacia la base, hueco en la madurez, brillante, liso, pruinoso-glabro en la parte alta, de color blanco crema sobre todo en la parte superior, blanco gris ocre en el resto, incluso con tonos amarillentos. C0ntexto muy delgado y poco firme en el p\u00edleo, tenaz, el\u00e1stico y cartilaginoso en el est\u00edpite, blanca o blanquecina, olor y sabor ligeramente harinoso o un poco rabanoide.<\/span><\/p>\n<p style=\"text-align: justify;\"><span style=\"color: #000000;\"><em>Caracteres microsc\u00f3picos.<\/em> Basidi\u00f3sporas de 8,5-12,0 x 6,5-8,5 \u00b5m \/ Q = 1,3-1,6, elipsoidales, subglobosas, subelipsoidales, subovoides, con una gran g\u00fatula central, lisas, amiloides. Esporada blanquecina. Queilocistidios de hasta 60 x 20 \u00b5m, claviformes, cilindr\u00e1ceos, irregulares, cubiertos de excreciones flexuosas, simples o ramificadas. Pleurocistidios no observados. Superficie del est\u00edpite formada por hifas cil\u00edndricas de hasta x5 \u00b5m, cuyas terminaciones son diverticuladas y m\u00e1s o menos ramificadas. Pileipellis formada por hifas cilindr\u00e1ceas, flexuosas, abultadas en los extremos, de hasta x6 \u00b5m cubiertas de divert\u00edculos o ramificaciones a modo de coral de hasta x9\u00b5m de altura, pigmento intracelular ocr\u00e1ceo.<\/span><\/p>\n<p style=\"text-align: justify;\"><span style=\"color: #000000;\"><em>Ecolog\u00eda<\/em>. \u00a0En verano y oto\u00f1o, aislada o gregaria, en la base de troncos y sobre madera en descomposici\u00f3n de frondosas (<em>Fagus, Quercus, Betula, Castanea<\/em>) y con\u00edferas (<em>Picea<\/em> y <em>Abies<\/em>).\u00a0 Distribuci\u00f3n. \u00a0Frecuente.\u00a0<\/span><\/p>\n<p style=\"text-align: justify;\"><span style=\"color: #000000;\">Citar como: Mu\u00f1oz, J.A. 2018. <em>Mycena galericulata\u00a0<\/em>(Scop.) Gray, micol\u00f3gica-barakaldo.org [en l\u00ednea]. Fichas Micol\u00f3gicas, n\u00ba 204 (Actualizada el 20-VI-2018). Disponible en: \u00a0<a style=\"color: #000000;\" href=\"https:\/\/micologica-barakaldo.org\/Mycena-galericulata\/\">https:\/\/micologica-barakaldo.org\/Mycena-galericulata\/<\/a><\/span><\/p>\n<p>&nbsp;<\/p>\n<\/div><div class=\"fusion-clearfix\"><\/div><\/div><\/div><div class=\"fusion-layout-column fusion_builder_column fusion-builder-column-1 fusion_builder_column_1_2 1_2 fusion-one-half fusion-column-last\" style=\"--awb-bg-size:cover;width:48%;\"><div class=\"fusion-column-wrapper fusion-flex-column-wrapper-legacy\"><div class=\"fusion-image-element in-legacy-container\" style=\"--awb-caption-title-font-family:var(--h2_typography-font-family);--awb-caption-title-font-weight:var(--h2_typography-font-weight);--awb-caption-title-font-style:var(--h2_typography-font-style);--awb-caption-title-size:var(--h2_typography-font-size);--awb-caption-title-transform:var(--h2_typography-text-transform);--awb-caption-title-line-height:var(--h2_typography-line-height);--awb-caption-title-letter-spacing:var(--h2_typography-letter-spacing);\"><span class=\" fusion-imageframe imageframe-none imageframe-1 hover-type-none\"><img loading=\"lazy\" decoding=\"async\" width=\"1024\" height=\"714\" title=\"Mycena galericulata_20160923_1980\" src=\"https:\/\/micologica-barakaldo.org\/wp-content\/uploads\/2018\/05\/Mycena-galericulata_20160923_1980-1024x714.jpg\" alt class=\"img-responsive wp-image-8237\" srcset=\"https:\/\/micologica-barakaldo.org\/wp-content\/uploads\/2018\/05\/Mycena-galericulata_20160923_1980-200x139.jpg 200w, https:\/\/micologica-barakaldo.org\/wp-content\/uploads\/2018\/05\/Mycena-galericulata_20160923_1980-400x279.jpg 400w, https:\/\/micologica-barakaldo.org\/wp-content\/uploads\/2018\/05\/Mycena-galericulata_20160923_1980-600x418.jpg 600w, https:\/\/micologica-barakaldo.org\/wp-content\/uploads\/2018\/05\/Mycena-galericulata_20160923_1980-800x558.jpg 800w, https:\/\/micologica-barakaldo.org\/wp-content\/uploads\/2018\/05\/Mycena-galericulata_20160923_1980.jpg 1024w\" sizes=\"auto, (max-width: 1024px) 100vw, 800px\" \/><\/span><\/div><div class=\"fusion-clearfix\"><\/div><\/div><\/div><div class=\"fusion-layout-column fusion_builder_column fusion-builder-column-2 fusion_builder_column_1_1 1_1 fusion-one-full fusion-column-first fusion-column-last\" style=\"--awb-padding-top:40px;--awb-bg-size:cover;\"><div class=\"fusion-column-wrapper fusion-flex-column-wrapper-legacy\"><div class=\"fusion-aligncenter\"><a class=\"fusion-button button-flat button-xlarge button-default fusion-button-default button-1 fusion-button-default-span fusion-button-default-type\" target=\"_self\" href=\"https:\/\/micologica-barakaldo.org\/wp-content\/uploads\/2022\/03\/Mycena-galericulata.pdf\"><i class=\"fa-file-pdf far awb-button__icon awb-button__icon--default button-icon-left\" aria-hidden=\"true\"><\/i><span class=\"fusion-button-text awb-button__text awb-button__text--default\">VER FICHA COMPLETA<\/span><\/a><\/div><div class=\"fusion-clearfix\"><\/div><\/div><\/div><\/div><\/div>\n","protected":false},"excerpt":{"rendered":"","protected":false},"author":2,"featured_media":1948,"comment_status":"open","ping_status":"closed","sticky":false,"template":"","format":"standard","meta":{"footnotes":"","jetpack_publicize_message":"","jetpack_publicize_feature_enabled":true,"jetpack_social_post_already_shared":true,"jetpack_social_options":{"image_generator_settings":{"template":"highway","default_image_id":0,"font":"","enabled":false},"version":2}},"categories":[6,40],"tags":[],"class_list":["post-2014","post","type-post","status-publish","format-standard","has-post-thumbnail","hentry","category-fichas-micologicas","category-fichas-micologicas-setas-m"],"jetpack_publicize_connections":[],"jetpack_featured_media_url":"https:\/\/micologica-barakaldo.org\/wp-content\/uploads\/2018\/05\/Mycena-galericulata_20160923_1980.jpg","jetpack_shortlink":"https:\/\/wp.me\/p9dTSQ-wu","_links":{"self":[{"href":"https:\/\/micologica-barakaldo.org\/eu\/wp-json\/wp\/v2\/posts\/2014","targetHints":{"allow":["GET"]}}],"collection":[{"href":"https:\/\/micologica-barakaldo.org\/eu\/wp-json\/wp\/v2\/posts"}],"about":[{"href":"https:\/\/micologica-barakaldo.org\/eu\/wp-json\/wp\/v2\/types\/post"}],"author":[{"embeddable":true,"href":"https:\/\/micologica-barakaldo.org\/eu\/wp-json\/wp\/v2\/users\/2"}],"replies":[{"embeddable":true,"href":"https:\/\/micologica-barakaldo.org\/eu\/wp-json\/wp\/v2\/comments?post=2014"}],"version-history":[{"count":2,"href":"https:\/\/micologica-barakaldo.org\/eu\/wp-json\/wp\/v2\/posts\/2014\/revisions"}],"predecessor-version":[{"id":6543,"href":"https:\/\/micologica-barakaldo.org\/eu\/wp-json\/wp\/v2\/posts\/2014\/revisions\/6543"}],"wp:featuredmedia":[{"embeddable":true,"href":"https:\/\/micologica-barakaldo.org\/eu\/wp-json\/wp\/v2\/media\/1948"}],"wp:attachment":[{"href":"https:\/\/micologica-barakaldo.org\/eu\/wp-json\/wp\/v2\/media?parent=2014"}],"wp:term":[{"taxonomy":"category","embeddable":true,"href":"https:\/\/micologica-barakaldo.org\/eu\/wp-json\/wp\/v2\/categories?post=2014"},{"taxonomy":"post_tag","embeddable":true,"href":"https:\/\/micologica-barakaldo.org\/eu\/wp-json\/wp\/v2\/tags?post=2014"}],"curies":[{"name":"wp","href":"https:\/\/api.w.org\/{rel}","templated":true}]}}