{"id":2019,"date":"2018-06-23T19:36:51","date_gmt":"2018-06-23T18:36:51","guid":{"rendered":"https:\/\/micologica-barakaldo.org\/?p=2019"},"modified":"2022-03-05T21:14:26","modified_gmt":"2022-03-05T20:14:26","slug":"callistosporium-luteo-olivaceum-3","status":"publish","type":"post","link":"https:\/\/micologica-barakaldo.org\/eu\/callistosporium-luteo-olivaceum-3\/","title":{"rendered":"Mycena abramsii"},"content":{"rendered":"<div class=\"fusion-fullwidth fullwidth-box fusion-builder-row-1 nonhundred-percent-fullwidth non-hundred-percent-height-scrolling\" style=\"--awb-border-radius-top-left:0px;--awb-border-radius-top-right:0px;--awb-border-radius-bottom-right:0px;--awb-border-radius-bottom-left:0px;--awb-padding-bottom:50px;--awb-flex-wrap:wrap;\" ><div class=\"fusion-builder-row fusion-row\"><div class=\"fusion-layout-column fusion_builder_column fusion-builder-column-0 fusion_builder_column_1_2 1_2 fusion-one-half fusion-column-first\" style=\"--awb-bg-size:cover;width:48%; margin-right: 4%;\"><div class=\"fusion-column-wrapper fusion-flex-column-wrapper-legacy\"><div class=\"fusion-text fusion-text-1\"><p style=\"text-align: justify;\"><span style=\"color: #000000;\"><em>Caracteres macrosc\u00f3picos<\/em>. P\u00edleo de hasta 40 mm de di\u00e1metro, primero c\u00f3nico o c\u00f3nico-campanulado, despu\u00e9s plano convexo a extendido, pero umbonado, margen agudo, delgado, blanco gris\u00e1ceo, superficie pil\u00e9ica estriada por transparencia, higr\u00f3fano, con suave pruina blanquecina, de color pardo gris, gris marr\u00f3n, gris negruzco sobre todo al disco, marr\u00f3n gris claro en tiempo seco, aclar\u00e1ndose hacia el margen. L\u00e1minas espaciadas, anchas, ventricosas, adnatas, unidas por un diente, de color blanquecino o gris blanquecino, gris\u00e1ceas, arista entera y blanquecina. Est\u00edpite de hasta 70 x 4 mm, cil\u00edndrico, un poco m\u00e1s ancho hacia la base, hueco en la madurez, fr\u00e1gil, glabro, trasl\u00facido hacia la parte superior, de color gris marr\u00f3n o pardo gris\u00e1ceo, blanquecino en la parte superior, base cubierta de abundantes pelillos blanquecinos. C0ntexto muy delgado, blanco, blanco-acuoso, olor suave nitroso o de r\u00e1bano, sabor poco apreciable.<\/span><\/p>\n<p style=\"text-align: justify;\"><span style=\"color: #000000;\"><em>Caracteres microsc\u00f3picos<\/em>. Basidi\u00f3sporas (a) de 8,5-12,0 x 4,5-6,5 \u00b5m \/ Q = 1,8-2,3, cilindr\u00e1ceas a subcil\u00edndricas, anch\u00e1ndose hacia la zona apicular o incluso con ligera depresi\u00f3n central, lisas, amiloides. Esporada blanquecina. Queilocistidios (b) de hasta 80 x 30 \u00b5m, fusiformes, subfusiformes, ventricosos, esf\u00e9rico-pedunculados, con el \u00e1pice con cuello m\u00e1s o menos alargado y en algunos se observan bifurcados. Pleurocistidios similares a los queilocistidios. Superficie del est\u00edpite formada por hifas de hasta x4 \u00b5m, cuyas terminaciones son diverticuladas. Pileipellis formada por hifas cilindr\u00e1ceas de hasta x8 \u00b5m cubiertas de divert\u00edculos o ramificaciones a modo de coral de hasta x9\u00b5m de altura.<\/span><\/p>\n<p style=\"text-align: justify;\"><span style=\"color: #000000;\"><em>Ecolog\u00eda<\/em>. En verano y oto\u00f1o en peque\u00f1os grupos o aislados, sobre madera en descomposici\u00f3n de frondosas y de con\u00edferas.\u00a0 <em>Distribuci\u00f3n<\/em>. muy raro.\u00a0<\/span><\/p>\n<p style=\"text-align: justify;\"><span style=\"color: #000000;\">Citar como: Mu\u00f1oz, J.A. 2018. <em>Mycena abramsii\u00a0<\/em>(Murrill) Murrill, micol\u00f3gica-barakaldo.org [en l\u00ednea]. Fichas Micol\u00f3gicas, n\u00ba 206 (Actualizada el 23-VI-2018). Disponible en: \u00a0<a style=\"color: #000000;\" href=\"https:\/\/micologica-barakaldo.org\/Mycena-abramsii\/\">https:\/\/micologica-barakaldo.org\/Mycena-abramsii\/<\/a><\/span><\/p>\n<p>&nbsp;<\/p>\n<\/div><div class=\"fusion-clearfix\"><\/div><\/div><\/div><div class=\"fusion-layout-column fusion_builder_column fusion-builder-column-1 fusion_builder_column_1_2 1_2 fusion-one-half fusion-column-last\" style=\"--awb-bg-size:cover;width:48%;\"><div class=\"fusion-column-wrapper fusion-flex-column-wrapper-legacy\"><div class=\"fusion-image-element in-legacy-container\" style=\"--awb-caption-title-font-family:var(--h2_typography-font-family);--awb-caption-title-font-weight:var(--h2_typography-font-weight);--awb-caption-title-font-style:var(--h2_typography-font-style);--awb-caption-title-size:var(--h2_typography-font-size);--awb-caption-title-transform:var(--h2_typography-text-transform);--awb-caption-title-line-height:var(--h2_typography-line-height);--awb-caption-title-letter-spacing:var(--h2_typography-letter-spacing);\"><span class=\" fusion-imageframe imageframe-none imageframe-1 hover-type-none\"><img loading=\"lazy\" decoding=\"async\" width=\"1024\" height=\"731\" title=\"Mycen abramsii_20160604_1914\" src=\"https:\/\/micologica-barakaldo.org\/wp-content\/uploads\/2018\/05\/Mycen-abramsii_20160604_1914-1024x731.jpg\" alt class=\"img-responsive wp-image-8236\" srcset=\"https:\/\/micologica-barakaldo.org\/wp-content\/uploads\/2018\/05\/Mycen-abramsii_20160604_1914-200x143.jpg 200w, https:\/\/micologica-barakaldo.org\/wp-content\/uploads\/2018\/05\/Mycen-abramsii_20160604_1914-400x286.jpg 400w, https:\/\/micologica-barakaldo.org\/wp-content\/uploads\/2018\/05\/Mycen-abramsii_20160604_1914-600x428.jpg 600w, https:\/\/micologica-barakaldo.org\/wp-content\/uploads\/2018\/05\/Mycen-abramsii_20160604_1914-800x571.jpg 800w, https:\/\/micologica-barakaldo.org\/wp-content\/uploads\/2018\/05\/Mycen-abramsii_20160604_1914.jpg 1024w\" sizes=\"auto, (max-width: 1024px) 100vw, 800px\" \/><\/span><\/div><div class=\"fusion-clearfix\"><\/div><\/div><\/div><div class=\"fusion-layout-column fusion_builder_column fusion-builder-column-2 fusion_builder_column_1_1 1_1 fusion-one-full fusion-column-first fusion-column-last\" style=\"--awb-padding-top:40px;--awb-bg-size:cover;\"><div class=\"fusion-column-wrapper fusion-flex-column-wrapper-legacy\"><div class=\"fusion-aligncenter\"><a class=\"fusion-button button-flat button-xlarge button-default fusion-button-default button-1 fusion-button-default-span fusion-button-default-type\" target=\"_self\" href=\"https:\/\/micologica-barakaldo.org\/wp-content\/uploads\/2022\/03\/Mycena-abramsii.pdf\"><i class=\"fa-file-pdf far awb-button__icon awb-button__icon--default button-icon-left\" aria-hidden=\"true\"><\/i><span class=\"fusion-button-text awb-button__text awb-button__text--default\">VER FICHA COMPLETA<\/span><\/a><\/div><div class=\"fusion-clearfix\"><\/div><\/div><\/div><\/div><\/div>\n","protected":false},"excerpt":{"rendered":"","protected":false},"author":2,"featured_media":1947,"comment_status":"open","ping_status":"closed","sticky":false,"template":"","format":"standard","meta":{"footnotes":"","jetpack_publicize_message":"","jetpack_publicize_feature_enabled":true,"jetpack_social_post_already_shared":true,"jetpack_social_options":{"image_generator_settings":{"template":"highway","default_image_id":0,"font":"","enabled":false},"version":2}},"categories":[6,40],"tags":[],"class_list":["post-2019","post","type-post","status-publish","format-standard","has-post-thumbnail","hentry","category-fichas-micologicas","category-fichas-micologicas-setas-m"],"jetpack_publicize_connections":[],"jetpack_featured_media_url":"https:\/\/micologica-barakaldo.org\/wp-content\/uploads\/2018\/05\/Mycen-abramsii_20160604_1914.jpg","jetpack_shortlink":"https:\/\/wp.me\/p9dTSQ-wz","_links":{"self":[{"href":"https:\/\/micologica-barakaldo.org\/eu\/wp-json\/wp\/v2\/posts\/2019","targetHints":{"allow":["GET"]}}],"collection":[{"href":"https:\/\/micologica-barakaldo.org\/eu\/wp-json\/wp\/v2\/posts"}],"about":[{"href":"https:\/\/micologica-barakaldo.org\/eu\/wp-json\/wp\/v2\/types\/post"}],"author":[{"embeddable":true,"href":"https:\/\/micologica-barakaldo.org\/eu\/wp-json\/wp\/v2\/users\/2"}],"replies":[{"embeddable":true,"href":"https:\/\/micologica-barakaldo.org\/eu\/wp-json\/wp\/v2\/comments?post=2019"}],"version-history":[{"count":2,"href":"https:\/\/micologica-barakaldo.org\/eu\/wp-json\/wp\/v2\/posts\/2019\/revisions"}],"predecessor-version":[{"id":6536,"href":"https:\/\/micologica-barakaldo.org\/eu\/wp-json\/wp\/v2\/posts\/2019\/revisions\/6536"}],"wp:featuredmedia":[{"embeddable":true,"href":"https:\/\/micologica-barakaldo.org\/eu\/wp-json\/wp\/v2\/media\/1947"}],"wp:attachment":[{"href":"https:\/\/micologica-barakaldo.org\/eu\/wp-json\/wp\/v2\/media?parent=2019"}],"wp:term":[{"taxonomy":"category","embeddable":true,"href":"https:\/\/micologica-barakaldo.org\/eu\/wp-json\/wp\/v2\/categories?post=2019"},{"taxonomy":"post_tag","embeddable":true,"href":"https:\/\/micologica-barakaldo.org\/eu\/wp-json\/wp\/v2\/tags?post=2019"}],"curies":[{"name":"wp","href":"https:\/\/api.w.org\/{rel}","templated":true}]}}