{"id":2117,"date":"2018-07-31T20:38:57","date_gmt":"2018-07-31T19:38:57","guid":{"rendered":"https:\/\/micologica-barakaldo.org\/?p=2117"},"modified":"2021-10-06T21:31:29","modified_gmt":"2021-10-06T20:31:29","slug":"mycena-meliigena","status":"publish","type":"post","link":"https:\/\/micologica-barakaldo.org\/eu\/mycena-meliigena\/","title":{"rendered":"Mycena meliigena"},"content":{"rendered":"<div class=\"fusion-fullwidth fullwidth-box fusion-builder-row-1 nonhundred-percent-fullwidth non-hundred-percent-height-scrolling\" style=\"--awb-border-radius-top-left:0px;--awb-border-radius-top-right:0px;--awb-border-radius-bottom-right:0px;--awb-border-radius-bottom-left:0px;--awb-padding-bottom:50px;--awb-flex-wrap:wrap;\" ><div class=\"fusion-builder-row fusion-row\"><div class=\"fusion-layout-column fusion_builder_column fusion-builder-column-0 fusion_builder_column_1_2 1_2 fusion-one-half fusion-column-first\" style=\"--awb-bg-size:cover;width:48%; margin-right: 4%;\"><div class=\"fusion-column-wrapper fusion-flex-column-wrapper-legacy\"><div class=\"fusion-text fusion-text-1\"><p style=\"text-align: justify;\"><span style=\"color: #000000;\"><em>Caracteres macrosc\u00f3picos.<\/em> P\u00edleo de hasta 8 mm de di\u00e1metro, primero hemisf\u00e9rico, despu\u00e9s campanulado, despu\u00e9s plano convexo o ligeramente deprimido al centro, margen agudo, delgado, superficie pil\u00e9ica, glabra, con pruina blanquecina, estriada por transparencia, de color primero violeta crema o violeta m\u00e1s oscuro, despu\u00e9s viol\u00e1ceo marr\u00f3n, marr\u00f3n vinoso. L\u00e1minas muy espaciadas, gruesas, anchas, con lam\u00e9lulas, adnatas o decurrentes por un diente; de color crema rosado p\u00e1lido, despu\u00e9s gris\u00e1ceas a ocre crema; arista entera, blanquecina. Est\u00edpite de hasta 10 x 2 mm, cil\u00edndrico, un poco m\u00e1s ancho hacia la base, curvo, hueco, pruinoso en lo alto, trasl\u00facido en los carp\u00f3foros inmaduros, con finos pelillos en la base, de color viol\u00e1ceo marr\u00f3n, marr\u00f3n claro o pardusco. Contexto escaso, gris\u00e1ceo bajo la pileipellis, sin olor ni sabor apreciable.<\/span><\/p>\n<p style=\"text-align: justify;\"><span style=\"color: #000000;\"><em>Caracteres microsc\u00f3picos<\/em>. Basidi\u00f3sporas (a) de 8,5-11,5 x 8,5-12,0 \u00b5m \/ Q = 1,0-1,1, globosas o subglobosas, algo atenuadas hacia la ap\u00edcula, gutuladas, amiloides. Esporada blanquecina. Queilocistidios de hasta 60 x 15 \u00b5m, claviformes, sub-piriformes, irregulares, recubiertos de abundantes protuberancias, flexuosas y ramificadas de hasta 15\u00b5m de longitud. Pleurocistidios no observados. Superficie del est\u00edpite formada por hifas cil\u00edndricas de hasta 200 x 8 \u00b5m, irregulares, con el \u00e1pice recurvado, con finas protuberancias de hasta x5\u00b5m. Pileipellis formada por hifas cilindr\u00e1ceas, con el \u00e1pice terminado en elementos claviformes o sub-piriformes de hasta x20\u00b5m, cubiertas de divert\u00edculos o ramificaciones muy finas de hasta x10\u00b5m de altura.<\/span><\/p>\n<p style=\"text-align: justify;\"><span style=\"color: #000000;\"><em>Ecolog\u00eda.<\/em> En oto\u00f1o y principios de oto\u00f1o, aislada o gregaria, en sobre ramas muertas o incluso sobre troncos vivos, en general cubiertos de musgo, de frondosas (<em>Alnus, Arbutus, Quercus, Fagus, Salix, Ulmus<\/em>) <em>Distribuci\u00f3n<\/em>. Frecuente, E.\u00a0<\/span><\/p>\n<p style=\"text-align: justify;\"><span style=\"color: #000000;\">Citar como: Mu\u00f1oz, J.A. 2018. <em>Mycena meliigena\u00a0<\/em>(Berk. &amp; Cooke) Sacc. \u00a0micol\u00f3gica-barakaldo.org [en l\u00ednea]. Fichas Micol\u00f3gicas, n\u00ba 226 (Actualizada el 05-I-2018). Disponible en: \u00a0<a style=\"color: #000000;\" href=\"https:\/\/micologica-barakaldo.org\/Mycena-meliigena\/\">https:\/\/micologica-barakaldo.org\/Mycena-meliigena\/<\/a><\/span><\/p>\n<p>&nbsp;<\/p>\n<p>&nbsp;<\/p>\n<\/div><div class=\"fusion-clearfix\"><\/div><\/div><\/div><div class=\"fusion-layout-column fusion_builder_column fusion-builder-column-1 fusion_builder_column_1_2 1_2 fusion-one-half fusion-column-last\" style=\"--awb-bg-size:cover;width:48%;\"><div class=\"fusion-column-wrapper fusion-flex-column-wrapper-legacy\"><div class=\"fusion-image-element in-legacy-container\" style=\"--awb-caption-title-font-family:var(--h2_typography-font-family);--awb-caption-title-font-weight:var(--h2_typography-font-weight);--awb-caption-title-font-style:var(--h2_typography-font-style);--awb-caption-title-size:var(--h2_typography-font-size);--awb-caption-title-transform:var(--h2_typography-text-transform);--awb-caption-title-line-height:var(--h2_typography-line-height);--awb-caption-title-letter-spacing:var(--h2_typography-letter-spacing);\"><span class=\" fusion-imageframe imageframe-none imageframe-1 hover-type-none\"><img loading=\"lazy\" decoding=\"async\" width=\"1024\" height=\"724\" title=\"Mycena meliigena_20121110_10408\" src=\"https:\/\/micologica-barakaldo.org\/wp-content\/uploads\/2018\/07\/Mycena-meliigena_20121110_10408-1024x724.jpg\" alt class=\"img-responsive wp-image-8267\" srcset=\"https:\/\/micologica-barakaldo.org\/wp-content\/uploads\/2018\/07\/Mycena-meliigena_20121110_10408-200x141.jpg 200w, https:\/\/micologica-barakaldo.org\/wp-content\/uploads\/2018\/07\/Mycena-meliigena_20121110_10408-400x283.jpg 400w, https:\/\/micologica-barakaldo.org\/wp-content\/uploads\/2018\/07\/Mycena-meliigena_20121110_10408-600x424.jpg 600w, https:\/\/micologica-barakaldo.org\/wp-content\/uploads\/2018\/07\/Mycena-meliigena_20121110_10408-800x566.jpg 800w, https:\/\/micologica-barakaldo.org\/wp-content\/uploads\/2018\/07\/Mycena-meliigena_20121110_10408.jpg 1024w\" sizes=\"auto, (max-width: 1024px) 100vw, 800px\" \/><\/span><\/div><div class=\"fusion-clearfix\"><\/div><\/div><\/div><div class=\"fusion-layout-column fusion_builder_column fusion-builder-column-2 fusion_builder_column_1_1 1_1 fusion-one-full fusion-column-first fusion-column-last\" style=\"--awb-padding-top:40px;--awb-bg-size:cover;\"><div class=\"fusion-column-wrapper fusion-flex-column-wrapper-legacy\"><div class=\"fusion-aligncenter\"><a class=\"fusion-button button-flat button-xlarge button-default fusion-button-default button-1 fusion-button-default-span fusion-button-default-type\" target=\"_self\" href=\"https:\/\/micologica-barakaldo.org\/wp-content\/uploads\/2021\/10\/Mycena-meliigena.pdf\"><i class=\"fa-file-pdf far awb-button__icon awb-button__icon--default button-icon-left\" aria-hidden=\"true\"><\/i><span class=\"fusion-button-text awb-button__text awb-button__text--default\">VER FICHA COMPLETA<\/span><\/a><\/div><div class=\"fusion-clearfix\"><\/div><\/div><\/div><\/div><\/div>\n","protected":false},"excerpt":{"rendered":"","protected":false},"author":2,"featured_media":2115,"comment_status":"open","ping_status":"closed","sticky":false,"template":"","format":"standard","meta":{"footnotes":"","jetpack_publicize_message":"","jetpack_publicize_feature_enabled":true,"jetpack_social_post_already_shared":true,"jetpack_social_options":{"image_generator_settings":{"template":"highway","default_image_id":0,"font":"","enabled":false},"version":2}},"categories":[6,40],"tags":[],"class_list":["post-2117","post","type-post","status-publish","format-standard","has-post-thumbnail","hentry","category-fichas-micologicas","category-fichas-micologicas-setas-m"],"jetpack_publicize_connections":[],"jetpack_featured_media_url":"https:\/\/micologica-barakaldo.org\/wp-content\/uploads\/2018\/07\/Mycena-meliigena_20121110_10408.jpg","jetpack_shortlink":"https:\/\/wp.me\/p9dTSQ-y9","_links":{"self":[{"href":"https:\/\/micologica-barakaldo.org\/eu\/wp-json\/wp\/v2\/posts\/2117","targetHints":{"allow":["GET"]}}],"collection":[{"href":"https:\/\/micologica-barakaldo.org\/eu\/wp-json\/wp\/v2\/posts"}],"about":[{"href":"https:\/\/micologica-barakaldo.org\/eu\/wp-json\/wp\/v2\/types\/post"}],"author":[{"embeddable":true,"href":"https:\/\/micologica-barakaldo.org\/eu\/wp-json\/wp\/v2\/users\/2"}],"replies":[{"embeddable":true,"href":"https:\/\/micologica-barakaldo.org\/eu\/wp-json\/wp\/v2\/comments?post=2117"}],"version-history":[{"count":2,"href":"https:\/\/micologica-barakaldo.org\/eu\/wp-json\/wp\/v2\/posts\/2117\/revisions"}],"predecessor-version":[{"id":6108,"href":"https:\/\/micologica-barakaldo.org\/eu\/wp-json\/wp\/v2\/posts\/2117\/revisions\/6108"}],"wp:featuredmedia":[{"embeddable":true,"href":"https:\/\/micologica-barakaldo.org\/eu\/wp-json\/wp\/v2\/media\/2115"}],"wp:attachment":[{"href":"https:\/\/micologica-barakaldo.org\/eu\/wp-json\/wp\/v2\/media?parent=2117"}],"wp:term":[{"taxonomy":"category","embeddable":true,"href":"https:\/\/micologica-barakaldo.org\/eu\/wp-json\/wp\/v2\/categories?post=2117"},{"taxonomy":"post_tag","embeddable":true,"href":"https:\/\/micologica-barakaldo.org\/eu\/wp-json\/wp\/v2\/tags?post=2117"}],"curies":[{"name":"wp","href":"https:\/\/api.w.org\/{rel}","templated":true}]}}