{"id":2144,"date":"2018-08-29T20:16:53","date_gmt":"2018-08-29T19:16:53","guid":{"rendered":"https:\/\/micologica-barakaldo.org\/?p=2144"},"modified":"2021-10-04T22:58:07","modified_gmt":"2021-10-04T21:58:07","slug":"mycena-inclinata","status":"publish","type":"post","link":"https:\/\/micologica-barakaldo.org\/eu\/mycena-inclinata\/","title":{"rendered":"Mycena inclinata"},"content":{"rendered":"<div class=\"fusion-fullwidth fullwidth-box fusion-builder-row-1 nonhundred-percent-fullwidth non-hundred-percent-height-scrolling\" style=\"--awb-border-radius-top-left:0px;--awb-border-radius-top-right:0px;--awb-border-radius-bottom-right:0px;--awb-border-radius-bottom-left:0px;--awb-padding-bottom:50px;--awb-flex-wrap:wrap;\" ><div class=\"fusion-builder-row fusion-row\"><div class=\"fusion-layout-column fusion_builder_column fusion-builder-column-0 fusion_builder_column_1_2 1_2 fusion-one-half fusion-column-first\" style=\"--awb-bg-size:cover;width:48%; margin-right: 4%;\"><div class=\"fusion-column-wrapper fusion-flex-column-wrapper-legacy\"><div class=\"fusion-text fusion-text-1\"><p style=\"text-align: justify;\"><em>Caracteres macrosc\u00f3picos<\/em>. P\u00edleo de hasta 40 mm de di\u00e1metro, primero hemisf\u00e9rico, c\u00f3nico o c\u00f3nico-campanulado, despu\u00e9s plano convexo o extendido, pero con un marcado umb\u00f3n, margen agudo, delgado, estriado por transparencia, superficie pil\u00e9ica, brillante, glabra, un poco lubrificada en tiempo h\u00famedo, de color marr\u00f3n p\u00e1lido, marr\u00f3n ocre, ocre gris\u00e1ceo, gris marr\u00f3n o amarillo gris\u00e1ceo. L\u00e1minas espaciadas, anchas, ventricosas, adnatas o un poco decurrentes por un diente, de color blanco, blanco gris\u00e1ceo, arista entera. Est\u00edpite de hasta 110 x 3 mm, cil\u00edndrico, un poco m\u00e1s ancho hacia la base, hueco en la madurez, brillante, liso, tenaz y el\u00e1stico, pruinoso-glabro en la parte alta, de color blanco crema sobre todo en la parte superior, marr\u00f3n rojizo o pardo marr\u00f3n en el resto. Contexto muy delgado y poco firme en el p\u00edleo, tenaz, el\u00e1stico y cartilaginoso en el est\u00edpite, blanco o blanquecino, olor y sabor ligeramente desagradables, rancio harinoso.<\/p>\n<p style=\"text-align: justify;\"><em>Caracteres microsc\u00f3picos<\/em>. Basidi\u00f3sporas de 7,5-11,0 x 5,0-7,5 \u00b5m \/ Q = 1,3-1,6, elipsoidales, sub-elipsoidales, gutuladas, lisas, amiloides. Esporada blanquecina. Queilocistidios de hasta 40 x 15 \u00b5m, claviformes, sub-piriformes, recubiertos de abundantes protuberancias, flexuosas y ramificadas de hasta 20\u00b5m. Pleurocistidios no observados. Superficie del est\u00edpite formada por hifas cil\u00edndricas de hasta 200 x 8 \u00b5m, irregulares, con el \u00e1pice recurvado, con finas protuberancias de hasta x5\u00b5m. Pileipellis formada por hifas cilindr\u00e1ceas, gelatinizadas, de hasta x5 \u00b5m cubiertas de divert\u00edculos o ramificaciones muy finas de hasta x15\u00b5m de altura.<\/p>\n<p style=\"text-align: justify;\"><em>Ecolog\u00eda.<\/em> En verano y oto\u00f1o, aislada o gregaria, en la base de troncos y sobre madera en descomposici\u00f3n de frondosas (<em>Fagus, Quercus, Castanea<\/em>) y m\u00e1s raramente con\u00edferas (<em>Picea<\/em>).\u00a0 <em>Distribuci\u00f3n<\/em>. \u00a0Frecuente, E.\u00a0<\/p>\n<p>&nbsp;<\/p>\n<\/div><div class=\"fusion-clearfix\"><\/div><\/div><\/div><div class=\"fusion-layout-column fusion_builder_column fusion-builder-column-1 fusion_builder_column_1_2 1_2 fusion-one-half fusion-column-last\" style=\"--awb-bg-size:cover;width:48%;\"><div class=\"fusion-column-wrapper fusion-flex-column-wrapper-legacy\"><div class=\"fusion-image-element in-legacy-container\" style=\"--awb-caption-title-font-family:var(--h2_typography-font-family);--awb-caption-title-font-weight:var(--h2_typography-font-weight);--awb-caption-title-font-style:var(--h2_typography-font-style);--awb-caption-title-size:var(--h2_typography-font-size);--awb-caption-title-transform:var(--h2_typography-text-transform);--awb-caption-title-line-height:var(--h2_typography-line-height);--awb-caption-title-letter-spacing:var(--h2_typography-letter-spacing);\"><span class=\" fusion-imageframe imageframe-none imageframe-1 hover-type-none\"><img loading=\"lazy\" decoding=\"async\" width=\"1024\" height=\"706\" title=\"Mycena inclinata_20161118_2319\" src=\"https:\/\/micologica-barakaldo.org\/wp-content\/uploads\/2018\/08\/Mycena-inclinata_20161118_2319-1024x706.jpg\" alt class=\"img-responsive wp-image-8273\" srcset=\"https:\/\/micologica-barakaldo.org\/wp-content\/uploads\/2018\/08\/Mycena-inclinata_20161118_2319-200x138.jpg 200w, https:\/\/micologica-barakaldo.org\/wp-content\/uploads\/2018\/08\/Mycena-inclinata_20161118_2319-400x276.jpg 400w, https:\/\/micologica-barakaldo.org\/wp-content\/uploads\/2018\/08\/Mycena-inclinata_20161118_2319-600x414.jpg 600w, https:\/\/micologica-barakaldo.org\/wp-content\/uploads\/2018\/08\/Mycena-inclinata_20161118_2319-800x552.jpg 800w, https:\/\/micologica-barakaldo.org\/wp-content\/uploads\/2018\/08\/Mycena-inclinata_20161118_2319.jpg 1024w\" sizes=\"auto, (max-width: 1024px) 100vw, 800px\" \/><\/span><\/div><div class=\"fusion-clearfix\"><\/div><\/div><\/div><div class=\"fusion-layout-column fusion_builder_column fusion-builder-column-2 fusion_builder_column_1_1 1_1 fusion-one-full fusion-column-first fusion-column-last\" style=\"--awb-padding-top:40px;--awb-bg-size:cover;\"><div class=\"fusion-column-wrapper fusion-flex-column-wrapper-legacy\"><div class=\"fusion-aligncenter\"><a class=\"fusion-button button-flat button-xlarge button-default fusion-button-default button-1 fusion-button-default-span fusion-button-default-type\" target=\"_self\" href=\"https:\/\/micologica-barakaldo.org\/wp-content\/uploads\/2021\/10\/Mycena-inclinata-1.pdf\"><i class=\"fa-file-pdf far awb-button__icon awb-button__icon--default button-icon-left\" aria-hidden=\"true\"><\/i><span class=\"fusion-button-text awb-button__text awb-button__text--default\">VER FICHA COMPLETA<\/span><\/a><\/div><div class=\"fusion-clearfix\"><\/div><\/div><\/div><\/div><\/div>\n","protected":false},"excerpt":{"rendered":"","protected":false},"author":2,"featured_media":2142,"comment_status":"open","ping_status":"closed","sticky":false,"template":"","format":"standard","meta":{"footnotes":"","jetpack_publicize_message":"","jetpack_publicize_feature_enabled":true,"jetpack_social_post_already_shared":true,"jetpack_social_options":{"image_generator_settings":{"template":"highway","default_image_id":0,"font":"","enabled":false},"version":2}},"categories":[6,40],"tags":[],"class_list":["post-2144","post","type-post","status-publish","format-standard","has-post-thumbnail","hentry","category-fichas-micologicas","category-fichas-micologicas-setas-m"],"jetpack_publicize_connections":[],"jetpack_featured_media_url":"https:\/\/micologica-barakaldo.org\/wp-content\/uploads\/2018\/08\/Mycena-inclinata_20161118_2319.jpg","jetpack_shortlink":"https:\/\/wp.me\/p9dTSQ-yA","_links":{"self":[{"href":"https:\/\/micologica-barakaldo.org\/eu\/wp-json\/wp\/v2\/posts\/2144","targetHints":{"allow":["GET"]}}],"collection":[{"href":"https:\/\/micologica-barakaldo.org\/eu\/wp-json\/wp\/v2\/posts"}],"about":[{"href":"https:\/\/micologica-barakaldo.org\/eu\/wp-json\/wp\/v2\/types\/post"}],"author":[{"embeddable":true,"href":"https:\/\/micologica-barakaldo.org\/eu\/wp-json\/wp\/v2\/users\/2"}],"replies":[{"embeddable":true,"href":"https:\/\/micologica-barakaldo.org\/eu\/wp-json\/wp\/v2\/comments?post=2144"}],"version-history":[{"count":3,"href":"https:\/\/micologica-barakaldo.org\/eu\/wp-json\/wp\/v2\/posts\/2144\/revisions"}],"predecessor-version":[{"id":6066,"href":"https:\/\/micologica-barakaldo.org\/eu\/wp-json\/wp\/v2\/posts\/2144\/revisions\/6066"}],"wp:featuredmedia":[{"embeddable":true,"href":"https:\/\/micologica-barakaldo.org\/eu\/wp-json\/wp\/v2\/media\/2142"}],"wp:attachment":[{"href":"https:\/\/micologica-barakaldo.org\/eu\/wp-json\/wp\/v2\/media?parent=2144"}],"wp:term":[{"taxonomy":"category","embeddable":true,"href":"https:\/\/micologica-barakaldo.org\/eu\/wp-json\/wp\/v2\/categories?post=2144"},{"taxonomy":"post_tag","embeddable":true,"href":"https:\/\/micologica-barakaldo.org\/eu\/wp-json\/wp\/v2\/tags?post=2144"}],"curies":[{"name":"wp","href":"https:\/\/api.w.org\/{rel}","templated":true}]}}