{"id":2147,"date":"2018-08-31T08:28:51","date_gmt":"2018-08-31T07:28:51","guid":{"rendered":"https:\/\/micologica-barakaldo.org\/?p=2147"},"modified":"2018-08-31T09:13:08","modified_gmt":"2018-08-31T08:13:08","slug":"temporada-de-setas-septiembre","status":"publish","type":"post","link":"https:\/\/micologica-barakaldo.org\/eu\/temporada-de-setas-septiembre\/","title":{"rendered":"Temporada de setas: SEPTIEMBRE"},"content":{"rendered":"<p>\u00a0\u00a0El verano empieza a dejar paso al oto\u00f1o, los d\u00edas se acortan, las temperaturas aflojan y los frentes de lluvias se suceden\u2026 bueno, eso es la teor\u00eda y lo que deber\u00eda ser, pero con el manido \u201ccambio clim\u00e1tico\u201d, lo cierto es que esto, cada vez es m\u00e1s irregular, m\u00e1s extra\u00f1o y m\u00e1s imprevisible. Como muestra este a\u00f1o que, contra todo pron\u00f3stico, ha sido excepcionalmente lluvioso hasta junio, algo a lo que est\u00e1bamos poco acostumbrados. Pero vamos a ser optimistas y pensar que septiembre va a ser ese mes de transici\u00f3n entre las altas temperaturas del verano y las m\u00e1s suaves del oto\u00f1o, con entrada de lluvias generosas, como la antesala de un oto\u00f1o lluvioso, que es lo que ansiamos los aficionados a la micolog\u00eda.<\/p>\n<p>&nbsp;<\/p>\n<p>Si tenemos en cuenta la latitud y la altitud, es cierto que este mes es casi casi la \u00faltima oportunidad para las setas en muchas zonas de monta\u00f1a, pensando en las cotas m\u00e1s altas de la Cordillera Cant\u00e1brica o de los Pirineos, donde la ca\u00edda t\u00e9rmica es muy acusada durante este mes. En muchos casos, octubre ya es tarde para numerosas especies en estas zonas. As\u00ed, en las cotas m\u00e1s altas de nuestros bosques, finales de agosto ya es plena temporada para especies como <em>Boletus edulis<\/em> y <em>B. pinophilus<\/em> o incluso <em>Lactarius salmonicolor<\/em>, <em>L. deliciosus<\/em> <em>y L. sanguifluus<\/em>, t\u00edpicamente oto\u00f1ales en otras latitudes y, si me apur\u00e1is, hasta invernales.<\/p>\n<p><img loading=\"lazy\" decoding=\"async\" class=\" wp-image-2148 aligncenter\" src=\"https:\/\/micologica-barakaldo.org\/wp-content\/uploads\/2018\/08\/Boletus-edulis_20140830_16201-300x204.jpg\" alt=\"\" width=\"455\" height=\"309\" srcset=\"https:\/\/micologica-barakaldo.org\/wp-content\/uploads\/2018\/08\/Boletus-edulis_20140830_16201-200x136.jpg 200w, https:\/\/micologica-barakaldo.org\/wp-content\/uploads\/2018\/08\/Boletus-edulis_20140830_16201-300x204.jpg 300w, https:\/\/micologica-barakaldo.org\/wp-content\/uploads\/2018\/08\/Boletus-edulis_20140830_16201-400x271.jpg 400w, https:\/\/micologica-barakaldo.org\/wp-content\/uploads\/2018\/08\/Boletus-edulis_20140830_16201-600x407.jpg 600w, https:\/\/micologica-barakaldo.org\/wp-content\/uploads\/2018\/08\/Boletus-edulis_20140830_16201-768x521.jpg 768w, https:\/\/micologica-barakaldo.org\/wp-content\/uploads\/2018\/08\/Boletus-edulis_20140830_16201-800x543.jpg 800w, https:\/\/micologica-barakaldo.org\/wp-content\/uploads\/2018\/08\/Boletus-edulis_20140830_16201.jpg 1024w\" sizes=\"auto, (max-width: 455px) 100vw, 455px\" \/><\/p>\n<p><img loading=\"lazy\" decoding=\"async\" class=\" wp-image-2152 aligncenter\" src=\"https:\/\/micologica-barakaldo.org\/wp-content\/uploads\/2018\/08\/Lactarius-salmonicolor_20161029_2228-300x200.jpg\" alt=\"\" width=\"455\" height=\"304\" srcset=\"https:\/\/micologica-barakaldo.org\/wp-content\/uploads\/2018\/08\/Lactarius-salmonicolor_20161029_2228-200x133.jpg 200w, https:\/\/micologica-barakaldo.org\/wp-content\/uploads\/2018\/08\/Lactarius-salmonicolor_20161029_2228-300x200.jpg 300w, https:\/\/micologica-barakaldo.org\/wp-content\/uploads\/2018\/08\/Lactarius-salmonicolor_20161029_2228-400x266.jpg 400w, https:\/\/micologica-barakaldo.org\/wp-content\/uploads\/2018\/08\/Lactarius-salmonicolor_20161029_2228-600x399.jpg 600w, https:\/\/micologica-barakaldo.org\/wp-content\/uploads\/2018\/08\/Lactarius-salmonicolor_20161029_2228-768x511.jpg 768w, https:\/\/micologica-barakaldo.org\/wp-content\/uploads\/2018\/08\/Lactarius-salmonicolor_20161029_2228-800x532.jpg 800w, https:\/\/micologica-barakaldo.org\/wp-content\/uploads\/2018\/08\/Lactarius-salmonicolor_20161029_2228.jpg 1024w\" sizes=\"auto, (max-width: 455px) 100vw, 455px\" \/><\/p>\n<p>Para los bosques de frondosas (hayedos, robledales, casta\u00f1ares) es, quiz\u00e1s, el mejor mes del a\u00f1o, si las temperaturas y lluvias acompa\u00f1an. Se producen aut\u00e9nticas explosiones de <em>Boletus <\/em>(<em>B. aereus, B. reticulatus, B. edulis, B. satanas, B. rhodoxanthus, B. erythropus<\/em> y as\u00ed hasta algo m\u00e1s de 30 especies). Tambi\u00e9n son abundantes las Russulas (<em>Russula virescens<\/em>, <em>R. cyanoxantha<\/em>, <em>R. vesca<\/em>, <em>R, melliolens<\/em>, <em>R. aurata<\/em>&#8230;), que muchas de ellas, en las zonas m\u00e1s h\u00famedas, han ido apareciendo durante todo el verano. Numerosos bosques se cubren de aut\u00e9nticas alfombras de la trompeta de los muertos (<em>Craterellus cornucopioides<\/em>), as\u00ed como de otros <em>Craterellus<\/em> (<em>C. tubaeformis<\/em>) y <em>Cantharellus<\/em> (<em>C. cibarius, C. pallens, C. friesii<\/em>) y de grandes corros de pie de Rata o Ramarias, como la t\u00f3xica <em>R. Formosa<\/em> o algunas comestibles como <em>R. flava<\/em> o <em>R. botrytis.<\/em> Otra especie cl\u00e1sica que forma grandes corros en los bosques, es la lengua de vaca o <em>Hydnum repandum,<\/em> con ese color naranja rosado en esta \u00e9poca del a\u00f1o.<\/p>\n<p><img loading=\"lazy\" decoding=\"async\" class=\" wp-image-2155 aligncenter\" src=\"https:\/\/micologica-barakaldo.org\/wp-content\/uploads\/2018\/08\/Russula-aurea_20120804_7350-300x220.jpg\" alt=\"\" width=\"455\" height=\"334\" srcset=\"https:\/\/micologica-barakaldo.org\/wp-content\/uploads\/2018\/08\/Russula-aurea_20120804_7350-200x147.jpg 200w, https:\/\/micologica-barakaldo.org\/wp-content\/uploads\/2018\/08\/Russula-aurea_20120804_7350-300x220.jpg 300w, https:\/\/micologica-barakaldo.org\/wp-content\/uploads\/2018\/08\/Russula-aurea_20120804_7350-400x294.jpg 400w, https:\/\/micologica-barakaldo.org\/wp-content\/uploads\/2018\/08\/Russula-aurea_20120804_7350-600x441.jpg 600w, https:\/\/micologica-barakaldo.org\/wp-content\/uploads\/2018\/08\/Russula-aurea_20120804_7350-768x564.jpg 768w, https:\/\/micologica-barakaldo.org\/wp-content\/uploads\/2018\/08\/Russula-aurea_20120804_7350-800x588.jpg 800w, https:\/\/micologica-barakaldo.org\/wp-content\/uploads\/2018\/08\/Russula-aurea_20120804_7350.jpg 1024w\" sizes=\"auto, (max-width: 455px) 100vw, 455px\" \/><\/p>\n<p><img loading=\"lazy\" decoding=\"async\" class=\" wp-image-2154 aligncenter\" src=\"https:\/\/micologica-barakaldo.org\/wp-content\/uploads\/2018\/08\/Ramaria-botrytis01-300x225.jpg\" alt=\"\" width=\"456\" height=\"342\" srcset=\"https:\/\/micologica-barakaldo.org\/wp-content\/uploads\/2018\/08\/Ramaria-botrytis01-200x150.jpg 200w, https:\/\/micologica-barakaldo.org\/wp-content\/uploads\/2018\/08\/Ramaria-botrytis01-300x225.jpg 300w, https:\/\/micologica-barakaldo.org\/wp-content\/uploads\/2018\/08\/Ramaria-botrytis01-400x300.jpg 400w, https:\/\/micologica-barakaldo.org\/wp-content\/uploads\/2018\/08\/Ramaria-botrytis01-600x450.jpg 600w, https:\/\/micologica-barakaldo.org\/wp-content\/uploads\/2018\/08\/Ramaria-botrytis01-768x576.jpg 768w, https:\/\/micologica-barakaldo.org\/wp-content\/uploads\/2018\/08\/Ramaria-botrytis01-800x600.jpg 800w, https:\/\/micologica-barakaldo.org\/wp-content\/uploads\/2018\/08\/Ramaria-botrytis01.jpg 1024w\" sizes=\"auto, (max-width: 456px) 100vw, 456px\" \/><\/p>\n<p><img loading=\"lazy\" decoding=\"async\" class=\" wp-image-2149 aligncenter\" src=\"https:\/\/micologica-barakaldo.org\/wp-content\/uploads\/2018\/08\/Boletus-satanas_20091018_999-300x200.jpg\" alt=\"\" width=\"455\" height=\"303\" srcset=\"https:\/\/micologica-barakaldo.org\/wp-content\/uploads\/2018\/08\/Boletus-satanas_20091018_999-200x133.jpg 200w, https:\/\/micologica-barakaldo.org\/wp-content\/uploads\/2018\/08\/Boletus-satanas_20091018_999-300x200.jpg 300w, https:\/\/micologica-barakaldo.org\/wp-content\/uploads\/2018\/08\/Boletus-satanas_20091018_999-400x266.jpg 400w, https:\/\/micologica-barakaldo.org\/wp-content\/uploads\/2018\/08\/Boletus-satanas_20091018_999-600x399.jpg 600w, https:\/\/micologica-barakaldo.org\/wp-content\/uploads\/2018\/08\/Boletus-satanas_20091018_999-768x511.jpg 768w, https:\/\/micologica-barakaldo.org\/wp-content\/uploads\/2018\/08\/Boletus-satanas_20091018_999-800x532.jpg 800w, https:\/\/micologica-barakaldo.org\/wp-content\/uploads\/2018\/08\/Boletus-satanas_20091018_999.jpg 1024w\" sizes=\"auto, (max-width: 455px) 100vw, 455px\" \/><\/p>\n<p>Tambi\u00e9n, si la lluvia es generosa, despiertan los bosques de con\u00edferas y empiezan a verse las primeras angulas de monte (<em>Craterellus tubaeformis<\/em>) y los n\u00edscalos, robellones o esne-gorriak y, como no, tambi\u00e9n los \u201ccomospolitas\u201d <em>Boletus edulis<\/em> y <em>B. pinophilus,<\/em> a los que les encantan los pinares y abetales viejos y de suelo \u00e1cido, aunque esto cada vez m\u00e1s es\u00a0 misi\u00f3n imposible, debido a las zonas acotadas, los recolectores que los recogen para la venta y el abandono de algunos montes.<\/p>\n<p><img loading=\"lazy\" decoding=\"async\" class=\" wp-image-2150 aligncenter\" src=\"https:\/\/micologica-barakaldo.org\/wp-content\/uploads\/2018\/08\/Craterellus-tubaeformis_20101002_001-300x212.jpg\" alt=\"\" width=\"456\" height=\"322\" srcset=\"https:\/\/micologica-barakaldo.org\/wp-content\/uploads\/2018\/08\/Craterellus-tubaeformis_20101002_001-200x141.jpg 200w, https:\/\/micologica-barakaldo.org\/wp-content\/uploads\/2018\/08\/Craterellus-tubaeformis_20101002_001-300x212.jpg 300w, https:\/\/micologica-barakaldo.org\/wp-content\/uploads\/2018\/08\/Craterellus-tubaeformis_20101002_001-400x283.jpg 400w, https:\/\/micologica-barakaldo.org\/wp-content\/uploads\/2018\/08\/Craterellus-tubaeformis_20101002_001-600x424.jpg 600w, https:\/\/micologica-barakaldo.org\/wp-content\/uploads\/2018\/08\/Craterellus-tubaeformis_20101002_001-768x543.jpg 768w, https:\/\/micologica-barakaldo.org\/wp-content\/uploads\/2018\/08\/Craterellus-tubaeformis_20101002_001-800x565.jpg 800w, https:\/\/micologica-barakaldo.org\/wp-content\/uploads\/2018\/08\/Craterellus-tubaeformis_20101002_001.jpg 964w\" sizes=\"auto, (max-width: 456px) 100vw, 456px\" \/><\/p>\n<p>&nbsp;<\/p>\n<p>No debemos olvidarnos de que tambi\u00e9n es temporada para las especies m\u00e1s venenosas, por lo que los aficionados deben extremar la prudencia. La Seta enga\u00f1osa, Maltzurra o <em>Entoloma sinuatum <\/em>(esta especie, por ejemplo, causa el 75% de los envenenamientos del Pa\u00eds Vasco), <em>Amanita phalloides <\/em>(Mortal) y <em>Amanita pantherina,<\/em> brotan con abundancia en robledales y hayedos, <em>Boletus satanas<\/em> en robledales y encinares, <em>Amanita muscaria<\/em>, en todo tipo de bosques, la escasa y rara <em>Amanita virosa <\/em>(mortal) y, mucho m\u00e1s raro y escaso todav\u00eda, <em>Cortinarius orellanus<\/em> (mortal). Terminamos con otra especie muy abundante en frondosas y con\u00edferas, y considerada mortal en los \u00faltimos a\u00f1os, como es <em>Paxillus involotus<\/em>.<\/p>\n<p><img loading=\"lazy\" decoding=\"async\" class=\" wp-image-2153 aligncenter\" src=\"https:\/\/micologica-barakaldo.org\/wp-content\/uploads\/2018\/08\/Paxillus-involotus_03-300x200.jpg\" alt=\"\" width=\"455\" height=\"303\" srcset=\"https:\/\/micologica-barakaldo.org\/wp-content\/uploads\/2018\/08\/Paxillus-involotus_03-200x133.jpg 200w, https:\/\/micologica-barakaldo.org\/wp-content\/uploads\/2018\/08\/Paxillus-involotus_03-300x200.jpg 300w, https:\/\/micologica-barakaldo.org\/wp-content\/uploads\/2018\/08\/Paxillus-involotus_03-400x267.jpg 400w, https:\/\/micologica-barakaldo.org\/wp-content\/uploads\/2018\/08\/Paxillus-involotus_03-600x400.jpg 600w, https:\/\/micologica-barakaldo.org\/wp-content\/uploads\/2018\/08\/Paxillus-involotus_03-768x512.jpg 768w, https:\/\/micologica-barakaldo.org\/wp-content\/uploads\/2018\/08\/Paxillus-involotus_03-800x534.jpg 800w, https:\/\/micologica-barakaldo.org\/wp-content\/uploads\/2018\/08\/Paxillus-involotus_03.jpg 1024w\" sizes=\"auto, (max-width: 455px) 100vw, 455px\" \/><\/p>\n<p><img loading=\"lazy\" decoding=\"async\" class=\" wp-image-2151 aligncenter\" src=\"https:\/\/micologica-barakaldo.org\/wp-content\/uploads\/2018\/08\/Entoloma-sinuatum_03-300x225.jpg\" alt=\"\" width=\"453\" height=\"340\" srcset=\"https:\/\/micologica-barakaldo.org\/wp-content\/uploads\/2018\/08\/Entoloma-sinuatum_03-200x150.jpg 200w, https:\/\/micologica-barakaldo.org\/wp-content\/uploads\/2018\/08\/Entoloma-sinuatum_03-300x225.jpg 300w, https:\/\/micologica-barakaldo.org\/wp-content\/uploads\/2018\/08\/Entoloma-sinuatum_03-400x300.jpg 400w, https:\/\/micologica-barakaldo.org\/wp-content\/uploads\/2018\/08\/Entoloma-sinuatum_03-600x450.jpg 600w, https:\/\/micologica-barakaldo.org\/wp-content\/uploads\/2018\/08\/Entoloma-sinuatum_03-768x576.jpg 768w, https:\/\/micologica-barakaldo.org\/wp-content\/uploads\/2018\/08\/Entoloma-sinuatum_03-800x600.jpg 800w, https:\/\/micologica-barakaldo.org\/wp-content\/uploads\/2018\/08\/Entoloma-sinuatum_03.jpg 1024w\" sizes=\"auto, (max-width: 453px) 100vw, 453px\" \/><\/p>\n<p>&nbsp;<\/p>\n<p>Como siempre, recomendamos a todos aquellos aficionados poco experimentados, recoger con prudencia si no conocen bien las especies, y recolectar unos pocos ejemplares, para poder consultar en aquellos centros habilitados para tal fin, as\u00ed como en las Sociedades Micol\u00f3gicas que tienen servicio de identificaci\u00f3n de las setas recolectadas, como atenci\u00f3n al aficionado.<\/p>\n<p>&nbsp;<\/p>\n<p>\u00a1\u00a1\u00a1Os esperamos en la Micol\u00f3gica de Barakaldo!!!<\/p>\n","protected":false},"excerpt":{"rendered":"<p>\u00a0\u00a0El verano empieza a dejar paso al oto\u00f1o, los d\u00edas se acortan, las temperaturas aflojan  [&#8230;]<\/p>\n","protected":false},"author":3,"featured_media":2148,"comment_status":"open","ping_status":"closed","sticky":false,"template":"","format":"standard","meta":{"footnotes":"","jetpack_publicize_message":"","jetpack_publicize_feature_enabled":true,"jetpack_social_post_already_shared":true,"jetpack_social_options":{"image_generator_settings":{"template":"highway","default_image_id":0,"font":"","enabled":false},"version":2}},"categories":[7,1,27],"tags":[],"class_list":["post-2147","post","type-post","status-publish","format-standard","has-post-thumbnail","hentry","category-blog","category-sin-categorizar","category-temporada-de-setas"],"jetpack_publicize_connections":[],"jetpack_featured_media_url":"https:\/\/micologica-barakaldo.org\/wp-content\/uploads\/2018\/08\/Boletus-edulis_20140830_16201.jpg","jetpack_shortlink":"https:\/\/wp.me\/p9dTSQ-yD","_links":{"self":[{"href":"https:\/\/micologica-barakaldo.org\/eu\/wp-json\/wp\/v2\/posts\/2147","targetHints":{"allow":["GET"]}}],"collection":[{"href":"https:\/\/micologica-barakaldo.org\/eu\/wp-json\/wp\/v2\/posts"}],"about":[{"href":"https:\/\/micologica-barakaldo.org\/eu\/wp-json\/wp\/v2\/types\/post"}],"author":[{"embeddable":true,"href":"https:\/\/micologica-barakaldo.org\/eu\/wp-json\/wp\/v2\/users\/3"}],"replies":[{"embeddable":true,"href":"https:\/\/micologica-barakaldo.org\/eu\/wp-json\/wp\/v2\/comments?post=2147"}],"version-history":[{"count":3,"href":"https:\/\/micologica-barakaldo.org\/eu\/wp-json\/wp\/v2\/posts\/2147\/revisions"}],"predecessor-version":[{"id":2158,"href":"https:\/\/micologica-barakaldo.org\/eu\/wp-json\/wp\/v2\/posts\/2147\/revisions\/2158"}],"wp:featuredmedia":[{"embeddable":true,"href":"https:\/\/micologica-barakaldo.org\/eu\/wp-json\/wp\/v2\/media\/2148"}],"wp:attachment":[{"href":"https:\/\/micologica-barakaldo.org\/eu\/wp-json\/wp\/v2\/media?parent=2147"}],"wp:term":[{"taxonomy":"category","embeddable":true,"href":"https:\/\/micologica-barakaldo.org\/eu\/wp-json\/wp\/v2\/categories?post=2147"},{"taxonomy":"post_tag","embeddable":true,"href":"https:\/\/micologica-barakaldo.org\/eu\/wp-json\/wp\/v2\/tags?post=2147"}],"curies":[{"name":"wp","href":"https:\/\/api.w.org\/{rel}","templated":true}]}}