{"id":2205,"date":"2018-09-14T19:26:30","date_gmt":"2018-09-14T18:26:30","guid":{"rendered":"https:\/\/micologica-barakaldo.org\/?p=2205"},"modified":"2020-04-30T08:50:23","modified_gmt":"2020-04-30T07:50:23","slug":"xliii-semana-micologica-de-barakaldo-3","status":"publish","type":"post","link":"https:\/\/micologica-barakaldo.org\/eu\/xliii-semana-micologica-de-barakaldo-3\/","title":{"rendered":"XLIII SEMANA MICOLOGICA DE BARAKALDO"},"content":{"rendered":"<p>Como todos los a\u00f1os, acudimos fieles a nuestra cita con los aficionados de nuestro querido pueblo de Barakaldo.<\/p>\n<p>Este a\u00f1o toca la 43 edici\u00f3n de nuestra Semana Micol\u00f3gica, de la cual os mostramos el cartel:<\/p>\n<p>&nbsp;<\/p>\n<p><img loading=\"lazy\" decoding=\"async\" class=\" wp-image-2207 aligncenter\" src=\"https:\/\/micologica-barakaldo.org\/wp-content\/uploads\/2018\/09\/43-Semana-Micologica_WEB-2-212x300.jpg\" alt=\"\" width=\"404\" height=\"572\" srcset=\"https:\/\/micologica-barakaldo.org\/wp-content\/uploads\/2018\/09\/43-Semana-Micologica_WEB-2-200x283.jpg 200w, https:\/\/micologica-barakaldo.org\/wp-content\/uploads\/2018\/09\/43-Semana-Micologica_WEB-2-212x300.jpg 212w, https:\/\/micologica-barakaldo.org\/wp-content\/uploads\/2018\/09\/43-Semana-Micologica_WEB-2-400x565.jpg 400w, https:\/\/micologica-barakaldo.org\/wp-content\/uploads\/2018\/09\/43-Semana-Micologica_WEB-2-600x848.jpg 600w, https:\/\/micologica-barakaldo.org\/wp-content\/uploads\/2018\/09\/43-Semana-Micologica_WEB-2-725x1024.jpg 725w, https:\/\/micologica-barakaldo.org\/wp-content\/uploads\/2018\/09\/43-Semana-Micologica_WEB-2-768x1085.jpg 768w, https:\/\/micologica-barakaldo.org\/wp-content\/uploads\/2018\/09\/43-Semana-Micologica_WEB-2-800x1130.jpg 800w, https:\/\/micologica-barakaldo.org\/wp-content\/uploads\/2018\/09\/43-Semana-Micologica_WEB-2.jpg 1024w\" sizes=\"auto, (max-width: 404px) 100vw, 404px\" \/><\/p>\n<p>&nbsp;<\/p>\n<p>&nbsp;<\/p>\n<p>El formato es muy similar al de ediciones anteriores. El acto principal ser\u00e1 la XLIII Exposici\u00f3n Micol\u00f3gica de Barakaldo que se celebrar\u00e1 en la Herriko Plaza de 11 a 14 horas, el domingo 7 de octubre.<\/p>\n<p>En esta Exposici\u00f3n mostraremos las setas que hayamos recogido en los montes de nuestro entorno, aunque si las condiciones no son buenas, ampliaremos nuestro radio de b\u00fasqueda.<\/p>\n<p>Animamos a todos los aficionados que quieran, a que el s\u00e1bado a la tarde acudan a nuestros locales, ubicados en los Bajos de la Biblioteca Central, donde se proceder\u00e1 a la clasificaci\u00f3n de las recolectas que hayamos efectuado. Os rogamos que si tra\u00e9is ejemplares para colaborar con la Exposici\u00f3n, \u00e9stos est\u00e9n en buen estado, no m\u00e1s de 4 o 5 ejemplares y, si es posible, protegidos en papel de aluminio para conservar todas sus caracter\u00edsticas y facilitar su identificaci\u00f3n. Por supuesto, recomendamos el uso cestas para su transporte y no bolsas de pl\u00e1stico.<\/p>\n<p>Tened en cuenta que ese d\u00eda estaremos centrados en el montaje de la Exposici\u00f3n, por lo que es posible que no podamos atenderos como quisi\u00e9ramos. Estaremos a vuestra disposici\u00f3n el domingo en la Exposici\u00f3n o cualquiera de los lunes de la temporada. De todas formas, estaremos encantados con vuestra colaboraci\u00f3n.<\/p>\n<p>Adem\u00e1s de la Exposici\u00f3n y la salida micol\u00f3gica, solemos impartir unas charlas sobre diversos temas relacionados con la Micolog\u00eda.<\/p>\n<p>Este a\u00f1o hemos decidido cambiar dichas charlas\u00a0 por un Taller de Micolog\u00eda que se impartir\u00e1 el 2 de octubre y se repetir\u00e1 el 4 del mismo mes:<\/p>\n<p>&nbsp;<\/p>\n<p><img loading=\"lazy\" decoding=\"async\" class=\"wp-image-2204 aligncenter\" src=\"https:\/\/micologica-barakaldo.org\/wp-content\/uploads\/2018\/09\/Captura-de-pantalla-2018-09-13-a-las-15.38.11-300x177.png\" alt=\"\" width=\"592\" height=\"349\" srcset=\"https:\/\/micologica-barakaldo.org\/wp-content\/uploads\/2018\/09\/Captura-de-pantalla-2018-09-13-a-las-15.38.11-200x118.png 200w, https:\/\/micologica-barakaldo.org\/wp-content\/uploads\/2018\/09\/Captura-de-pantalla-2018-09-13-a-las-15.38.11-300x177.png 300w, https:\/\/micologica-barakaldo.org\/wp-content\/uploads\/2018\/09\/Captura-de-pantalla-2018-09-13-a-las-15.38.11-400x236.png 400w, https:\/\/micologica-barakaldo.org\/wp-content\/uploads\/2018\/09\/Captura-de-pantalla-2018-09-13-a-las-15.38.11-600x354.png 600w, https:\/\/micologica-barakaldo.org\/wp-content\/uploads\/2018\/09\/Captura-de-pantalla-2018-09-13-a-las-15.38.11-768x454.png 768w, https:\/\/micologica-barakaldo.org\/wp-content\/uploads\/2018\/09\/Captura-de-pantalla-2018-09-13-a-las-15.38.11-800x473.png 800w, https:\/\/micologica-barakaldo.org\/wp-content\/uploads\/2018\/09\/Captura-de-pantalla-2018-09-13-a-las-15.38.11.png 1024w\" sizes=\"auto, (max-width: 592px) 100vw, 592px\" \/><\/p>\n<p>&nbsp;<\/p>\n<p>El formato es el de un cursillo, con una parte te\u00f3rica cuyos objetivos son:<\/p>\n<div><span style=\"color: #000000; font-family: georgia, palatino, serif;\">\u2022Conceptos b\u00e1sicos de recolecci\u00f3n y preservaci\u00f3n<\/span><\/div>\n<div class=\"m_-5275704602281422284gmail-O0\"><span style=\"color: #000000; font-family: georgia, palatino, serif;\">\u2022Principales caracter\u00edsticas que definen a los\u00a0AGARICALES\u00a0s.s.\u00a0 (Hongos con l\u00e1minas)<\/span><\/div>\n<div class=\"m_-5275704602281422284gmail-O0\"><span style=\"color: #000000; font-family: georgia, palatino, serif;\">\u2022Principales familias de\u00a0AGARICALES\u00a0y sus caracter\u00edsticas<\/span><\/div>\n<div class=\"m_-5275704602281422284gmail-O0\"><span style=\"color: #000000; font-family: georgia, palatino, serif;\">\u2022Identificaci\u00f3n de g\u00e9neros<\/span><\/div>\n<div class=\"m_-5275704602281422284gmail-O0\"><span style=\"color: #000000; font-family: georgia, palatino, serif;\">\u2022Algunas especies representativas de\u00a0AGARICALES<\/span><\/div>\n<div class=\"m_-5275704602281422284gmail-O0\"><span style=\"color: #000000; font-family: georgia, palatino, serif;\">\u2022Taller pr\u00e1ctico de identificaci\u00f3n<\/span><\/div>\n<div>\u00a0<\/div>\n<div>La parte te\u00f3rica queremos complementarla con una parte pr\u00e1ctica, ya que dependiendo de la disponibilidad de ejemplares, haremos un taller pr\u00e1ctico de identificaci\u00f3n.<\/div>\n<div>Las condiciones de este cursillo son las siguientes:<\/div>\n<div>\u00a0<\/div>\n<ul>\n<li>El n\u00famero de plazas est\u00e1 a limitado a 15 personas por d\u00eda<\/li>\n<li>Para inscribirse, se debe enviar un correo electr\u00f3nico a\u00a0micologica@micologica-barakaldo.org, especificando el nombre de la persona que quiere inscribirse y el d\u00eda elegido<\/li>\n<li>Se puede elegir inscribirse el d\u00eda 2 de octubre o el 4 de octubre. Si el d\u00eda que elijas est\u00e1 completo, se te inscribir\u00e1 en el otro, teniendo en cuenta el n\u00famero de plazas disponibles. En el caso de que no quieras el d\u00eda que te ofrecemos, puedes renunciar a tu plaza contestando al mail de confirmaci\u00f3n que te enviaremos<\/li>\n<li>Se entregar\u00e1 documentaci\u00f3n y material de apoyo<\/li>\n<li>La inscripci\u00f3n es gratuita<\/li>\n<li>El lugar donde se impartir\u00e1 el cursillo, es en la Casa de Cultura Clara Campoamor de Barakaldo<\/li>\n<li>El horario ser\u00e1\u00a0 de 19 a 21 horas. Se ruega acudir unos minutos antes, para poder comenzar con puntualidad y cumplir con las horas que tenemos asignadas<\/li>\n<\/ul>\n<p>Pretendemos que este cursillo sea el primero de una serie, que iremos impartiendo a lo largo del a\u00f1o. Estad atentos a nuestra web, ya que los iremos anunciando con suficiente antelaci\u00f3n.<\/p>\n<p>Por \u00faltimo, os animamos a participar en todos los actos que hemos preparado. Ahora s\u00f3lo falta que el tiempo sea propicio y llueva todo lo necesario para que nuestras amigas las setas se muestren.\u00a0<\/p>\n<p>Hasta pronto!!!<\/p>\n<div>\u00a0<\/div>\n","protected":false},"excerpt":{"rendered":"<p>Como todos los a\u00f1os, acudimos fieles a nuestra cita con los aficionados de nuestro querido  [&#8230;]<\/p>\n","protected":false},"author":3,"featured_media":2207,"comment_status":"open","ping_status":"closed","sticky":false,"template":"","format":"standard","meta":{"footnotes":"","jetpack_publicize_message":"","jetpack_publicize_feature_enabled":true,"jetpack_social_post_already_shared":true,"jetpack_social_options":{"image_generator_settings":{"template":"highway","default_image_id":0,"font":"","enabled":false},"version":2}},"categories":[25,7,55],"tags":[],"class_list":["post-2205","post","type-post","status-publish","format-standard","has-post-thumbnail","hentry","category-actividades","category-blog","category-semana-micologica-asociacion-setas"],"jetpack_publicize_connections":[],"jetpack_featured_media_url":"https:\/\/micologica-barakaldo.org\/wp-content\/uploads\/2018\/09\/43-Semana-Micologica_WEB-2.jpg","jetpack_shortlink":"https:\/\/wp.me\/p9dTSQ-zz","_links":{"self":[{"href":"https:\/\/micologica-barakaldo.org\/eu\/wp-json\/wp\/v2\/posts\/2205","targetHints":{"allow":["GET"]}}],"collection":[{"href":"https:\/\/micologica-barakaldo.org\/eu\/wp-json\/wp\/v2\/posts"}],"about":[{"href":"https:\/\/micologica-barakaldo.org\/eu\/wp-json\/wp\/v2\/types\/post"}],"author":[{"embeddable":true,"href":"https:\/\/micologica-barakaldo.org\/eu\/wp-json\/wp\/v2\/users\/3"}],"replies":[{"embeddable":true,"href":"https:\/\/micologica-barakaldo.org\/eu\/wp-json\/wp\/v2\/comments?post=2205"}],"version-history":[{"count":5,"href":"https:\/\/micologica-barakaldo.org\/eu\/wp-json\/wp\/v2\/posts\/2205\/revisions"}],"predecessor-version":[{"id":2226,"href":"https:\/\/micologica-barakaldo.org\/eu\/wp-json\/wp\/v2\/posts\/2205\/revisions\/2226"}],"wp:featuredmedia":[{"embeddable":true,"href":"https:\/\/micologica-barakaldo.org\/eu\/wp-json\/wp\/v2\/media\/2207"}],"wp:attachment":[{"href":"https:\/\/micologica-barakaldo.org\/eu\/wp-json\/wp\/v2\/media?parent=2205"}],"wp:term":[{"taxonomy":"category","embeddable":true,"href":"https:\/\/micologica-barakaldo.org\/eu\/wp-json\/wp\/v2\/categories?post=2205"},{"taxonomy":"post_tag","embeddable":true,"href":"https:\/\/micologica-barakaldo.org\/eu\/wp-json\/wp\/v2\/tags?post=2205"}],"curies":[{"name":"wp","href":"https:\/\/api.w.org\/{rel}","templated":true}]}}