{"id":2223,"date":"2018-09-20T18:18:46","date_gmt":"2018-09-20T17:18:46","guid":{"rendered":"https:\/\/micologica-barakaldo.org\/?p=2223"},"modified":"2018-09-20T18:27:01","modified_gmt":"2018-09-20T17:27:01","slug":"taller-de-micologia","status":"publish","type":"post","link":"https:\/\/micologica-barakaldo.org\/eu\/taller-de-micologia\/","title":{"rendered":"Taller  de Micolog\u00eda"},"content":{"rendered":"<p>Os queremos animar a que os inscrib\u00e1is ya que todav\u00eda quedan plazas libres para el Taller de Micolog\u00eda que impartimos este a\u00f1o:<\/p>\n<p>&nbsp;<\/p>\n<p><img loading=\"lazy\" decoding=\"async\" class=\" wp-image-2204 aligncenter\" src=\"https:\/\/micologica-barakaldo.org\/wp-content\/uploads\/2018\/09\/Captura-de-pantalla-2018-09-13-a-las-15.38.11-300x177.png\" alt=\"\" width=\"534\" height=\"315\" srcset=\"https:\/\/micologica-barakaldo.org\/wp-content\/uploads\/2018\/09\/Captura-de-pantalla-2018-09-13-a-las-15.38.11-200x118.png 200w, https:\/\/micologica-barakaldo.org\/wp-content\/uploads\/2018\/09\/Captura-de-pantalla-2018-09-13-a-las-15.38.11-300x177.png 300w, https:\/\/micologica-barakaldo.org\/wp-content\/uploads\/2018\/09\/Captura-de-pantalla-2018-09-13-a-las-15.38.11-400x236.png 400w, https:\/\/micologica-barakaldo.org\/wp-content\/uploads\/2018\/09\/Captura-de-pantalla-2018-09-13-a-las-15.38.11-600x354.png 600w, https:\/\/micologica-barakaldo.org\/wp-content\/uploads\/2018\/09\/Captura-de-pantalla-2018-09-13-a-las-15.38.11-768x454.png 768w, https:\/\/micologica-barakaldo.org\/wp-content\/uploads\/2018\/09\/Captura-de-pantalla-2018-09-13-a-las-15.38.11-800x473.png 800w, https:\/\/micologica-barakaldo.org\/wp-content\/uploads\/2018\/09\/Captura-de-pantalla-2018-09-13-a-las-15.38.11.png 1024w\" sizes=\"auto, (max-width: 534px) 100vw, 534px\" \/><\/p>\n<p>&nbsp;<\/p>\n<p>Os recordamos que los temas a tratar son los siguientes:<\/p>\n<div>\u2022Conceptos b\u00e1sicos de recolecci\u00f3n y preservaci\u00f3n<\/div>\n<div class=\"m_-5275704602281422284gmail-O0\">\u2022Principales caracter\u00edsticas que definen a los\u00a0AGARICALES\u00a0s.s.\u00a0 (Hongos con l\u00e1minas)<\/div>\n<div class=\"m_-5275704602281422284gmail-O0\">\u2022Principales familias de\u00a0AGARICALES\u00a0y sus caracter\u00edsticas<\/div>\n<div class=\"m_-5275704602281422284gmail-O0\">\u2022Identificaci\u00f3n de g\u00e9neros<\/div>\n<div class=\"m_-5275704602281422284gmail-O0\">\u2022Algunas especies representativas de\u00a0AGARICALES<\/div>\n<div class=\"m_-5275704602281422284gmail-O0\">\u2022Taller pr\u00e1ctico de identificaci\u00f3n<\/div>\n<div>\u00a0<\/div>\n<div>La parte te\u00f3rica queremos complementarla con una parte pr\u00e1ctica, ya que dependiendo de la disponibilidad de ejemplares, haremos un taller pr\u00e1ctico de identificaci\u00f3n.<\/div>\n<div>Las condiciones de este cursillo son las siguientes:<\/div>\n<div>\u00a0<\/div>\n<ul>\n<li>El n\u00famero de plazas est\u00e1 a limitado a 15 personas por d\u00eda<\/li>\n<li>Para inscribirse, se debe enviar un correo electr\u00f3nico a\u00a0micologica@micologica-barakaldo.org, especificando el nombre de la persona que quiere inscribirse y el d\u00eda elegido<\/li>\n<li>Se puede elegir inscribirse el d\u00eda 2 de octubre o el 4 de octubre. Si el d\u00eda que elijas est\u00e1 completo, se te inscribir\u00e1 en el otro, teniendo en cuenta el n\u00famero de plazas disponibles. En el caso de que no quieras el d\u00eda que te ofrecemos, puedes renunciar a tu plaza contestando al mail de confirmaci\u00f3n que te enviaremos<\/li>\n<li>Se entregar\u00e1 documentaci\u00f3n y material de apoyo<\/li>\n<li>La inscripci\u00f3n es gratuita<\/li>\n<li>El lugar donde se impartir\u00e1 el cursillo, es en la Casa de Cultura Clara Campoamor de Barakaldo<\/li>\n<li>El horario ser\u00e1\u00a0 de 19 a 21 horas. Se ruega acudir unos minutos antes, para poder comenzar con puntualidad y cumplir con las horas que tenemos asignadas<\/li>\n<\/ul>\n<p>\u00a1Nos vemos en la XLIII Semana Micologica!<\/p>\n","protected":false},"excerpt":{"rendered":"<p>Os queremos animar a que os inscrib\u00e1is ya que todav\u00eda quedan plazas libres para el  [&#8230;]<\/p>\n","protected":false},"author":3,"featured_media":2204,"comment_status":"open","ping_status":"closed","sticky":false,"template":"","format":"standard","meta":{"footnotes":"","jetpack_publicize_message":"","jetpack_publicize_feature_enabled":true,"jetpack_social_post_already_shared":true,"jetpack_social_options":{"image_generator_settings":{"template":"highway","default_image_id":0,"font":"","enabled":false},"version":2}},"categories":[25,7,55],"tags":[],"class_list":["post-2223","post","type-post","status-publish","format-standard","has-post-thumbnail","hentry","category-actividades","category-blog","category-semana-micologica-asociacion-setas"],"jetpack_publicize_connections":[],"jetpack_featured_media_url":"https:\/\/micologica-barakaldo.org\/wp-content\/uploads\/2018\/09\/Captura-de-pantalla-2018-09-13-a-las-15.38.11.png","jetpack_shortlink":"https:\/\/wp.me\/p9dTSQ-zR","_links":{"self":[{"href":"https:\/\/micologica-barakaldo.org\/eu\/wp-json\/wp\/v2\/posts\/2223","targetHints":{"allow":["GET"]}}],"collection":[{"href":"https:\/\/micologica-barakaldo.org\/eu\/wp-json\/wp\/v2\/posts"}],"about":[{"href":"https:\/\/micologica-barakaldo.org\/eu\/wp-json\/wp\/v2\/types\/post"}],"author":[{"embeddable":true,"href":"https:\/\/micologica-barakaldo.org\/eu\/wp-json\/wp\/v2\/users\/3"}],"replies":[{"embeddable":true,"href":"https:\/\/micologica-barakaldo.org\/eu\/wp-json\/wp\/v2\/comments?post=2223"}],"version-history":[{"count":2,"href":"https:\/\/micologica-barakaldo.org\/eu\/wp-json\/wp\/v2\/posts\/2223\/revisions"}],"predecessor-version":[{"id":2976,"href":"https:\/\/micologica-barakaldo.org\/eu\/wp-json\/wp\/v2\/posts\/2223\/revisions\/2976"}],"wp:featuredmedia":[{"embeddable":true,"href":"https:\/\/micologica-barakaldo.org\/eu\/wp-json\/wp\/v2\/media\/2204"}],"wp:attachment":[{"href":"https:\/\/micologica-barakaldo.org\/eu\/wp-json\/wp\/v2\/media?parent=2223"}],"wp:term":[{"taxonomy":"category","embeddable":true,"href":"https:\/\/micologica-barakaldo.org\/eu\/wp-json\/wp\/v2\/categories?post=2223"},{"taxonomy":"post_tag","embeddable":true,"href":"https:\/\/micologica-barakaldo.org\/eu\/wp-json\/wp\/v2\/tags?post=2223"}],"curies":[{"name":"wp","href":"https:\/\/api.w.org\/{rel}","templated":true}]}}