{"id":2473,"date":"2019-01-07T21:15:19","date_gmt":"2019-01-07T20:15:19","guid":{"rendered":"https:\/\/micologica-barakaldo.org\/?p=2473"},"modified":"2021-08-15T21:22:40","modified_gmt":"2021-08-15T20:22:40","slug":"gymnopus-quercophilus","status":"publish","type":"post","link":"https:\/\/micologica-barakaldo.org\/eu\/gymnopus-quercophilus\/","title":{"rendered":"Gymnopus quercophilus"},"content":{"rendered":"<div class=\"fusion-fullwidth fullwidth-box fusion-builder-row-1 nonhundred-percent-fullwidth non-hundred-percent-height-scrolling\" style=\"--awb-border-radius-top-left:0px;--awb-border-radius-top-right:0px;--awb-border-radius-bottom-right:0px;--awb-border-radius-bottom-left:0px;--awb-padding-bottom:50px;--awb-flex-wrap:wrap;\" ><div class=\"fusion-builder-row fusion-row\"><div class=\"fusion-layout-column fusion_builder_column fusion-builder-column-0 fusion_builder_column_1_2 1_2 fusion-one-half fusion-column-first\" style=\"--awb-bg-size:cover;width:48%; margin-right: 4%;\"><div class=\"fusion-column-wrapper fusion-flex-column-wrapper-legacy\"><div class=\"fusion-text fusion-text-1\"><p style=\"text-align: justify;\">\u2261<em>Marasmius quercophilus\u00a0<\/em>Pouzar,\u00a0<em>\u010cesk\u00e1 Mykol.<\/em>\u00a036(1): 1. 1982<\/p>\n<p style=\"text-align: justify;\">\u2261<em>Setulipes quercophilus\u00a0<\/em>(Pouzar) Anton\u00edn,\u00a0<em>\u010cesk\u00e1 Mykol.<\/em>\u00a041(2): 86. 1987<\/p>\n<p style=\"text-align: justify;\"><em>Caracteres macrosc\u00f3picos<\/em>. P\u00edleo de hasta 10 mm de di\u00e1metro, primero hemisf\u00e9rico o convexo, finalmente plano convexo o extendido y ligeramente deprimido al centro, margen primero involuto, despu\u00e9s deflexo, a menudo crenulado, superficie pil\u00e9ica, lisa, seca, higr\u00f3fana, en tiempo h\u00famedo estriado por transparencia en el margen, un poco rugosa al secarse, de color inicialmente rosa marr\u00f3n, despu\u00e9s crema blanquecino hacia la periferia, rosa ocre en el disco, palideciendo a crema claro al secarse. L\u00e1minas espaciadas, intervenosas, desiguales, de adnatas a emarginadas, de color crema blanquecino, arista entera, concolor. Est\u00edpite de hasta 40 x 1 mm, filiforme, tenaz, tomentoso o fibrilloso, de marr\u00f3n rojizo oscuro, m\u00e1s claro hacia el \u00e1pice y m\u00e1s oscuro hacia la base, con rizomorfos abundantes filiformes, marr\u00f3n rojo oscuro. C0ntexto delgado, blanquecino, sabor y olor poco apreciable.<\/p>\n<p style=\"text-align: justify;\"><em>Caracteres microsc\u00f3picos<\/em>. Basidi\u00f3sporas de 7,5-10,0 x 4,5-6,0 \u00b5m \/ Q = 1,5-2,4, elipsoidales, subcil\u00edndricas o un poco lacrimoides, lisas, hialinas, gutuladas, no amiloides. Esporada blanca. Basidios de hasta 30 x 9 \u00b5m, claviformes, tetrasp\u00f3ricos. Queilocistidios de hasta 35 x 20\u00b5m, claviformes, en forma de escoba o incluso coralloides. Pleurocistidios no observados. Pileipellis himeniforme, con elementos de hasta x40\u00b5m.<\/p>\n<p style=\"text-align: justify;\"><em>Ecolog\u00eda.<\/em> De final de verano y oto\u00f1o, sobre hojas muertas de <em>Fagaceas<\/em> (<em>Quercus sp., Castanea sp., Fagus sp<\/em>.).\u00a0 <em>Distribuci\u00f3n<\/em>. \u00a0Poco frecuente.<\/p>\n<p>&nbsp;<\/p>\n<\/div><div class=\"fusion-clearfix\"><\/div><\/div><\/div><div class=\"fusion-layout-column fusion_builder_column fusion-builder-column-1 fusion_builder_column_1_2 1_2 fusion-one-half fusion-column-last\" style=\"--awb-bg-size:cover;width:48%;\"><div class=\"fusion-column-wrapper fusion-flex-column-wrapper-legacy\"><div class=\"fusion-image-element in-legacy-container\" style=\"--awb-caption-title-font-family:var(--h2_typography-font-family);--awb-caption-title-font-weight:var(--h2_typography-font-weight);--awb-caption-title-font-style:var(--h2_typography-font-style);--awb-caption-title-size:var(--h2_typography-font-size);--awb-caption-title-transform:var(--h2_typography-text-transform);--awb-caption-title-line-height:var(--h2_typography-line-height);--awb-caption-title-letter-spacing:var(--h2_typography-letter-spacing);\"><span class=\" fusion-imageframe imageframe-none imageframe-1 hover-type-none\"><img loading=\"lazy\" decoding=\"async\" width=\"1024\" height=\"783\" title=\"Gymnopus quercophilus_20111114_2656\" src=\"https:\/\/micologica-barakaldo.org\/wp-content\/uploads\/2019\/01\/Gymnopus-quercophilus_20111114_2656-1024x783.jpg\" alt class=\"img-responsive wp-image-8370\" srcset=\"https:\/\/micologica-barakaldo.org\/wp-content\/uploads\/2019\/01\/Gymnopus-quercophilus_20111114_2656-200x153.jpg 200w, https:\/\/micologica-barakaldo.org\/wp-content\/uploads\/2019\/01\/Gymnopus-quercophilus_20111114_2656-400x306.jpg 400w, https:\/\/micologica-barakaldo.org\/wp-content\/uploads\/2019\/01\/Gymnopus-quercophilus_20111114_2656-600x459.jpg 600w, https:\/\/micologica-barakaldo.org\/wp-content\/uploads\/2019\/01\/Gymnopus-quercophilus_20111114_2656-800x612.jpg 800w, https:\/\/micologica-barakaldo.org\/wp-content\/uploads\/2019\/01\/Gymnopus-quercophilus_20111114_2656.jpg 1024w\" sizes=\"auto, (max-width: 1024px) 100vw, 800px\" \/><\/span><\/div><div class=\"fusion-clearfix\"><\/div><\/div><\/div><div class=\"fusion-layout-column fusion_builder_column fusion-builder-column-2 fusion_builder_column_1_1 1_1 fusion-one-full fusion-column-first fusion-column-last\" style=\"--awb-padding-top:40px;--awb-bg-size:cover;\"><div class=\"fusion-column-wrapper fusion-flex-column-wrapper-legacy\"><div class=\"fusion-aligncenter\"><a class=\"fusion-button button-flat button-xlarge button-default fusion-button-default button-1 fusion-button-default-span fusion-button-default-type\" target=\"_self\" href=\"https:\/\/micologica-barakaldo.org\/wp-content\/uploads\/2021\/08\/Gymnopus-quercophilus.pdf\"><i class=\"fa-file-pdf far awb-button__icon awb-button__icon--default button-icon-left\" aria-hidden=\"true\"><\/i><span class=\"fusion-button-text awb-button__text awb-button__text--default\">VER FICHA COMPLETA<\/span><\/a><\/div><div class=\"fusion-clearfix\"><\/div><\/div><\/div><\/div><\/div>\n","protected":false},"excerpt":{"rendered":"","protected":false},"author":2,"featured_media":2471,"comment_status":"open","ping_status":"closed","sticky":false,"template":"","format":"standard","meta":{"footnotes":"","jetpack_publicize_message":"","jetpack_publicize_feature_enabled":true,"jetpack_social_post_already_shared":true,"jetpack_social_options":{"image_generator_settings":{"template":"highway","default_image_id":0,"font":"","enabled":false},"version":2}},"categories":[6,34],"tags":[],"class_list":["post-2473","post","type-post","status-publish","format-standard","has-post-thumbnail","hentry","category-fichas-micologicas","category-fichas-micologicas-setas-g"],"jetpack_publicize_connections":[],"jetpack_featured_media_url":"https:\/\/micologica-barakaldo.org\/wp-content\/uploads\/2019\/01\/Gymnopus-quercophilus_20111114_2656.jpg","jetpack_shortlink":"https:\/\/wp.me\/p9dTSQ-DT","_links":{"self":[{"href":"https:\/\/micologica-barakaldo.org\/eu\/wp-json\/wp\/v2\/posts\/2473","targetHints":{"allow":["GET"]}}],"collection":[{"href":"https:\/\/micologica-barakaldo.org\/eu\/wp-json\/wp\/v2\/posts"}],"about":[{"href":"https:\/\/micologica-barakaldo.org\/eu\/wp-json\/wp\/v2\/types\/post"}],"author":[{"embeddable":true,"href":"https:\/\/micologica-barakaldo.org\/eu\/wp-json\/wp\/v2\/users\/2"}],"replies":[{"embeddable":true,"href":"https:\/\/micologica-barakaldo.org\/eu\/wp-json\/wp\/v2\/comments?post=2473"}],"version-history":[{"count":4,"href":"https:\/\/micologica-barakaldo.org\/eu\/wp-json\/wp\/v2\/posts\/2473\/revisions"}],"predecessor-version":[{"id":5815,"href":"https:\/\/micologica-barakaldo.org\/eu\/wp-json\/wp\/v2\/posts\/2473\/revisions\/5815"}],"wp:featuredmedia":[{"embeddable":true,"href":"https:\/\/micologica-barakaldo.org\/eu\/wp-json\/wp\/v2\/media\/2471"}],"wp:attachment":[{"href":"https:\/\/micologica-barakaldo.org\/eu\/wp-json\/wp\/v2\/media?parent=2473"}],"wp:term":[{"taxonomy":"category","embeddable":true,"href":"https:\/\/micologica-barakaldo.org\/eu\/wp-json\/wp\/v2\/categories?post=2473"},{"taxonomy":"post_tag","embeddable":true,"href":"https:\/\/micologica-barakaldo.org\/eu\/wp-json\/wp\/v2\/tags?post=2473"}],"curies":[{"name":"wp","href":"https:\/\/api.w.org\/{rel}","templated":true}]}}