{"id":2491,"date":"2019-01-15T20:01:04","date_gmt":"2019-01-15T19:01:04","guid":{"rendered":"https:\/\/micologica-barakaldo.org\/?p=2491"},"modified":"2020-10-10T18:23:50","modified_gmt":"2020-10-10T17:23:50","slug":"entoloma-cuneatum","status":"publish","type":"post","link":"https:\/\/micologica-barakaldo.org\/eu\/entoloma-cuneatum\/","title":{"rendered":"Entoloma cuneatum"},"content":{"rendered":"<div class=\"fusion-fullwidth fullwidth-box fusion-builder-row-1 nonhundred-percent-fullwidth non-hundred-percent-height-scrolling\" style=\"--awb-border-radius-top-left:0px;--awb-border-radius-top-right:0px;--awb-border-radius-bottom-right:0px;--awb-border-radius-bottom-left:0px;--awb-padding-bottom:50px;--awb-flex-wrap:wrap;\" ><div class=\"fusion-builder-row fusion-row\"><div class=\"fusion-layout-column fusion_builder_column fusion-builder-column-0 fusion_builder_column_1_2 1_2 fusion-one-half fusion-column-first\" style=\"--awb-bg-size:cover;width:48%; margin-right: 4%;\"><div class=\"fusion-column-wrapper fusion-flex-column-wrapper-legacy\"><div class=\"fusion-text fusion-text-1\"><p style=\"text-align: justify;\"><em>Caracteres macrosc\u00f3picos<\/em>. P\u00edleo de hasta 60 mm de di\u00e1metro, primero c\u00f3nico, c\u00f3nico campanulado despu\u00e9s plano convexo a extendido, con un marcado umb\u00f3n central, margen un poco involuto, despu\u00e9s recto, higr\u00f3fano, estriado por transparencia en tiempo h\u00famedo. Superficie pil\u00e9ica lisa, glabra, brillante en tiempo seco, de color marr\u00f3n gris\u00e1ceo, pardo sepia, marr\u00f3n rojizo oscuro, palideciendo al secarse en gris ocre amarillento, el umb\u00f3n toma t\u00edpicamente un color amarillo ocre que destaca del resto, especialmente en tiempo h\u00famedo. L\u00e1minas moderadamente apretadas, adnatas o emarginadas, ventricosas, de color primero rosa ocr\u00e1ceo, despu\u00e9s rosa marr\u00f3n, arista entera o irregular y concolor. Est\u00edpite hasta 90&#215;7 mm, espeso, cil\u00edndrico, comprimido, ligeramente bulboso, pruinoso en el \u00e1pice, fibrilloso estriado en la parte baja, con tomento blanquecino en la base, del color del p\u00edleo o algo m\u00e1s p\u00e1lido. Contexto escaso en el p\u00edleo, fibrilloso en el est\u00edpite, gris marr\u00f3n en el cortex del p\u00edleo y del est\u00edpite, blanquecino en el resto, olor y sabor poco apreciable.<\/p>\n<p style=\"text-align: justify;\"><em>Caracteres microsc\u00f3picos<\/em>. Basidi\u00f3sporas de 9,5-13,0 x 7,5-9,0 \u00b5m \/ Q = 1,2-1,6, isodiam\u00e9tricas, con 5-8 \u00e1ngulos vistas de perfil. Basidios con cuatro esterigmas, juntas con f\u00edbulas. Arista laminar f\u00e9rtil. Queilocistidios ausentes. Pileipellis formada por un cutis de hifas apretadas, cil\u00edndricas de hasta x10 \u00b5m, elementos terminales algo hinchados, con pigmento intracelular ocre p\u00e1lido, juntas con f\u00edbulas.<\/p>\n<p style=\"text-align: justify;\"><em>Ecolog\u00eda<\/em>. Sobre todo, en primavera y oto\u00f1o, en lugares herbosos, en en suelos b\u00e1sicos, bajo con\u00edferas, m\u00e1s raramente bajo frondosas. <em>Distribuci\u00f3n<\/em>. Muy raro.<\/p>\n<p>&nbsp;<\/p>\n<\/div><div class=\"fusion-clearfix\"><\/div><\/div><\/div><div class=\"fusion-layout-column fusion_builder_column fusion-builder-column-1 fusion_builder_column_1_2 1_2 fusion-one-half fusion-column-last\" style=\"--awb-bg-size:cover;width:48%;\"><div class=\"fusion-column-wrapper fusion-flex-column-wrapper-legacy\"><div class=\"fusion-image-element in-legacy-container\" style=\"--awb-caption-title-font-family:var(--h2_typography-font-family);--awb-caption-title-font-weight:var(--h2_typography-font-weight);--awb-caption-title-font-style:var(--h2_typography-font-style);--awb-caption-title-size:var(--h2_typography-font-size);--awb-caption-title-transform:var(--h2_typography-text-transform);--awb-caption-title-line-height:var(--h2_typography-line-height);--awb-caption-title-letter-spacing:var(--h2_typography-letter-spacing);\"><span class=\" fusion-imageframe imageframe-none imageframe-1 hover-type-none\"><img loading=\"lazy\" decoding=\"async\" width=\"1024\" height=\"716\" title=\"Entoloma cuneatum_20160521xx_1705\" src=\"https:\/\/micologica-barakaldo.org\/wp-content\/uploads\/2019\/01\/Entoloma-cuneatum_20160521xx_1705-1024x716.jpg\" alt class=\"img-responsive wp-image-8377\" srcset=\"https:\/\/micologica-barakaldo.org\/wp-content\/uploads\/2019\/01\/Entoloma-cuneatum_20160521xx_1705-200x140.jpg 200w, https:\/\/micologica-barakaldo.org\/wp-content\/uploads\/2019\/01\/Entoloma-cuneatum_20160521xx_1705-400x280.jpg 400w, https:\/\/micologica-barakaldo.org\/wp-content\/uploads\/2019\/01\/Entoloma-cuneatum_20160521xx_1705-600x420.jpg 600w, https:\/\/micologica-barakaldo.org\/wp-content\/uploads\/2019\/01\/Entoloma-cuneatum_20160521xx_1705-800x559.jpg 800w, https:\/\/micologica-barakaldo.org\/wp-content\/uploads\/2019\/01\/Entoloma-cuneatum_20160521xx_1705.jpg 1024w\" sizes=\"auto, (max-width: 1024px) 100vw, 800px\" \/><\/span><\/div><div class=\"fusion-clearfix\"><\/div><\/div><\/div><div class=\"fusion-layout-column fusion_builder_column fusion-builder-column-2 fusion_builder_column_1_1 1_1 fusion-one-full fusion-column-first fusion-column-last\" style=\"--awb-padding-top:40px;--awb-bg-size:cover;\"><div class=\"fusion-column-wrapper fusion-flex-column-wrapper-legacy\"><div class=\"fusion-aligncenter\"><a class=\"fusion-button button-flat button-xlarge button-default fusion-button-default button-1 fusion-button-default-span fusion-button-default-type\" target=\"_self\" href=\"https:\/\/micologica-barakaldo.org\/wp-content\/uploads\/2020\/10\/Entoloma-cuneatum.pdf\"><i class=\" fa fa-file-pdf-o awb-button__icon awb-button__icon--default button-icon-left\" aria-hidden=\"true\"><\/i><span class=\"fusion-button-text awb-button__text awb-button__text--default\">VER FICHA COMPLETA<\/span><\/a><\/div><div class=\"fusion-clearfix\"><\/div><\/div><\/div><\/div><\/div>\n","protected":false},"excerpt":{"rendered":"","protected":false},"author":2,"featured_media":2496,"comment_status":"open","ping_status":"closed","sticky":false,"template":"","format":"standard","meta":{"footnotes":"","jetpack_publicize_message":"","jetpack_publicize_feature_enabled":true,"jetpack_social_post_already_shared":true,"jetpack_social_options":{"image_generator_settings":{"template":"highway","default_image_id":0,"font":"","enabled":false},"version":2}},"categories":[32,6],"tags":[],"class_list":["post-2491","post","type-post","status-publish","format-standard","has-post-thumbnail","hentry","category-fichas-micologicas-setas-e","category-fichas-micologicas"],"jetpack_publicize_connections":[],"jetpack_featured_media_url":"https:\/\/micologica-barakaldo.org\/wp-content\/uploads\/2019\/01\/Entoloma-cuneatum_20160521xx_1705.jpg","jetpack_shortlink":"https:\/\/wp.me\/p9dTSQ-Eb","_links":{"self":[{"href":"https:\/\/micologica-barakaldo.org\/eu\/wp-json\/wp\/v2\/posts\/2491","targetHints":{"allow":["GET"]}}],"collection":[{"href":"https:\/\/micologica-barakaldo.org\/eu\/wp-json\/wp\/v2\/posts"}],"about":[{"href":"https:\/\/micologica-barakaldo.org\/eu\/wp-json\/wp\/v2\/types\/post"}],"author":[{"embeddable":true,"href":"https:\/\/micologica-barakaldo.org\/eu\/wp-json\/wp\/v2\/users\/2"}],"replies":[{"embeddable":true,"href":"https:\/\/micologica-barakaldo.org\/eu\/wp-json\/wp\/v2\/comments?post=2491"}],"version-history":[{"count":3,"href":"https:\/\/micologica-barakaldo.org\/eu\/wp-json\/wp\/v2\/posts\/2491\/revisions"}],"predecessor-version":[{"id":4320,"href":"https:\/\/micologica-barakaldo.org\/eu\/wp-json\/wp\/v2\/posts\/2491\/revisions\/4320"}],"wp:featuredmedia":[{"embeddable":true,"href":"https:\/\/micologica-barakaldo.org\/eu\/wp-json\/wp\/v2\/media\/2496"}],"wp:attachment":[{"href":"https:\/\/micologica-barakaldo.org\/eu\/wp-json\/wp\/v2\/media?parent=2491"}],"wp:term":[{"taxonomy":"category","embeddable":true,"href":"https:\/\/micologica-barakaldo.org\/eu\/wp-json\/wp\/v2\/categories?post=2491"},{"taxonomy":"post_tag","embeddable":true,"href":"https:\/\/micologica-barakaldo.org\/eu\/wp-json\/wp\/v2\/tags?post=2491"}],"curies":[{"name":"wp","href":"https:\/\/api.w.org\/{rel}","templated":true}]}}