{"id":2581,"date":"2019-02-23T12:28:34","date_gmt":"2019-02-23T11:28:34","guid":{"rendered":"https:\/\/micologica-barakaldo.org\/?p=2581"},"modified":"2021-04-13T19:30:59","modified_gmt":"2021-04-13T18:30:59","slug":"cortinarius-subturbinatus","status":"publish","type":"post","link":"https:\/\/micologica-barakaldo.org\/eu\/cortinarius-subturbinatus\/","title":{"rendered":"Cortinarius amarescens"},"content":{"rendered":"<div class=\"fusion-fullwidth fullwidth-box fusion-builder-row-1 nonhundred-percent-fullwidth non-hundred-percent-height-scrolling\" style=\"--awb-border-radius-top-left:0px;--awb-border-radius-top-right:0px;--awb-border-radius-bottom-right:0px;--awb-border-radius-bottom-left:0px;--awb-padding-bottom:50px;--awb-flex-wrap:wrap;\" ><div class=\"fusion-builder-row fusion-row\"><div class=\"fusion-layout-column fusion_builder_column fusion-builder-column-0 fusion_builder_column_1_2 1_2 fusion-one-half fusion-column-first\" style=\"--awb-bg-size:cover;width:48%; margin-right: 4%;\"><div class=\"fusion-column-wrapper fusion-flex-column-wrapper-legacy\"><div class=\"fusion-text fusion-text-1\"><p style=\"text-align: justify;\"><em>Caracteres macrosc\u00f3picos<\/em>. P\u00edleo de hasta 100 mm de di\u00e1metro, primero convexo, finalmente plano convexo o con el margen algo levantado, margen enrollado, entero o un poco excedente, superficie pil\u00e9ica separable, viscosa en tiempo h\u00famedo, dulce, brillante en tiempo seco, de color ocre amarillo, amarillo naranja, amarillo p\u00e1lido, m\u00e1s claro hacia el margen. L\u00e1minas apretadas, escotado-adnatas, estrechas, de color crema blanquecino a crema ocr\u00e1ceo, arista aserrada, blanquecina. Est\u00edpite hasta 110 x 25 mm, claviforme, lleno, con bulbo ancho (hasta 35 mm), muy fibrilloso, de color blanquecino, manch\u00e1ndose de ocre amarillo en el bulbo, cortina abundante, primero blanquecina, ferruginosa en la madurez. Contexto espeso, firme, blanco, olor ligero a miel, sabor poco destacable. Reacciones macroqu\u00edmicas: KOH, marr\u00f3n-rojo en la pileipellis.<\/p>\n<p style=\"text-align: justify;\"><em>Caracteres microsc\u00f3picos<\/em>. Basidi\u00f3sporas de 10,0-12,5 x 6,0-7,0 \u00b5m \/ Q = 1,6-1,9, amigdaliformes, apiculadas, con ornamentaci\u00f3n moderada a fuerte, con verrugas poco saliente, amarillo leonado claro con KOH al 2%. Esporada pardo ferruginosa. Pileipellis filamentosa, gelificada, con hifas de hasta x8 \u00b5m, tumbadas, cil\u00edndricas, con pigmento vacuolar amarillo, fibuladas.<\/p>\n<p style=\"text-align: justify;\"><em>Ecolog\u00eda<\/em>. En verano y oto\u00f1o en bosques de frondosas (<em>Fagus<\/em> y <em>Quercus<\/em>). <em>Distribuci\u00f3n<\/em>. Poco frecuente.<\/p>\n<p style=\"text-align: justify;\"><span style=\"color: #000000;\">Citar como: Mu\u00f1oz S\u00e1nchez, J.A. \u201c<em>Cortinarius amarescens <\/em>M.M. Moser\u201d. micol\u00f3gica-barakaldo.org [en l\u00ednea]. Fichas micol\u00f3gicas, n\u00ba 302, 23\/02\/2019 [consultado el (fecha)]. Disponible en <a style=\"color: #000000;\" href=\"https:\/\/micologica-barakaldo.org\/Cortinarius-amarescens\/\">https:\/\/micologica-barakaldo.org\/Cortinarius-amarescens\/<\/a><\/span><\/p>\n<p>&nbsp;<\/p>\n<p>&nbsp;<\/p>\n<\/div><div class=\"fusion-clearfix\"><\/div><\/div><\/div><div class=\"fusion-layout-column fusion_builder_column fusion-builder-column-1 fusion_builder_column_1_2 1_2 fusion-one-half fusion-column-last\" style=\"--awb-bg-size:cover;width:48%;\"><div class=\"fusion-column-wrapper fusion-flex-column-wrapper-legacy\"><div class=\"fusion-image-element in-legacy-container\" style=\"--awb-caption-title-font-family:var(--h2_typography-font-family);--awb-caption-title-font-weight:var(--h2_typography-font-weight);--awb-caption-title-font-style:var(--h2_typography-font-style);--awb-caption-title-size:var(--h2_typography-font-size);--awb-caption-title-transform:var(--h2_typography-text-transform);--awb-caption-title-line-height:var(--h2_typography-line-height);--awb-caption-title-letter-spacing:var(--h2_typography-letter-spacing);\"><span class=\" fusion-imageframe imageframe-none imageframe-1 hover-type-none\"><img loading=\"lazy\" decoding=\"async\" width=\"1024\" height=\"723\" title=\"Cortinarius amarescens_20181202_4114\" src=\"https:\/\/micologica-barakaldo.org\/wp-content\/uploads\/2021\/04\/Cortinarius-amarescens_20181202_4114.jpg\" alt class=\"img-responsive wp-image-9178\" srcset=\"https:\/\/micologica-barakaldo.org\/wp-content\/uploads\/2021\/04\/Cortinarius-amarescens_20181202_4114-200x141.jpg 200w, https:\/\/micologica-barakaldo.org\/wp-content\/uploads\/2021\/04\/Cortinarius-amarescens_20181202_4114-400x282.jpg 400w, https:\/\/micologica-barakaldo.org\/wp-content\/uploads\/2021\/04\/Cortinarius-amarescens_20181202_4114-600x424.jpg 600w, https:\/\/micologica-barakaldo.org\/wp-content\/uploads\/2021\/04\/Cortinarius-amarescens_20181202_4114-800x565.jpg 800w, https:\/\/micologica-barakaldo.org\/wp-content\/uploads\/2021\/04\/Cortinarius-amarescens_20181202_4114.jpg 1024w\" sizes=\"auto, (max-width: 1024px) 100vw, 800px\" \/><\/span><\/div><div class=\"fusion-clearfix\"><\/div><\/div><\/div><div class=\"fusion-layout-column fusion_builder_column fusion-builder-column-2 fusion_builder_column_1_1 1_1 fusion-one-full fusion-column-first fusion-column-last\" style=\"--awb-padding-top:40px;--awb-bg-size:cover;\"><div class=\"fusion-column-wrapper fusion-flex-column-wrapper-legacy\"><div class=\"fusion-aligncenter\"><a class=\"fusion-button button-flat button-xlarge button-default fusion-button-default button-1 fusion-button-default-span fusion-button-default-type\" target=\"_self\" href=\"https:\/\/micologica-barakaldo.org\/wp-content\/uploads\/2021\/04\/Cortinarius-amarescens.pdf\"><i class=\"fa-file-pdf far awb-button__icon awb-button__icon--default button-icon-left\" aria-hidden=\"true\"><\/i><span class=\"fusion-button-text awb-button__text awb-button__text--default\">VER FICHA COMPLETA<\/span><\/a><\/div><div class=\"fusion-clearfix\"><\/div><\/div><\/div><\/div><\/div>\n","protected":false},"excerpt":{"rendered":"","protected":false},"author":2,"featured_media":5430,"comment_status":"open","ping_status":"closed","sticky":false,"template":"","format":"standard","meta":{"footnotes":"","jetpack_publicize_message":"","jetpack_publicize_feature_enabled":true,"jetpack_social_post_already_shared":true,"jetpack_social_options":{"image_generator_settings":{"template":"highway","default_image_id":0,"font":"","enabled":false},"version":2}},"categories":[30,6],"tags":[],"class_list":["post-2581","post","type-post","status-publish","format-standard","has-post-thumbnail","hentry","category-fichas-micologicas-setas-c","category-fichas-micologicas"],"jetpack_publicize_connections":[],"jetpack_featured_media_url":"https:\/\/micologica-barakaldo.org\/wp-content\/uploads\/2021\/04\/Cortinarius-amarescens_20181202_4114.jpg","jetpack_shortlink":"https:\/\/wp.me\/p9dTSQ-FD","_links":{"self":[{"href":"https:\/\/micologica-barakaldo.org\/eu\/wp-json\/wp\/v2\/posts\/2581","targetHints":{"allow":["GET"]}}],"collection":[{"href":"https:\/\/micologica-barakaldo.org\/eu\/wp-json\/wp\/v2\/posts"}],"about":[{"href":"https:\/\/micologica-barakaldo.org\/eu\/wp-json\/wp\/v2\/types\/post"}],"author":[{"embeddable":true,"href":"https:\/\/micologica-barakaldo.org\/eu\/wp-json\/wp\/v2\/users\/2"}],"replies":[{"embeddable":true,"href":"https:\/\/micologica-barakaldo.org\/eu\/wp-json\/wp\/v2\/comments?post=2581"}],"version-history":[{"count":4,"href":"https:\/\/micologica-barakaldo.org\/eu\/wp-json\/wp\/v2\/posts\/2581\/revisions"}],"predecessor-version":[{"id":5432,"href":"https:\/\/micologica-barakaldo.org\/eu\/wp-json\/wp\/v2\/posts\/2581\/revisions\/5432"}],"wp:featuredmedia":[{"embeddable":true,"href":"https:\/\/micologica-barakaldo.org\/eu\/wp-json\/wp\/v2\/media\/5430"}],"wp:attachment":[{"href":"https:\/\/micologica-barakaldo.org\/eu\/wp-json\/wp\/v2\/media?parent=2581"}],"wp:term":[{"taxonomy":"category","embeddable":true,"href":"https:\/\/micologica-barakaldo.org\/eu\/wp-json\/wp\/v2\/categories?post=2581"},{"taxonomy":"post_tag","embeddable":true,"href":"https:\/\/micologica-barakaldo.org\/eu\/wp-json\/wp\/v2\/tags?post=2581"}],"curies":[{"name":"wp","href":"https:\/\/api.w.org\/{rel}","templated":true}]}}