{"id":2645,"date":"2019-03-12T19:17:35","date_gmt":"2019-03-12T18:17:35","guid":{"rendered":"https:\/\/micologica-barakaldo.org\/?p=2645"},"modified":"2021-04-16T21:14:28","modified_gmt":"2021-04-16T20:14:28","slug":"gyromitra-perlata","status":"publish","type":"post","link":"https:\/\/micologica-barakaldo.org\/eu\/gyromitra-perlata\/","title":{"rendered":"Gyromitra perlata"},"content":{"rendered":"<div class=\"fusion-fullwidth fullwidth-box fusion-builder-row-1 nonhundred-percent-fullwidth non-hundred-percent-height-scrolling\" style=\"--awb-border-radius-top-left:0px;--awb-border-radius-top-right:0px;--awb-border-radius-bottom-right:0px;--awb-border-radius-bottom-left:0px;--awb-padding-bottom:50px;--awb-flex-wrap:wrap;\" ><div class=\"fusion-builder-row fusion-row\"><div class=\"fusion-layout-column fusion_builder_column fusion-builder-column-0 fusion_builder_column_1_2 1_2 fusion-one-half fusion-column-first\" style=\"--awb-bg-size:cover;width:48%; margin-right: 4%;\"><div class=\"fusion-column-wrapper fusion-flex-column-wrapper-legacy\"><div class=\"fusion-text fusion-text-1\"><p>\u2261 <em>Peziza perlata<\/em> Fr., Systema Mycologicum 2: 43 (1822)<\/p>\n<p>\u2261 <em>Discina perlata<\/em> (Fr.) Fr., Summa vegetabilium Scandinaviae 2: 348 (1849)\u00a0<\/p>\n<p style=\"text-align: justify;\"><em>Caracteres macrosc\u00f3picos<\/em>. Ascomas en forma de copa hasta 150mm de di\u00e1metro cuando est\u00e1 completamente expandido, con el borde ondulado e incurvado. Superficie f\u00e9rtil, irregularmente rugosa o venosa; de color pardo rojizo, pardo marr\u00f3n o marr\u00f3n ocre, m\u00e1s p\u00e1lido en tiempo seco. Cara externa lisa, de color blanco crema en tiempo seco, marr\u00f3n rojizo p\u00e1lido en tiempo h\u00famedo. Est\u00edpite muy reducido como m\u00e1ximo de hasta 30 x 20 mm, rugoso, concolor a la cara externa. Contexto muy quebradizo, de hasta 3 mm de espesor; olor y sabor poco destacable.<\/p>\n<p style=\"text-align: justify;\"><em>Caracteres microsc\u00f3picos<\/em>. Ascosporas de 25-32 x 12-15 \u00b5m, Q = 2,0 &#8211; 2,7; el\u00edpticas, con gruesos ap\u00e9ndices c\u00f3nicos en los extremos, hialinas, con una a tres gotas oleosas en su interior, en la madurez verrugosas y finamente reticuladas. Ascas de hasta 380 x 20 \u00b5m, cil\u00edndrico-clavadas, octosporadas, uniseriadas. Par\u00e1fisis de hasta x 10 \u00b5m, septados, cil\u00edndricos, claviformes en el \u00e1pice, aislados o ramificados desde la base, con pigmento granuloso marr\u00f3n.<\/p>\n<p style=\"text-align: justify;\"><em>Ecolog\u00eda<\/em>. En primavera, sobre restos muy degradados de madera, semienterrados o no, sobre todo de con\u00edferas (<em>Abies<\/em> y <em>Pinus<\/em>), en monta\u00f1a. Distribuci\u00f3n, muy rara, restringida en la pen\u00ednsula a los sistemas monta\u00f1osos.<\/p>\n<p style=\"text-align: justify;\"><span style=\"color: #000000;\">Citar como: Mu\u00f1oz S\u00e1nchez, J.A. \u201c<em>Gyromitra perlata <\/em>(Fr.) Harmaja\u201d. micol\u00f3gica-barakaldo.org [en l\u00ednea]. Fichas micol\u00f3gicas, n\u00ba 311, 12\/03\/2019 [consultado el (fecha)]. Disponible en <a style=\"color: #000000;\" href=\"https:\/\/micologica-barakaldo.org\/Gyromitra-perlata\/\">https:\/\/micologica-barakaldo.org\/Gyromitra-perlata\/<\/a><\/span><\/p>\n<p>&nbsp;<\/p>\n<\/div><div class=\"fusion-clearfix\"><\/div><\/div><\/div><div class=\"fusion-layout-column fusion_builder_column fusion-builder-column-1 fusion_builder_column_1_2 1_2 fusion-one-half fusion-column-last\" style=\"--awb-bg-size:cover;width:48%;\"><div class=\"fusion-column-wrapper fusion-flex-column-wrapper-legacy\"><div class=\"fusion-image-element in-legacy-container\" style=\"--awb-caption-title-font-family:var(--h2_typography-font-family);--awb-caption-title-font-weight:var(--h2_typography-font-weight);--awb-caption-title-font-style:var(--h2_typography-font-style);--awb-caption-title-size:var(--h2_typography-font-size);--awb-caption-title-transform:var(--h2_typography-text-transform);--awb-caption-title-line-height:var(--h2_typography-line-height);--awb-caption-title-letter-spacing:var(--h2_typography-letter-spacing);\"><span class=\" fusion-imageframe imageframe-none imageframe-1 hover-type-none\"><img loading=\"lazy\" decoding=\"async\" width=\"1024\" height=\"705\" title=\"Gyromitra perlata_2018051202_3418\" src=\"https:\/\/micologica-barakaldo.org\/wp-content\/uploads\/2019\/03\/Gyromitra-perlata_2018051202_3418-1024x705.jpg\" alt class=\"img-responsive wp-image-8412\" srcset=\"https:\/\/micologica-barakaldo.org\/wp-content\/uploads\/2019\/03\/Gyromitra-perlata_2018051202_3418-200x138.jpg 200w, https:\/\/micologica-barakaldo.org\/wp-content\/uploads\/2019\/03\/Gyromitra-perlata_2018051202_3418-400x275.jpg 400w, https:\/\/micologica-barakaldo.org\/wp-content\/uploads\/2019\/03\/Gyromitra-perlata_2018051202_3418-600x413.jpg 600w, https:\/\/micologica-barakaldo.org\/wp-content\/uploads\/2019\/03\/Gyromitra-perlata_2018051202_3418-800x551.jpg 800w, https:\/\/micologica-barakaldo.org\/wp-content\/uploads\/2019\/03\/Gyromitra-perlata_2018051202_3418.jpg 1024w\" sizes=\"auto, (max-width: 1024px) 100vw, 800px\" \/><\/span><\/div><div class=\"fusion-clearfix\"><\/div><\/div><\/div><div class=\"fusion-layout-column fusion_builder_column fusion-builder-column-2 fusion_builder_column_1_1 1_1 fusion-one-full fusion-column-first fusion-column-last\" style=\"--awb-padding-top:40px;--awb-bg-size:cover;\"><div class=\"fusion-column-wrapper fusion-flex-column-wrapper-legacy\"><div class=\"fusion-aligncenter\"><a class=\"fusion-button button-flat button-xlarge button-default fusion-button-default button-1 fusion-button-default-span fusion-button-default-type\" target=\"_self\" href=\"https:\/\/micologica-barakaldo.org\/wp-content\/uploads\/2021\/04\/Gyromitra-perlata.pdf\"><i class=\"fa-file-pdf far awb-button__icon awb-button__icon--default button-icon-left\" aria-hidden=\"true\"><\/i><span class=\"fusion-button-text awb-button__text awb-button__text--default\">VER FICHA COMPLETA<\/span><\/a><\/div><div class=\"fusion-clearfix\"><\/div><\/div><\/div><\/div><\/div>\n","protected":false},"excerpt":{"rendered":"","protected":false},"author":2,"featured_media":2644,"comment_status":"open","ping_status":"closed","sticky":false,"template":"","format":"standard","meta":{"footnotes":"","jetpack_publicize_message":"","jetpack_publicize_feature_enabled":true,"jetpack_social_post_already_shared":true,"jetpack_social_options":{"image_generator_settings":{"template":"highway","default_image_id":0,"font":"","enabled":false},"version":2}},"categories":[6,34],"tags":[],"class_list":["post-2645","post","type-post","status-publish","format-standard","has-post-thumbnail","hentry","category-fichas-micologicas","category-fichas-micologicas-setas-g"],"jetpack_publicize_connections":[],"jetpack_featured_media_url":"https:\/\/micologica-barakaldo.org\/wp-content\/uploads\/2019\/03\/Gyromitra-perlata_2018051202_3418.jpg","jetpack_shortlink":"https:\/\/wp.me\/p9dTSQ-GF","_links":{"self":[{"href":"https:\/\/micologica-barakaldo.org\/eu\/wp-json\/wp\/v2\/posts\/2645","targetHints":{"allow":["GET"]}}],"collection":[{"href":"https:\/\/micologica-barakaldo.org\/eu\/wp-json\/wp\/v2\/posts"}],"about":[{"href":"https:\/\/micologica-barakaldo.org\/eu\/wp-json\/wp\/v2\/types\/post"}],"author":[{"embeddable":true,"href":"https:\/\/micologica-barakaldo.org\/eu\/wp-json\/wp\/v2\/users\/2"}],"replies":[{"embeddable":true,"href":"https:\/\/micologica-barakaldo.org\/eu\/wp-json\/wp\/v2\/comments?post=2645"}],"version-history":[{"count":2,"href":"https:\/\/micologica-barakaldo.org\/eu\/wp-json\/wp\/v2\/posts\/2645\/revisions"}],"predecessor-version":[{"id":5469,"href":"https:\/\/micologica-barakaldo.org\/eu\/wp-json\/wp\/v2\/posts\/2645\/revisions\/5469"}],"wp:featuredmedia":[{"embeddable":true,"href":"https:\/\/micologica-barakaldo.org\/eu\/wp-json\/wp\/v2\/media\/2644"}],"wp:attachment":[{"href":"https:\/\/micologica-barakaldo.org\/eu\/wp-json\/wp\/v2\/media?parent=2645"}],"wp:term":[{"taxonomy":"category","embeddable":true,"href":"https:\/\/micologica-barakaldo.org\/eu\/wp-json\/wp\/v2\/categories?post=2645"},{"taxonomy":"post_tag","embeddable":true,"href":"https:\/\/micologica-barakaldo.org\/eu\/wp-json\/wp\/v2\/tags?post=2645"}],"curies":[{"name":"wp","href":"https:\/\/api.w.org\/{rel}","templated":true}]}}