{"id":2751,"date":"2019-04-22T17:04:21","date_gmt":"2019-04-22T16:04:21","guid":{"rendered":"https:\/\/micologica-barakaldo.org\/?p=2751"},"modified":"2021-04-13T22:35:16","modified_gmt":"2021-04-13T21:35:16","slug":"mycenitis-scorodonius","status":"publish","type":"post","link":"https:\/\/micologica-barakaldo.org\/eu\/mycenitis-scorodonius\/","title":{"rendered":"Mycenitis scorodonius"},"content":{"rendered":"<div class=\"fusion-fullwidth fullwidth-box fusion-builder-row-1 nonhundred-percent-fullwidth non-hundred-percent-height-scrolling\" style=\"--awb-border-radius-top-left:0px;--awb-border-radius-top-right:0px;--awb-border-radius-bottom-right:0px;--awb-border-radius-bottom-left:0px;--awb-padding-bottom:50px;--awb-flex-wrap:wrap;\" ><div class=\"fusion-builder-row fusion-row\"><div class=\"fusion-layout-column fusion_builder_column fusion-builder-column-0 fusion_builder_column_1_2 1_2 fusion-one-half fusion-column-first\" style=\"--awb-bg-size:cover;width:48%; margin-right: 4%;\"><div class=\"fusion-column-wrapper fusion-flex-column-wrapper-legacy\"><div class=\"fusion-text fusion-text-1\"><p style=\"text-align: justify;\"><span style=\"color: #000000;\">\u2261<em>Gymnopus scorodonius\u00a0<\/em>(Fr.) J.L. Mata &amp; R.H. Petersen, <em>in<\/em> Mata, Hughes &amp; Petersen,\u00a0Mycoscience\u00a045(3): 221 (2004)<\/span><\/p>\n<p style=\"text-align: justify;\"><span style=\"color: #000000;\">\u2261<em>Marasmius scorodonius\u00a0<\/em>(Fr.) Fr.,\u00a0Anteckn. Sver. \u00c4tl. Svamp<em>.<\/em>: 53 (1836)<\/span><\/p>\n<p style=\"text-align: justify;\"><span style=\"color: #000000;\"><em>Caracteres<\/em> <em>macrosc\u00f3picos.<\/em> P\u00edleo de hasta 20 mm de di\u00e1metro, primero convexo, despu\u00e9s plano convexo a extendido, incluso un poco deprimido al centro, margen agudo, delgado, ondulado, superficie pil\u00e9ica mate, lisa o un poco arrugada, de color ocre rosado, crema ocr\u00e1ceo, d\u00e9bilmente higr\u00f3fano, blanquecino en la madurez y en tiempo seco. L\u00e1minas muy espaciadas, estrechas, desiguales, ventricosas, adnatas redondeadas, de color blanquecino a crema, arista floconosa, concolor. Est\u00edpite de hasta 60 x 2 mm, cil\u00edndrico, fistuloso, liso, cartilaginoso, tenaz, de color rojizo marr\u00f3n, rojizo marr\u00f3n negruzco hacia la base. C0ntexto membranosa, tenaz, blanquecina, olor neto de ajo, sabor ligero a ajo.<\/span><\/p>\n<p style=\"text-align: justify;\"><span style=\"color: #000000;\"><em>Caracteres microsc\u00f3picos<\/em>. Basidi\u00f3sporas de 6,5-9,5 x 3,0-4,5 \u00b5m \/ Q = 1,8-2,5, el\u00edpticas, lacrimoides, lisas, gutuladas. Esporada blanquecina. Basidios de hasta 40 x 7 \u00b5m, claviformes o subclaviformes, tetrasp\u00f3ricos, juntas con f\u00edbulas. Queilocistidios de hasta 40 x 7 \u00b5m, claviformes, irregularmente coralloides, con ramificaciones en general cortas. Pleurocistidios no observados. Pileipellis himeniforme, formada por elementos globosos o piriformes, lisos, de hasta 40 x 25 \u00b5m, pigmento intracelular marr\u00f3n.<\/span><\/p>\n<p style=\"text-align: justify;\"><span style=\"color: #000000;\">Ecolog\u00eda. En verano y oto\u00f1o en peque\u00f1os grupos o aislados, sobre madera o restos vegetales en descomposici\u00f3n, principalmente con con\u00edferas (<em>Pinus<\/em> y <em>Picea<\/em>), m\u00e1s raramente con frondosas (<em>Quercus<\/em> y <em>Fagus<\/em>).\u00a0 <em>Distribuci\u00f3n.<\/em> \u00a0Poco frecuente. <\/span><\/p>\n<p style=\"text-align: justify;\"><span style=\"color: #000000;\">Citar como: Mu\u00f1oz S\u00e1nchez, J.A. \u201c<em>Mycetinis scorodonius\u00a0<\/em>(Fr.) A.W. Wilson &amp; Desjardin\u201d. micol\u00f3gica-barakaldo.org [en l\u00ednea]. Fichas micol\u00f3gicas, n\u00ba 331, 22\/04\/2019 [consultado el (fecha)]. Disponible en <a style=\"color: #000000;\" href=\"https:\/\/micologica-barakaldo.org\/Mycenitis-scorodonius\/\">https:\/\/micologica-barakaldo.org\/Mycenitis-scorodonius\/<\/a><\/span><\/p>\n<\/div><div class=\"fusion-clearfix\"><\/div><\/div><\/div><div class=\"fusion-layout-column fusion_builder_column fusion-builder-column-1 fusion_builder_column_1_2 1_2 fusion-one-half fusion-column-last\" style=\"--awb-bg-size:cover;width:48%;\"><div class=\"fusion-column-wrapper fusion-flex-column-wrapper-legacy\"><div class=\"fusion-image-element in-legacy-container\" style=\"--awb-caption-title-font-family:var(--h2_typography-font-family);--awb-caption-title-font-weight:var(--h2_typography-font-weight);--awb-caption-title-font-style:var(--h2_typography-font-style);--awb-caption-title-size:var(--h2_typography-font-size);--awb-caption-title-transform:var(--h2_typography-text-transform);--awb-caption-title-line-height:var(--h2_typography-line-height);--awb-caption-title-letter-spacing:var(--h2_typography-letter-spacing);\"><span class=\" fusion-imageframe imageframe-none imageframe-1 hover-type-none\"><img loading=\"lazy\" decoding=\"async\" width=\"1024\" height=\"759\" title=\"Mycenitis scorodonius_20160625_2573\" src=\"https:\/\/micologica-barakaldo.org\/wp-content\/uploads\/2019\/04\/Mycenitis-scorodonius_20160625_2573-1024x759.jpg\" alt class=\"img-responsive wp-image-8436\" srcset=\"https:\/\/micologica-barakaldo.org\/wp-content\/uploads\/2019\/04\/Mycenitis-scorodonius_20160625_2573-200x148.jpg 200w, https:\/\/micologica-barakaldo.org\/wp-content\/uploads\/2019\/04\/Mycenitis-scorodonius_20160625_2573-400x296.jpg 400w, https:\/\/micologica-barakaldo.org\/wp-content\/uploads\/2019\/04\/Mycenitis-scorodonius_20160625_2573-600x445.jpg 600w, https:\/\/micologica-barakaldo.org\/wp-content\/uploads\/2019\/04\/Mycenitis-scorodonius_20160625_2573-800x593.jpg 800w, https:\/\/micologica-barakaldo.org\/wp-content\/uploads\/2019\/04\/Mycenitis-scorodonius_20160625_2573.jpg 1024w\" sizes=\"auto, (max-width: 1024px) 100vw, 800px\" \/><\/span><\/div><div class=\"fusion-clearfix\"><\/div><\/div><\/div><div class=\"fusion-layout-column fusion_builder_column fusion-builder-column-2 fusion_builder_column_1_1 1_1 fusion-one-full fusion-column-first fusion-column-last\" style=\"--awb-padding-top:40px;--awb-bg-size:cover;\"><div class=\"fusion-column-wrapper fusion-flex-column-wrapper-legacy\"><div class=\"fusion-aligncenter\"><a class=\"fusion-button button-flat button-xlarge button-default fusion-button-default button-1 fusion-button-default-span fusion-button-default-type\" target=\"_self\" href=\"https:\/\/micologica-barakaldo.org\/wp-content\/uploads\/2021\/04\/Mycenitis-scorodonius.pdf\"><i class=\"fa-file-pdf far awb-button__icon awb-button__icon--default button-icon-left\" aria-hidden=\"true\"><\/i><span class=\"fusion-button-text awb-button__text awb-button__text--default\">VER FICHA COMPLETA<\/span><\/a><\/div><div class=\"fusion-clearfix\"><\/div><\/div><\/div><\/div><\/div>\n","protected":false},"excerpt":{"rendered":"","protected":false},"author":2,"featured_media":2753,"comment_status":"open","ping_status":"closed","sticky":false,"template":"","format":"standard","meta":{"footnotes":"","jetpack_publicize_message":"","jetpack_publicize_feature_enabled":true,"jetpack_social_post_already_shared":true,"jetpack_social_options":{"image_generator_settings":{"template":"highway","default_image_id":0,"font":"","enabled":false},"version":2}},"categories":[6,40],"tags":[],"class_list":["post-2751","post","type-post","status-publish","format-standard","has-post-thumbnail","hentry","category-fichas-micologicas","category-fichas-micologicas-setas-m"],"jetpack_publicize_connections":[],"jetpack_featured_media_url":"https:\/\/micologica-barakaldo.org\/wp-content\/uploads\/2019\/04\/Mycenitis-scorodonius_20160625_2573.jpg","jetpack_shortlink":"https:\/\/wp.me\/p9dTSQ-In","_links":{"self":[{"href":"https:\/\/micologica-barakaldo.org\/eu\/wp-json\/wp\/v2\/posts\/2751","targetHints":{"allow":["GET"]}}],"collection":[{"href":"https:\/\/micologica-barakaldo.org\/eu\/wp-json\/wp\/v2\/posts"}],"about":[{"href":"https:\/\/micologica-barakaldo.org\/eu\/wp-json\/wp\/v2\/types\/post"}],"author":[{"embeddable":true,"href":"https:\/\/micologica-barakaldo.org\/eu\/wp-json\/wp\/v2\/users\/2"}],"replies":[{"embeddable":true,"href":"https:\/\/micologica-barakaldo.org\/eu\/wp-json\/wp\/v2\/comments?post=2751"}],"version-history":[{"count":3,"href":"https:\/\/micologica-barakaldo.org\/eu\/wp-json\/wp\/v2\/posts\/2751\/revisions"}],"predecessor-version":[{"id":5438,"href":"https:\/\/micologica-barakaldo.org\/eu\/wp-json\/wp\/v2\/posts\/2751\/revisions\/5438"}],"wp:featuredmedia":[{"embeddable":true,"href":"https:\/\/micologica-barakaldo.org\/eu\/wp-json\/wp\/v2\/media\/2753"}],"wp:attachment":[{"href":"https:\/\/micologica-barakaldo.org\/eu\/wp-json\/wp\/v2\/media?parent=2751"}],"wp:term":[{"taxonomy":"category","embeddable":true,"href":"https:\/\/micologica-barakaldo.org\/eu\/wp-json\/wp\/v2\/categories?post=2751"},{"taxonomy":"post_tag","embeddable":true,"href":"https:\/\/micologica-barakaldo.org\/eu\/wp-json\/wp\/v2\/tags?post=2751"}],"curies":[{"name":"wp","href":"https:\/\/api.w.org\/{rel}","templated":true}]}}