{"id":2770,"date":"2019-05-01T18:26:20","date_gmt":"2019-05-01T17:26:20","guid":{"rendered":"https:\/\/micologica-barakaldo.org\/?p=2770"},"modified":"2019-05-02T19:07:03","modified_gmt":"2019-05-02T18:07:03","slug":"temporada-de-setas-mayo-2019","status":"publish","type":"post","link":"https:\/\/micologica-barakaldo.org\/eu\/temporada-de-setas-mayo-2019\/","title":{"rendered":"Temporada de setas: MAYO 2019"},"content":{"rendered":"<p>Abril no ha sido el mes de las aguas mil. La verdad es que ha sido bastante irregular: fuertes vientos, en muchos casos del sur, que secan los campos y bosques, importantes nevadas primaverales, como en la Cornisa Cant\u00e1brica, Pirineos y Sistema Central, y por \u00faltimo, intensas lluvias en algunas zonas. Tras abril, la previsi\u00f3n ya habla de subida generalizada de las temperaturas y pocas lluvias, al menos en los primeros d\u00edas del mes, por lo que veremos lo que da de s\u00ed mayo, mes en el que la naturaleza se prepara para el verano.<\/p>\n<p>Durante mayo, todav\u00eda podremos recolectar Colmenillas o Cagarrias (<em>Morchella sp<\/em>.), pero cada vez en zonas m\u00e1s altas, en bosques de monta\u00f1a. Tambi\u00e9n en estos biotopos, especialmente en bosques de abetos y pino silvestre, encontraremos las \u00faltimas Setas de ardillas (<em>Hygrophorus marzuolus<\/em>) de la temporada.<\/p>\n<p>Pero sin duda, en este primaveral mes, hay que destacar la aparici\u00f3n de setas en las praderas de media monta\u00f1a y p\u00e1ramos. El Perretxiko, Zuza o Seta de San Jorge (<em>Calocybe gambosa<\/em>), durante este mes, fructifica de forma abundante en zonas a partir de 800m. Le acompa\u00f1a la senderuela (<em>Marasmius oreades<\/em>), formando grandes corros en los prados, antes de que la hierba crezca de forma acelerada. Tambi\u00e9n en los p\u00e1ramos castellanos, podremos tener un brote interesante de la Seta de Cardo (<em>Pleurotus eryngii<\/em>) y Seta de ca\u00f1a (<em>Pleurotus nebrodensis<\/em>). Tambi\u00e9n en estos prados y p\u00e1ramos de altura se produce una peque\u00f1a explosi\u00f3n de <em>Agaricus<\/em> o champi\u00f1ones primaverales, entre los que encontramos: <em>Agaricus crocodilinus, A. litoralis, A. pampeanus, A. bitorquis, A. arvensis <\/em>y <em>A. sylvicola, <\/em>todos ellos comestibles<em>.<\/em><\/p>\n<p><img loading=\"lazy\" decoding=\"async\" class=\" wp-image-2772 aligncenter\" src=\"https:\/\/micologica-barakaldo.org\/wp-content\/uploads\/2019\/05\/Agaricus-litoralis_20111126_511-300x225.jpg\" alt=\"\" width=\"421\" height=\"316\" srcset=\"https:\/\/micologica-barakaldo.org\/wp-content\/uploads\/2019\/05\/Agaricus-litoralis_20111126_511-200x150.jpg 200w, https:\/\/micologica-barakaldo.org\/wp-content\/uploads\/2019\/05\/Agaricus-litoralis_20111126_511-300x225.jpg 300w, https:\/\/micologica-barakaldo.org\/wp-content\/uploads\/2019\/05\/Agaricus-litoralis_20111126_511-400x300.jpg 400w, https:\/\/micologica-barakaldo.org\/wp-content\/uploads\/2019\/05\/Agaricus-litoralis_20111126_511-600x451.jpg 600w, https:\/\/micologica-barakaldo.org\/wp-content\/uploads\/2019\/05\/Agaricus-litoralis_20111126_511-768x577.jpg 768w, https:\/\/micologica-barakaldo.org\/wp-content\/uploads\/2019\/05\/Agaricus-litoralis_20111126_511-800x601.jpg 800w, https:\/\/micologica-barakaldo.org\/wp-content\/uploads\/2019\/05\/Agaricus-litoralis_20111126_511.jpg 1024w\" sizes=\"auto, (max-width: 421px) 100vw, 421px\" \/><\/p>\n<p><img loading=\"lazy\" decoding=\"async\" class=\" wp-image-2771 aligncenter\" src=\"https:\/\/micologica-barakaldo.org\/wp-content\/uploads\/2019\/05\/Agaricus-crocodilinus_20030603003-300x225.jpg\" alt=\"\" width=\"412\" height=\"309\" srcset=\"https:\/\/micologica-barakaldo.org\/wp-content\/uploads\/2019\/05\/Agaricus-crocodilinus_20030603003-200x150.jpg 200w, https:\/\/micologica-barakaldo.org\/wp-content\/uploads\/2019\/05\/Agaricus-crocodilinus_20030603003-300x225.jpg 300w, https:\/\/micologica-barakaldo.org\/wp-content\/uploads\/2019\/05\/Agaricus-crocodilinus_20030603003-400x300.jpg 400w, https:\/\/micologica-barakaldo.org\/wp-content\/uploads\/2019\/05\/Agaricus-crocodilinus_20030603003-600x450.jpg 600w, https:\/\/micologica-barakaldo.org\/wp-content\/uploads\/2019\/05\/Agaricus-crocodilinus_20030603003-768x576.jpg 768w, https:\/\/micologica-barakaldo.org\/wp-content\/uploads\/2019\/05\/Agaricus-crocodilinus_20030603003-800x600.jpg 800w, https:\/\/micologica-barakaldo.org\/wp-content\/uploads\/2019\/05\/Agaricus-crocodilinus_20030603003.jpg 1024w\" sizes=\"auto, (max-width: 412px) 100vw, 412px\" \/><\/p>\n<p>Si las temperaturas no son demasiado bajas, en los bosques ya puede iniciarse algo de actividad. Entre las especies m\u00e1s precoces en pinares y bosques de frondosas, encontramos <em>Boletus pinophilus<\/em>. Tambi\u00e9n en robledales y hayedos templados brotan los primeros <em>Boletus reticulatus<\/em> (= <em>B. aestivalis<\/em>).<\/p>\n<p><img loading=\"lazy\" decoding=\"async\" class=\" wp-image-2774 aligncenter\" src=\"https:\/\/micologica-barakaldo.org\/wp-content\/uploads\/2019\/05\/Boletus-pinophilus_20110518_33-255x300.jpg\" alt=\"\" width=\"392\" height=\"461\" srcset=\"https:\/\/micologica-barakaldo.org\/wp-content\/uploads\/2019\/05\/Boletus-pinophilus_20110518_33-200x235.jpg 200w, https:\/\/micologica-barakaldo.org\/wp-content\/uploads\/2019\/05\/Boletus-pinophilus_20110518_33-255x300.jpg 255w, https:\/\/micologica-barakaldo.org\/wp-content\/uploads\/2019\/05\/Boletus-pinophilus_20110518_33-400x470.jpg 400w, https:\/\/micologica-barakaldo.org\/wp-content\/uploads\/2019\/05\/Boletus-pinophilus_20110518_33-600x705.jpg 600w, https:\/\/micologica-barakaldo.org\/wp-content\/uploads\/2019\/05\/Boletus-pinophilus_20110518_33-768x903.jpg 768w, https:\/\/micologica-barakaldo.org\/wp-content\/uploads\/2019\/05\/Boletus-pinophilus_20110518_33-800x941.jpg 800w, https:\/\/micologica-barakaldo.org\/wp-content\/uploads\/2019\/05\/Boletus-pinophilus_20110518_33.jpg 871w\" sizes=\"auto, (max-width: 392px) 100vw, 392px\" \/><\/p>\n<p>Adem\u00e1s, en estos bosques frondosos, podemos localizar las primeras Carboneras o Urretxas (<em>Russula cyanoxantha<\/em>) y, sobre todo, la precoz <em>Russula vesca<\/em>. Las distintas especies de <em>Cantharellus<\/em> (<em>C. pallens<\/em> y <em>C. cibarius<\/em>) empiezan tambi\u00e9n a destacar entre el verde musgo. Por \u00faltimo, otra especie que adem\u00e1s de oto\u00f1o brota con cierta abundancia en primavera es <em>Amanita rubescens<\/em> (Amanita vinosa, Ardotsu o Galanperna Galdakanesa). La podemos encontrar en pinares, robledales y hayedos.<\/p>\n<p><img loading=\"lazy\" decoding=\"async\" class=\" wp-image-2773 aligncenter\" src=\"https:\/\/micologica-barakaldo.org\/wp-content\/uploads\/2019\/05\/Amanita-rubescens_20061028_001-300x248.jpg\" alt=\"\" width=\"384\" height=\"318\" srcset=\"https:\/\/micologica-barakaldo.org\/wp-content\/uploads\/2019\/05\/Amanita-rubescens_20061028_001-200x165.jpg 200w, https:\/\/micologica-barakaldo.org\/wp-content\/uploads\/2019\/05\/Amanita-rubescens_20061028_001-300x248.jpg 300w, https:\/\/micologica-barakaldo.org\/wp-content\/uploads\/2019\/05\/Amanita-rubescens_20061028_001-400x330.jpg 400w, https:\/\/micologica-barakaldo.org\/wp-content\/uploads\/2019\/05\/Amanita-rubescens_20061028_001-600x496.jpg 600w, https:\/\/micologica-barakaldo.org\/wp-content\/uploads\/2019\/05\/Amanita-rubescens_20061028_001-768x635.jpg 768w, https:\/\/micologica-barakaldo.org\/wp-content\/uploads\/2019\/05\/Amanita-rubescens_20061028_001-800x661.jpg 800w, https:\/\/micologica-barakaldo.org\/wp-content\/uploads\/2019\/05\/Amanita-rubescens_20061028_001.jpg 1024w\" sizes=\"auto, (max-width: 384px) 100vw, 384px\" \/><\/p>\n<p><img loading=\"lazy\" decoding=\"async\" class=\" wp-image-2775 aligncenter\" src=\"https:\/\/micologica-barakaldo.org\/wp-content\/uploads\/2019\/05\/Cantharellus-cibarius_20120525_4776-300x213.jpg\" alt=\"\" width=\"379\" height=\"269\" srcset=\"https:\/\/micologica-barakaldo.org\/wp-content\/uploads\/2019\/05\/Cantharellus-cibarius_20120525_4776-200x142.jpg 200w, https:\/\/micologica-barakaldo.org\/wp-content\/uploads\/2019\/05\/Cantharellus-cibarius_20120525_4776-300x214.jpg 300w, https:\/\/micologica-barakaldo.org\/wp-content\/uploads\/2019\/05\/Cantharellus-cibarius_20120525_4776-400x284.jpg 400w, https:\/\/micologica-barakaldo.org\/wp-content\/uploads\/2019\/05\/Cantharellus-cibarius_20120525_4776-600x427.jpg 600w, https:\/\/micologica-barakaldo.org\/wp-content\/uploads\/2019\/05\/Cantharellus-cibarius_20120525_4776-768x546.jpg 768w, https:\/\/micologica-barakaldo.org\/wp-content\/uploads\/2019\/05\/Cantharellus-cibarius_20120525_4776-800x569.jpg 800w, https:\/\/micologica-barakaldo.org\/wp-content\/uploads\/2019\/05\/Cantharellus-cibarius_20120525_4776.jpg 1024w\" sizes=\"auto, (max-width: 379px) 100vw, 379px\" \/><\/p>\n","protected":false},"excerpt":{"rendered":"<p>Abril no ha sido el mes de las aguas mil. La verdad es que ha  [&#8230;]<\/p>\n","protected":false},"author":3,"featured_media":2771,"comment_status":"open","ping_status":"closed","sticky":false,"template":"","format":"standard","meta":{"footnotes":"","jetpack_publicize_message":"","jetpack_publicize_feature_enabled":true,"jetpack_social_post_already_shared":true,"jetpack_social_options":{"image_generator_settings":{"template":"highway","default_image_id":0,"font":"","enabled":false},"version":2}},"categories":[7,1,27],"tags":[],"class_list":["post-2770","post","type-post","status-publish","format-standard","has-post-thumbnail","hentry","category-blog","category-sin-categorizar","category-temporada-de-setas"],"jetpack_publicize_connections":[],"jetpack_featured_media_url":"https:\/\/micologica-barakaldo.org\/wp-content\/uploads\/2019\/05\/Agaricus-crocodilinus_20030603003.jpg","jetpack_shortlink":"https:\/\/wp.me\/p9dTSQ-IG","_links":{"self":[{"href":"https:\/\/micologica-barakaldo.org\/eu\/wp-json\/wp\/v2\/posts\/2770","targetHints":{"allow":["GET"]}}],"collection":[{"href":"https:\/\/micologica-barakaldo.org\/eu\/wp-json\/wp\/v2\/posts"}],"about":[{"href":"https:\/\/micologica-barakaldo.org\/eu\/wp-json\/wp\/v2\/types\/post"}],"author":[{"embeddable":true,"href":"https:\/\/micologica-barakaldo.org\/eu\/wp-json\/wp\/v2\/users\/3"}],"replies":[{"embeddable":true,"href":"https:\/\/micologica-barakaldo.org\/eu\/wp-json\/wp\/v2\/comments?post=2770"}],"version-history":[{"count":1,"href":"https:\/\/micologica-barakaldo.org\/eu\/wp-json\/wp\/v2\/posts\/2770\/revisions"}],"predecessor-version":[{"id":2776,"href":"https:\/\/micologica-barakaldo.org\/eu\/wp-json\/wp\/v2\/posts\/2770\/revisions\/2776"}],"wp:featuredmedia":[{"embeddable":true,"href":"https:\/\/micologica-barakaldo.org\/eu\/wp-json\/wp\/v2\/media\/2771"}],"wp:attachment":[{"href":"https:\/\/micologica-barakaldo.org\/eu\/wp-json\/wp\/v2\/media?parent=2770"}],"wp:term":[{"taxonomy":"category","embeddable":true,"href":"https:\/\/micologica-barakaldo.org\/eu\/wp-json\/wp\/v2\/categories?post=2770"},{"taxonomy":"post_tag","embeddable":true,"href":"https:\/\/micologica-barakaldo.org\/eu\/wp-json\/wp\/v2\/tags?post=2770"}],"curies":[{"name":"wp","href":"https:\/\/api.w.org\/{rel}","templated":true}]}}