{"id":2831,"date":"2019-06-04T20:12:29","date_gmt":"2019-06-04T19:12:29","guid":{"rendered":"https:\/\/micologica-barakaldo.org\/?p=2831"},"modified":"2019-06-05T07:53:01","modified_gmt":"2019-06-05T06:53:01","slug":"temporada-de-setas-junio-2019","status":"publish","type":"post","link":"https:\/\/micologica-barakaldo.org\/eu\/temporada-de-setas-junio-2019\/","title":{"rendered":"Temporada de setas: JUNIO 2019"},"content":{"rendered":"<p>Ya lo dice el refr\u00e1n: \u201c<em>cuando marzo mayea, mayo marcea<\/em>\u2026\u201d y m\u00e1s o menos ese camino llevamos en cuanto a las temperaturas. Respecto a las lluvias, entrando en junio y a las puertas del verano, hemos visto que esta primavera en nada se parece a la del a\u00f1o pasado, ya que, durante el per\u00edodo abril-mayo y salvo excepciones, han estado por debajo de lo normal. Tambi\u00e9n en cierto, que las temperaturas se han comportado por debajo de lo que suele ser habitual en mayo. En cuanto a las tormentas, no podemos destacar episodios importantes y eso tampoco ayuda a la aparici\u00f3n de las setas. Encima, en esos episodios tormentosos, la lluvia se concentra en dos o tres d\u00edas y luego tenemos hasta un par de semanas sin caer una gota. En el Pirineo, adem\u00e1s, sigue nevando en cotas bajas: casi ha nevado m\u00e1s en primavera que en el invierno.<\/p>\n<p>As\u00ed que, con este panorama tan irregular, es dif\u00edcil poder hacerse una idea de lo que nos espera en junio en lo referente a las setas. De todas formas, no tiremos todav\u00eda la toalla. Si este mes se comporta como tal, suben las temperaturas y llegan lluvias en forma de frentes o de tormentas, podemos tener grandes alegr\u00edas micol\u00f3gicas<\/p>\n<p>En junio, en las zonas m\u00e1s altas de monta\u00f1a, por encima de los 2.000 m., podremos encontrar todav\u00eda alg\u00fan <em>Calocybe Gambosa<\/em>, tambi\u00e9n algunos Agaricus o champi\u00f1ones (<em>A. crocodilinus, A. litoralis, A. bisporus, A. bitorquis<\/em>, etc.), especialmente en praderas y p\u00e1ramos altos. En los bosques, sobre todo bajo frondosas, empezar\u00e1n a fructificar, si no lo han hecho en mayo, <em>Amanita rubescens<\/em> (Amanita vinosa o Galanperna Galdakanesa), en compa\u00f1\u00eda de <em>Amanita spissa<\/em>. Tambi\u00e9n las Russulas m\u00e1s tempranas comienzan a aparecer (<em>Russula vesca, R. aurea<\/em> y <em>R. cyanoxantha<\/em>), especialmente en robledales y hayedos.<\/p>\n<p><img loading=\"lazy\" decoding=\"async\" class=\" wp-image-2835 aligncenter\" src=\"https:\/\/micologica-barakaldo.org\/wp-content\/uploads\/2019\/06\/Russula-vesca_20110518_02-300x207.jpg\" alt=\"\" width=\"453\" height=\"312\" srcset=\"https:\/\/micologica-barakaldo.org\/wp-content\/uploads\/2019\/06\/Russula-vesca_20110518_02-200x138.jpg 200w, https:\/\/micologica-barakaldo.org\/wp-content\/uploads\/2019\/06\/Russula-vesca_20110518_02-300x207.jpg 300w, https:\/\/micologica-barakaldo.org\/wp-content\/uploads\/2019\/06\/Russula-vesca_20110518_02-600x415.jpg 600w, https:\/\/micologica-barakaldo.org\/wp-content\/uploads\/2019\/06\/Russula-vesca_20110518_02-768x531.jpg 768w, https:\/\/micologica-barakaldo.org\/wp-content\/uploads\/2019\/06\/Russula-vesca_20110518_02-800x553.jpg 800w, https:\/\/micologica-barakaldo.org\/wp-content\/uploads\/2019\/06\/Russula-vesca_20110518_02.jpg 1024w\" sizes=\"auto, (max-width: 453px) 100vw, 453px\" \/>\u00a0<\/p>\n<p><img loading=\"lazy\" decoding=\"async\" class=\" wp-image-2834 aligncenter\" src=\"https:\/\/micologica-barakaldo.org\/wp-content\/uploads\/2019\/06\/Russula-cyanoxantha_20120808_7386-300x200.jpg\" alt=\"\" width=\"449\" height=\"299\" srcset=\"https:\/\/micologica-barakaldo.org\/wp-content\/uploads\/2019\/06\/Russula-cyanoxantha_20120808_7386-200x133.jpg 200w, https:\/\/micologica-barakaldo.org\/wp-content\/uploads\/2019\/06\/Russula-cyanoxantha_20120808_7386-300x200.jpg 300w, https:\/\/micologica-barakaldo.org\/wp-content\/uploads\/2019\/06\/Russula-cyanoxantha_20120808_7386-400x266.jpg 400w, https:\/\/micologica-barakaldo.org\/wp-content\/uploads\/2019\/06\/Russula-cyanoxantha_20120808_7386-600x399.jpg 600w, https:\/\/micologica-barakaldo.org\/wp-content\/uploads\/2019\/06\/Russula-cyanoxantha_20120808_7386-768x511.jpg 768w, https:\/\/micologica-barakaldo.org\/wp-content\/uploads\/2019\/06\/Russula-cyanoxantha_20120808_7386-800x532.jpg 800w, https:\/\/micologica-barakaldo.org\/wp-content\/uploads\/2019\/06\/Russula-cyanoxantha_20120808_7386.jpg 1024w\" sizes=\"auto, (max-width: 449px) 100vw, 449px\" \/><\/p>\n<p>Adem\u00e1s, los Boletus, en cuanto las temperaturas se recuperen un poco, surgir\u00e1n con cierta abundancia (<em>Boletus reticulatus<\/em>, <em>B. aereus<\/em> y <em>B. erythropus<\/em>). De la misma manera, en estos bosques y de forma abundante si la humedad sigue acompa\u00f1ando, los Cantharellus o rebozuelos (<em>Cantharellus cibarius<\/em> y C.<em> pallens<\/em>) e incluso alguna Lengua de vaca (<em>Hydnum repandum<\/em>), pueden llegar a verse ya en junio. En zonas m\u00e1s term\u00f3filas (o no tanto, dependiendo de la temperatura ambiente), a los m\u00e1s \u201csuertudos\u201d la <em>Amanita caesarea <\/em>les puede sorprender con sus espectaculares colores. Asimismo, en esta \u00e9poca primaveral en los bosques montanos de Pino silvestre, se produce un generoso brote de <em>Boletus pinophilus<\/em>.<\/p>\n<p><img loading=\"lazy\" decoding=\"async\" class=\" wp-image-2833 aligncenter\" src=\"https:\/\/micologica-barakaldo.org\/wp-content\/uploads\/2019\/06\/Hydnum-repandum_20110703_01-300x159.jpg\" alt=\"\" width=\"455\" height=\"241\" srcset=\"https:\/\/micologica-barakaldo.org\/wp-content\/uploads\/2019\/06\/Hydnum-repandum_20110703_01-200x106.jpg 200w, https:\/\/micologica-barakaldo.org\/wp-content\/uploads\/2019\/06\/Hydnum-repandum_20110703_01-300x159.jpg 300w, https:\/\/micologica-barakaldo.org\/wp-content\/uploads\/2019\/06\/Hydnum-repandum_20110703_01-400x213.jpg 400w, https:\/\/micologica-barakaldo.org\/wp-content\/uploads\/2019\/06\/Hydnum-repandum_20110703_01-600x319.jpg 600w, https:\/\/micologica-barakaldo.org\/wp-content\/uploads\/2019\/06\/Hydnum-repandum_20110703_01-768x408.jpg 768w, https:\/\/micologica-barakaldo.org\/wp-content\/uploads\/2019\/06\/Hydnum-repandum_20110703_01-800x425.jpg 800w, https:\/\/micologica-barakaldo.org\/wp-content\/uploads\/2019\/06\/Hydnum-repandum_20110703_01.jpg 1024w\" sizes=\"auto, (max-width: 455px) 100vw, 455px\" \/><\/p>\n<p>Tampoco podemos olvidarnos de las amanitas primaverales, algunas de ellas mortales como <em>Amanita verna<\/em> e incluso <em>Amanita phalloides,<\/em> que suele ser muy precoz en los bosques term\u00f3filos de frondosas. La primera puede ser confundida con champi\u00f1ones y la segunda, con sus tonos verdes, con russulas verdosas (<em>R. heterophylla, R. virescens<\/em> o <em>R. cyanoxantha<\/em>).<\/p>\n<p><img loading=\"lazy\" decoding=\"async\" class=\" wp-image-2832 aligncenter\" src=\"https:\/\/micologica-barakaldo.org\/wp-content\/uploads\/2019\/06\/Amanita-phalloides_20180818_3617-209x300.jpg\" alt=\"\" width=\"384\" height=\"551\" srcset=\"https:\/\/micologica-barakaldo.org\/wp-content\/uploads\/2019\/06\/Amanita-phalloides_20180818_3617-200x287.jpg 200w, https:\/\/micologica-barakaldo.org\/wp-content\/uploads\/2019\/06\/Amanita-phalloides_20180818_3617-209x300.jpg 209w, https:\/\/micologica-barakaldo.org\/wp-content\/uploads\/2019\/06\/Amanita-phalloides_20180818_3617-400x574.jpg 400w, https:\/\/micologica-barakaldo.org\/wp-content\/uploads\/2019\/06\/Amanita-phalloides_20180818_3617-600x861.jpg 600w, https:\/\/micologica-barakaldo.org\/wp-content\/uploads\/2019\/06\/Amanita-phalloides_20180818_3617.jpg 714w\" sizes=\"auto, (max-width: 384px) 100vw, 384px\" \/><\/p>\n","protected":false},"excerpt":{"rendered":"<p>Ya lo dice el refr\u00e1n: \u201ccuando marzo mayea, mayo marcea\u2026\u201d y m\u00e1s o menos ese  [&#8230;]<\/p>\n","protected":false},"author":3,"featured_media":2834,"comment_status":"open","ping_status":"closed","sticky":false,"template":"","format":"standard","meta":{"footnotes":"","jetpack_publicize_message":"","jetpack_publicize_feature_enabled":true,"jetpack_social_post_already_shared":true,"jetpack_social_options":{"image_generator_settings":{"template":"highway","default_image_id":0,"font":"","enabled":false},"version":2}},"categories":[7,1,27],"tags":[],"class_list":["post-2831","post","type-post","status-publish","format-standard","has-post-thumbnail","hentry","category-blog","category-sin-categorizar","category-temporada-de-setas"],"jetpack_publicize_connections":[],"jetpack_featured_media_url":"https:\/\/micologica-barakaldo.org\/wp-content\/uploads\/2019\/06\/Russula-cyanoxantha_20120808_7386.jpg","jetpack_shortlink":"https:\/\/wp.me\/p9dTSQ-JF","_links":{"self":[{"href":"https:\/\/micologica-barakaldo.org\/eu\/wp-json\/wp\/v2\/posts\/2831","targetHints":{"allow":["GET"]}}],"collection":[{"href":"https:\/\/micologica-barakaldo.org\/eu\/wp-json\/wp\/v2\/posts"}],"about":[{"href":"https:\/\/micologica-barakaldo.org\/eu\/wp-json\/wp\/v2\/types\/post"}],"author":[{"embeddable":true,"href":"https:\/\/micologica-barakaldo.org\/eu\/wp-json\/wp\/v2\/users\/3"}],"replies":[{"embeddable":true,"href":"https:\/\/micologica-barakaldo.org\/eu\/wp-json\/wp\/v2\/comments?post=2831"}],"version-history":[{"count":1,"href":"https:\/\/micologica-barakaldo.org\/eu\/wp-json\/wp\/v2\/posts\/2831\/revisions"}],"predecessor-version":[{"id":2836,"href":"https:\/\/micologica-barakaldo.org\/eu\/wp-json\/wp\/v2\/posts\/2831\/revisions\/2836"}],"wp:featuredmedia":[{"embeddable":true,"href":"https:\/\/micologica-barakaldo.org\/eu\/wp-json\/wp\/v2\/media\/2834"}],"wp:attachment":[{"href":"https:\/\/micologica-barakaldo.org\/eu\/wp-json\/wp\/v2\/media?parent=2831"}],"wp:term":[{"taxonomy":"category","embeddable":true,"href":"https:\/\/micologica-barakaldo.org\/eu\/wp-json\/wp\/v2\/categories?post=2831"},{"taxonomy":"post_tag","embeddable":true,"href":"https:\/\/micologica-barakaldo.org\/eu\/wp-json\/wp\/v2\/tags?post=2831"}],"curies":[{"name":"wp","href":"https:\/\/api.w.org\/{rel}","templated":true}]}}