{"id":2852,"date":"2019-06-17T18:48:56","date_gmt":"2019-06-17T17:48:56","guid":{"rendered":"https:\/\/micologica-barakaldo.org\/?p=2852"},"modified":"2021-04-05T21:15:27","modified_gmt":"2021-04-05T20:15:27","slug":"pluteus-semibulbosus","status":"publish","type":"post","link":"https:\/\/micologica-barakaldo.org\/eu\/pluteus-semibulbosus\/","title":{"rendered":"Pluteus semibulbosus"},"content":{"rendered":"<div class=\"fusion-fullwidth fullwidth-box fusion-builder-row-1 nonhundred-percent-fullwidth non-hundred-percent-height-scrolling\" style=\"--awb-border-radius-top-left:0px;--awb-border-radius-top-right:0px;--awb-border-radius-bottom-right:0px;--awb-border-radius-bottom-left:0px;--awb-padding-bottom:50px;--awb-flex-wrap:wrap;\" ><div class=\"fusion-builder-row fusion-row\"><div class=\"fusion-layout-column fusion_builder_column fusion-builder-column-0 fusion_builder_column_1_2 1_2 fusion-one-half fusion-column-first\" style=\"--awb-bg-size:cover;width:48%; margin-right: 4%;\"><div class=\"fusion-column-wrapper fusion-flex-column-wrapper-legacy\"><div class=\"fusion-text fusion-text-1\"><p style=\"text-align: justify;\">= Pluteus hispidulus\u00a0(Fr.) Gillet,\u00a0Hym\u00e9nomyc\u00e8tes\u00a0(Alen\u00e7on): 391 (1876) [1878]<\/p>\n<p style=\"text-align: justify;\"><em>Caracteres microsc\u00f3picos<\/em>. P\u00edleo de hasta 40 mm de di\u00e1metro, primero hemisf\u00e9rico, despu\u00e9s convexo, finalmente extendido o ligeramente c\u00f3ncavo, a menudo con un peque\u00f1o umb\u00f3n; margen agudo, superficie pil\u00e9ica lisa, seca, estriada por transparencia; de color blanquecino, crema blanquecino u ocr\u00e1ceo en el disco. L\u00e1minas moderadamente apretadas, desiguales, libres, ventrudas; de color primero blanco, despu\u00e9s gris rosado a rosa en la madurez. Est\u00edpite de hasta 40 x 5 mm, cil\u00edndrico, lleno, hueco en la madurez, con base bulbosa o con bulbo hemisf\u00e9rico, seco, pulverulento en la parte superior. de color primero blanquecino o amarillento en la madurez. Contexto delgado, fr\u00e1gil, blanquecino o trasl\u00facido; olor y sabor poco destacable.<\/p>\n<p style=\"text-align: justify;\"><em>Caracteres microsc\u00f3picos<\/em>. Basidi\u00f3sporas de 6,5-8,0 x 5,0-6,5 \u00b5m \/ Q = 1,1-1,3; subglobosas, elipsoidales, lisas, hialinas, gutuladas. Esporada rosada. Queilocistidios de hasta 70 x 25 \u00b5m, claviformes, lageniformes. Pleurocistidios de hasta 90 x 25 \u00b5m, escasos, fusiformes o lageniformes. Pileipellis trichohimeniforme, formada con elementos terminales emergentes, fusiformes o vesiculosos, de hasta x 30 \u00b5m, con pigmento intracelular ocr\u00e1ceo, juntas sin f\u00edbulas.<\/p>\n<p style=\"text-align: justify;\"><em>Ecolog\u00eda<\/em>. En verano y oto\u00f1o, sobre madera muy degradada de frondosas. <em>Distribuci\u00f3n<\/em>. Muy raro.\u00a0<\/p>\n<p style=\"text-align: justify;\"><span style=\"color: #000000;\">Citar como: Mu\u00f1oz S\u00e1nchez, J.A. \u201c<em>Pluteus semibulbosus<\/em> (Lasch) Qu\u00e9l.\u201d. micol\u00f3gica-barakaldo.org [en l\u00ednea]. Fichas micol\u00f3gicas, n\u00ba 350, 17\/06\/2019 [consultado el (fecha)]. Disponible en <a style=\"color: #000000;\" href=\"https:\/\/micologica-barakaldo.org\/Pluteus-semibulbosus\/\">https:\/\/micologica-barakaldo.org\/Pluteus-semibulbosus\/<\/a><\/span><\/p>\n<p style=\"text-align: justify;\">\n<\/div><div class=\"fusion-clearfix\"><\/div><\/div><\/div><div class=\"fusion-layout-column fusion_builder_column fusion-builder-column-1 fusion_builder_column_1_2 1_2 fusion-one-half fusion-column-last\" style=\"--awb-bg-size:cover;width:48%;\"><div class=\"fusion-column-wrapper fusion-flex-column-wrapper-legacy\"><div class=\"fusion-image-element in-legacy-container\" style=\"--awb-caption-title-font-family:var(--h2_typography-font-family);--awb-caption-title-font-weight:var(--h2_typography-font-weight);--awb-caption-title-font-style:var(--h2_typography-font-style);--awb-caption-title-size:var(--h2_typography-font-size);--awb-caption-title-transform:var(--h2_typography-text-transform);--awb-caption-title-line-height:var(--h2_typography-line-height);--awb-caption-title-letter-spacing:var(--h2_typography-letter-spacing);\"><span class=\" fusion-imageframe imageframe-none imageframe-1 hover-type-none\"><img loading=\"lazy\" decoding=\"async\" width=\"1024\" height=\"731\" title=\"Pluteus semibulbosus_20120928_9873\" src=\"https:\/\/micologica-barakaldo.org\/wp-content\/uploads\/2019\/06\/Pluteus-semibulbosus_20120928_9873-1024x731.jpg\" alt class=\"img-responsive wp-image-8466\" srcset=\"https:\/\/micologica-barakaldo.org\/wp-content\/uploads\/2019\/06\/Pluteus-semibulbosus_20120928_9873-200x143.jpg 200w, https:\/\/micologica-barakaldo.org\/wp-content\/uploads\/2019\/06\/Pluteus-semibulbosus_20120928_9873-400x286.jpg 400w, https:\/\/micologica-barakaldo.org\/wp-content\/uploads\/2019\/06\/Pluteus-semibulbosus_20120928_9873-600x428.jpg 600w, https:\/\/micologica-barakaldo.org\/wp-content\/uploads\/2019\/06\/Pluteus-semibulbosus_20120928_9873-800x571.jpg 800w, https:\/\/micologica-barakaldo.org\/wp-content\/uploads\/2019\/06\/Pluteus-semibulbosus_20120928_9873.jpg 1024w\" sizes=\"auto, (max-width: 1024px) 100vw, 800px\" \/><\/span><\/div><div class=\"fusion-clearfix\"><\/div><\/div><\/div><div class=\"fusion-layout-column fusion_builder_column fusion-builder-column-2 fusion_builder_column_1_1 1_1 fusion-one-full fusion-column-first fusion-column-last\" style=\"--awb-padding-top:40px;--awb-bg-size:cover;\"><div class=\"fusion-column-wrapper fusion-flex-column-wrapper-legacy\"><div class=\"fusion-aligncenter\"><a class=\"fusion-button button-flat button-xlarge button-default fusion-button-default button-1 fusion-button-default-span fusion-button-default-type\" target=\"_self\" href=\"https:\/\/micologica-barakaldo.org\/wp-content\/uploads\/2021\/04\/Pluteus-semibulbosus-01.pdf\"><i class=\"fa-file-pdf far awb-button__icon awb-button__icon--default button-icon-left\" aria-hidden=\"true\"><\/i><span class=\"fusion-button-text awb-button__text awb-button__text--default\">VER FICHA COMPLETA<\/span><\/a><\/div><div class=\"fusion-clearfix\"><\/div><\/div><\/div><\/div><\/div>\n","protected":false},"excerpt":{"rendered":"","protected":false},"author":2,"featured_media":2851,"comment_status":"open","ping_status":"closed","sticky":false,"template":"","format":"standard","meta":{"footnotes":"","jetpack_publicize_message":"","jetpack_publicize_feature_enabled":true,"jetpack_social_post_already_shared":true,"jetpack_social_options":{"image_generator_settings":{"template":"highway","default_image_id":0,"font":"","enabled":false},"version":2}},"categories":[6,43],"tags":[],"class_list":["post-2852","post","type-post","status-publish","format-standard","has-post-thumbnail","hentry","category-fichas-micologicas","category-fichas-micologicas-setas-p"],"jetpack_publicize_connections":[],"jetpack_featured_media_url":"https:\/\/micologica-barakaldo.org\/wp-content\/uploads\/2019\/06\/Pluteus-semibulbosus_20120928_9873.jpg","jetpack_shortlink":"https:\/\/wp.me\/p9dTSQ-K0","_links":{"self":[{"href":"https:\/\/micologica-barakaldo.org\/eu\/wp-json\/wp\/v2\/posts\/2852","targetHints":{"allow":["GET"]}}],"collection":[{"href":"https:\/\/micologica-barakaldo.org\/eu\/wp-json\/wp\/v2\/posts"}],"about":[{"href":"https:\/\/micologica-barakaldo.org\/eu\/wp-json\/wp\/v2\/types\/post"}],"author":[{"embeddable":true,"href":"https:\/\/micologica-barakaldo.org\/eu\/wp-json\/wp\/v2\/users\/2"}],"replies":[{"embeddable":true,"href":"https:\/\/micologica-barakaldo.org\/eu\/wp-json\/wp\/v2\/comments?post=2852"}],"version-history":[{"count":3,"href":"https:\/\/micologica-barakaldo.org\/eu\/wp-json\/wp\/v2\/posts\/2852\/revisions"}],"predecessor-version":[{"id":5395,"href":"https:\/\/micologica-barakaldo.org\/eu\/wp-json\/wp\/v2\/posts\/2852\/revisions\/5395"}],"wp:featuredmedia":[{"embeddable":true,"href":"https:\/\/micologica-barakaldo.org\/eu\/wp-json\/wp\/v2\/media\/2851"}],"wp:attachment":[{"href":"https:\/\/micologica-barakaldo.org\/eu\/wp-json\/wp\/v2\/media?parent=2852"}],"wp:term":[{"taxonomy":"category","embeddable":true,"href":"https:\/\/micologica-barakaldo.org\/eu\/wp-json\/wp\/v2\/categories?post=2852"},{"taxonomy":"post_tag","embeddable":true,"href":"https:\/\/micologica-barakaldo.org\/eu\/wp-json\/wp\/v2\/tags?post=2852"}],"curies":[{"name":"wp","href":"https:\/\/api.w.org\/{rel}","templated":true}]}}