{"id":2869,"date":"2019-07-08T17:34:08","date_gmt":"2019-07-08T16:34:08","guid":{"rendered":"https:\/\/micologica-barakaldo.org\/?p=2869"},"modified":"2021-04-02T10:41:26","modified_gmt":"2021-04-02T09:41:26","slug":"phaeoclavulina-abietina","status":"publish","type":"post","link":"https:\/\/micologica-barakaldo.org\/eu\/phaeoclavulina-abietina\/","title":{"rendered":"Phaeoclavulina abietina"},"content":{"rendered":"<div class=\"fusion-fullwidth fullwidth-box fusion-builder-row-1 nonhundred-percent-fullwidth non-hundred-percent-height-scrolling\" style=\"--awb-border-radius-top-left:0px;--awb-border-radius-top-right:0px;--awb-border-radius-bottom-right:0px;--awb-border-radius-bottom-left:0px;--awb-padding-bottom:50px;--awb-flex-wrap:wrap;\" ><div class=\"fusion-builder-row fusion-row\"><div class=\"fusion-layout-column fusion_builder_column fusion-builder-column-0 fusion_builder_column_1_2 1_2 fusion-one-half fusion-column-first\" style=\"--awb-bg-size:cover;width:48%; margin-right: 4%;\"><div class=\"fusion-column-wrapper fusion-flex-column-wrapper-legacy\"><div class=\"fusion-text fusion-text-1\"><p style=\"text-align: justify;\">\u2261<em>Ramaria abietina\u00a0<\/em>(Pers.) Qu\u00e9l.,\u00a0<em>Fl. mycol. France<\/em>\u00a0(Paris): 467 (1888)]<\/p>\n<p style=\"text-align: justify;\">\u2261<em>Clavaria abietina\u00a0<\/em>Pers<strong>.<\/strong>,\u00a0Neues Mag. Bot.\u00a01: 117 (1794)<\/p>\n<p style=\"text-align: justify;\">=<em>Ramaria ochraceovirens\u00a0<\/em>(Jungh.) Donk,\u00a0Rev. Niederl. Homob. Aphyll.\u00a02: 112 (1933)<\/p>\n<p style=\"text-align: justify;\"><em>Caracteres macrosc\u00f3picos<\/em>. Fructificaci\u00f3n de hasta 70 mm de altura y 50mm de anchura, en forma de arbolillo o coral, muy ramificado, ramificaciones, con ramas aplanadas y rugosas, de 2-5 mm, extremidades con 2 o 4 puntas, amarillas, angulaciones terminadas en U, de color amarillo oliv\u00e1ceo, marr\u00f3n oliv\u00e1ceo, se manchan de verde azulado a la manipulaci\u00f3n o en la vejez. Est\u00edpite de hasta 20 x 10 mm, en algunos casos poco desarrollado, del color de las ramas y manch\u00e1ndose de verde azulado a la manipulaci\u00f3n, recubierto de micelio blanco, con abundantes rizomorfos blancos. Contexto cori\u00e1ceo, blanco, fibrillosa, olor poco apreciable, sabor un poco amarescente. Reacciones qu\u00edmicas: con So4Fe verde, con KOH verde oliva en el himen\u00f3foro.<\/p>\n<p style=\"text-align: justify;\">Caracteres microsc\u00f3picos. Basidi\u00f3sporas de hasta 9,0-10,5 x 3,5-5,0 \u03bcm \/ Q = 1,4-2,0, lacrimoides, apiculadas, con pared gruesa, con gruesas verrugas, no amiloides. Basidios de hasta 60 x 8 \u03bcm, claviformes, con cuatro esterigmas, juntas con f\u00edbulas. Sistema de hifas monom\u00edtico: hifas hasta x4 \u03bcm, con paredes delgadas, poco septadas, que se hinchan en los septos, juntas con f\u00edbulas.<\/p>\n<p style=\"text-align: justify;\">Ecolog\u00eda. En verano y oto\u00f1o en bosques de con\u00edferas (<em>Abies, Picea<\/em>), en el suelo o sobre restos muy degradados de madera y agujas, de tendencia montana. Distribuci\u00f3n. Muy raro.\u00a0<\/p>\n<p style=\"text-align: justify;\">Citar como: Mu\u00f1oz S\u00e1nchez, J.A. \u201c<em>Phaeoclavulina abietina\u00a0<\/em>(Pers.) Giachini\u201d. micol\u00f3gica-barakaldo.org [en l\u00ednea]. Fichas micol\u00f3gicas, n\u00ba 354, 08\/07\/2019 [consultado el (fecha)]. Disponible en <a href=\"https:\/\/micologica-barakaldo.org\/Phaeoclavulina-abietina\/\">https:\/\/micologica-barakaldo.org\/Phaeoclavulina-abietina\/<\/a><\/p>\n<\/div><div class=\"fusion-clearfix\"><\/div><\/div><\/div><div class=\"fusion-layout-column fusion_builder_column fusion-builder-column-1 fusion_builder_column_1_2 1_2 fusion-one-half fusion-column-last\" style=\"--awb-bg-size:cover;width:48%;\"><div class=\"fusion-column-wrapper fusion-flex-column-wrapper-legacy\"><div class=\"fusion-image-element in-legacy-container\" style=\"--awb-caption-title-font-family:var(--h2_typography-font-family);--awb-caption-title-font-weight:var(--h2_typography-font-weight);--awb-caption-title-font-style:var(--h2_typography-font-style);--awb-caption-title-size:var(--h2_typography-font-size);--awb-caption-title-transform:var(--h2_typography-text-transform);--awb-caption-title-line-height:var(--h2_typography-line-height);--awb-caption-title-letter-spacing:var(--h2_typography-letter-spacing);\"><span class=\" fusion-imageframe imageframe-none imageframe-1 hover-type-none\"><img loading=\"lazy\" decoding=\"async\" width=\"1024\" height=\"682\" title=\"Ramaria abietina_2016100837_2085\" src=\"https:\/\/micologica-barakaldo.org\/wp-content\/uploads\/2019\/07\/Ramaria-abietina_2016100837_2085-1024x682.jpg\" alt class=\"img-responsive wp-image-8470\" srcset=\"https:\/\/micologica-barakaldo.org\/wp-content\/uploads\/2019\/07\/Ramaria-abietina_2016100837_2085-200x133.jpg 200w, https:\/\/micologica-barakaldo.org\/wp-content\/uploads\/2019\/07\/Ramaria-abietina_2016100837_2085-400x266.jpg 400w, https:\/\/micologica-barakaldo.org\/wp-content\/uploads\/2019\/07\/Ramaria-abietina_2016100837_2085-600x400.jpg 600w, https:\/\/micologica-barakaldo.org\/wp-content\/uploads\/2019\/07\/Ramaria-abietina_2016100837_2085-800x533.jpg 800w, https:\/\/micologica-barakaldo.org\/wp-content\/uploads\/2019\/07\/Ramaria-abietina_2016100837_2085.jpg 1024w\" sizes=\"auto, (max-width: 1024px) 100vw, 800px\" \/><\/span><\/div><div class=\"fusion-clearfix\"><\/div><\/div><\/div><div class=\"fusion-layout-column fusion_builder_column fusion-builder-column-2 fusion_builder_column_1_1 1_1 fusion-one-full fusion-column-first fusion-column-last\" style=\"--awb-padding-top:40px;--awb-bg-size:cover;\"><div class=\"fusion-column-wrapper fusion-flex-column-wrapper-legacy\"><div class=\"fusion-aligncenter\"><a class=\"fusion-button button-flat button-xlarge button-default fusion-button-default button-1 fusion-button-default-span fusion-button-default-type\" target=\"_self\" href=\"https:\/\/micologica-barakaldo.org\/wp-content\/uploads\/2021\/04\/Phaeoclavulina-abietina.pdf\"><i class=\"fa-file-pdf far awb-button__icon awb-button__icon--default button-icon-left\" aria-hidden=\"true\"><\/i><span class=\"fusion-button-text awb-button__text awb-button__text--default\">VER FICHA COMPLETA<\/span><\/a><\/div><div class=\"fusion-clearfix\"><\/div><\/div><\/div><\/div><\/div>\n","protected":false},"excerpt":{"rendered":"","protected":false},"author":2,"featured_media":2868,"comment_status":"open","ping_status":"closed","sticky":false,"template":"","format":"standard","meta":{"footnotes":"","jetpack_publicize_message":"","jetpack_publicize_feature_enabled":true,"jetpack_social_post_already_shared":true,"jetpack_social_options":{"image_generator_settings":{"template":"highway","default_image_id":0,"font":"","enabled":false},"version":2}},"categories":[6,43],"tags":[],"class_list":["post-2869","post","type-post","status-publish","format-standard","has-post-thumbnail","hentry","category-fichas-micologicas","category-fichas-micologicas-setas-p"],"jetpack_publicize_connections":[],"jetpack_featured_media_url":"https:\/\/micologica-barakaldo.org\/wp-content\/uploads\/2019\/07\/Ramaria-abietina_2016100837_2085.jpg","jetpack_shortlink":"https:\/\/wp.me\/p9dTSQ-Kh","_links":{"self":[{"href":"https:\/\/micologica-barakaldo.org\/eu\/wp-json\/wp\/v2\/posts\/2869","targetHints":{"allow":["GET"]}}],"collection":[{"href":"https:\/\/micologica-barakaldo.org\/eu\/wp-json\/wp\/v2\/posts"}],"about":[{"href":"https:\/\/micologica-barakaldo.org\/eu\/wp-json\/wp\/v2\/types\/post"}],"author":[{"embeddable":true,"href":"https:\/\/micologica-barakaldo.org\/eu\/wp-json\/wp\/v2\/users\/2"}],"replies":[{"embeddable":true,"href":"https:\/\/micologica-barakaldo.org\/eu\/wp-json\/wp\/v2\/comments?post=2869"}],"version-history":[{"count":2,"href":"https:\/\/micologica-barakaldo.org\/eu\/wp-json\/wp\/v2\/posts\/2869\/revisions"}],"predecessor-version":[{"id":5378,"href":"https:\/\/micologica-barakaldo.org\/eu\/wp-json\/wp\/v2\/posts\/2869\/revisions\/5378"}],"wp:featuredmedia":[{"embeddable":true,"href":"https:\/\/micologica-barakaldo.org\/eu\/wp-json\/wp\/v2\/media\/2868"}],"wp:attachment":[{"href":"https:\/\/micologica-barakaldo.org\/eu\/wp-json\/wp\/v2\/media?parent=2869"}],"wp:term":[{"taxonomy":"category","embeddable":true,"href":"https:\/\/micologica-barakaldo.org\/eu\/wp-json\/wp\/v2\/categories?post=2869"},{"taxonomy":"post_tag","embeddable":true,"href":"https:\/\/micologica-barakaldo.org\/eu\/wp-json\/wp\/v2\/tags?post=2869"}],"curies":[{"name":"wp","href":"https:\/\/api.w.org\/{rel}","templated":true}]}}