{"id":289,"date":"2017-11-05T09:02:11","date_gmt":"2017-11-05T08:02:11","guid":{"rendered":"https:\/\/micologica-barakaldo.org\/?p=289"},"modified":"2020-06-29T22:08:28","modified_gmt":"2020-06-29T21:08:28","slug":"amanita-virosa","status":"publish","type":"post","link":"https:\/\/micologica-barakaldo.org\/eu\/amanita-virosa\/","title":{"rendered":"Amanita virosa"},"content":{"rendered":"<div class=\"fusion-fullwidth fullwidth-box fusion-builder-row-1 nonhundred-percent-fullwidth non-hundred-percent-height-scrolling\" style=\"--awb-border-radius-top-left:0px;--awb-border-radius-top-right:0px;--awb-border-radius-bottom-right:0px;--awb-border-radius-bottom-left:0px;--awb-padding-bottom:50px;--awb-flex-wrap:wrap;\" ><div class=\"fusion-builder-row fusion-row\"><div class=\"fusion-layout-column fusion_builder_column fusion-builder-column-0 fusion_builder_column_1_2 1_2 fusion-one-half fusion-column-first\" style=\"--awb-bg-size:cover;width:48%; margin-right: 4%;\"><div class=\"fusion-column-wrapper fusion-flex-column-wrapper-legacy\"><div class=\"fusion-text fusion-text-1\"><p style=\"text-align: justify;\">Cast.: Oronja f\u00e9tida, Amanita maloliente. Cat.: Farinera pudent. Eusk.: Ilkor zuri, Hiltzaile konkordun.<\/p>\n<p style=\"text-align: justify;\"><em>Caracteres macrosc\u00f3picos<\/em>. P\u00edleo de hasta 100 mm. c\u00f3nico acampanado a c\u00f3nico convexo. Al final casi extendido y algo mamelonado; margen incurvado, irregular y lobulado; superficie lisa. brillante seca y lubrificada h\u00fameda. de color blanco puro. L\u00e1minas bastante apretadas. Libres, blancas, Est\u00edpite de hasta 150&#215;15 mm, esbelto. Delgado, cubierto de abundantes fibrillas, de color blanco; velo parcial formando un anillo amplio y membranoso; velo general formando una volva en forma de saco. membranosa, blanca, Contexto blanco, con olor fuerte, un poco desagradable en los ejemplares maduros.<\/p>\n<p style=\"text-align: justify;\"><em>Caracteres microsc\u00f3picos<\/em>. Basidi\u00f3sporas (a) de 8-11 x 7,5-10 pm \/ Q = 1,o-1,1;\u00a0 globulosas a subglobubsas. lisas. hialinas. amiloides. Esporada blanca. Basidios (b) de 40-60 x 10-15 pm. tetrasp\u00f3ricos. sin bucles. Elementos del velo formado mayoritariamente por hifas hasta x 15 pm, muy raramente con elementos celulosos.<\/p>\n<p style=\"text-align: justify;\"><em>Ecolog\u00eda<\/em>.\u00a0 sobre todo en verano. bajo frondosas sobre todo hayas (<em>Fagus sylvatica<\/em>),\u00a0 en suelos \u00e1cidos. solitaria o en grupos de dos o tres ejemplares, Distribuci\u00f3n. Muy rara y localizada. <span style=\"color: #ff0000;\">Comestibilidad.\u00a0 especie venenosa\u00a0<strong>MORTAL<\/strong>, provoca s\u00edndrome faloidiano.<\/span><\/p>\n<\/div><div class=\"fusion-clearfix\"><\/div><\/div><\/div><div class=\"fusion-layout-column fusion_builder_column fusion-builder-column-1 fusion_builder_column_1_2 1_2 fusion-one-half fusion-column-last\" style=\"--awb-bg-size:cover;width:48%;\"><div class=\"fusion-column-wrapper fusion-flex-column-wrapper-legacy\"><div class=\"fusion-image-element in-legacy-container\" style=\"--awb-caption-title-font-family:var(--h2_typography-font-family);--awb-caption-title-font-weight:var(--h2_typography-font-weight);--awb-caption-title-font-style:var(--h2_typography-font-style);--awb-caption-title-size:var(--h2_typography-font-size);--awb-caption-title-transform:var(--h2_typography-text-transform);--awb-caption-title-line-height:var(--h2_typography-line-height);--awb-caption-title-letter-spacing:var(--h2_typography-letter-spacing);\"><span class=\" fusion-imageframe imageframe-none imageframe-1 hover-type-none\"><img loading=\"lazy\" decoding=\"async\" width=\"1204\" height=\"878\" title=\"Amanita virosa\" src=\"https:\/\/micologica-barakaldo.org\/wp-content\/uploads\/2020\/06\/Amanita-virosa.jpeg\" alt class=\"img-responsive wp-image-8682\" srcset=\"https:\/\/micologica-barakaldo.org\/wp-content\/uploads\/2020\/06\/Amanita-virosa-200x146.jpeg 200w, https:\/\/micologica-barakaldo.org\/wp-content\/uploads\/2020\/06\/Amanita-virosa-400x292.jpeg 400w, https:\/\/micologica-barakaldo.org\/wp-content\/uploads\/2020\/06\/Amanita-virosa-600x438.jpeg 600w, https:\/\/micologica-barakaldo.org\/wp-content\/uploads\/2020\/06\/Amanita-virosa-800x583.jpeg 800w, https:\/\/micologica-barakaldo.org\/wp-content\/uploads\/2020\/06\/Amanita-virosa-1200x875.jpeg 1200w, https:\/\/micologica-barakaldo.org\/wp-content\/uploads\/2020\/06\/Amanita-virosa.jpeg 1204w\" sizes=\"auto, (max-width: 1024px) 100vw, 800px\" \/><\/span><\/div><div class=\"fusion-clearfix\"><\/div><\/div><\/div><div class=\"fusion-layout-column fusion_builder_column fusion-builder-column-2 fusion_builder_column_1_1 1_1 fusion-one-full fusion-column-first fusion-column-last\" style=\"--awb-padding-top:40px;--awb-bg-size:cover;\"><div class=\"fusion-column-wrapper fusion-flex-column-wrapper-legacy\"><div class=\"fusion-aligncenter\"><a class=\"fusion-button button-flat button-xlarge button-default fusion-button-default button-1 fusion-button-default-span fusion-button-default-type\" target=\"_self\" href=\"https:\/\/micologica-barakaldo.org\/wp-content\/uploads\/2020\/06\/Amanita-virosa.pdf\"><i class=\" fa fa-file-pdf-o awb-button__icon awb-button__icon--default button-icon-left\" aria-hidden=\"true\"><\/i><span class=\"fusion-button-text awb-button__text awb-button__text--default\">VER FICHA COMPLETA<\/span><\/a><\/div><div class=\"fusion-clearfix\"><\/div><\/div><\/div><\/div><\/div>\n","protected":false},"excerpt":{"rendered":"","protected":false},"author":1,"featured_media":3782,"comment_status":"open","ping_status":"closed","sticky":false,"template":"","format":"standard","meta":{"footnotes":"","jetpack_publicize_message":"","jetpack_publicize_feature_enabled":true,"jetpack_social_post_already_shared":false,"jetpack_social_options":{"image_generator_settings":{"template":"highway","default_image_id":0,"font":"","enabled":false},"version":2}},"categories":[28,6],"tags":[],"class_list":["post-289","post","type-post","status-publish","format-standard","has-post-thumbnail","hentry","category-fichas-micologicas-setas-a","category-fichas-micologicas"],"jetpack_publicize_connections":[],"jetpack_featured_media_url":"https:\/\/micologica-barakaldo.org\/wp-content\/uploads\/2020\/06\/Amanita-virosa.jpeg","jetpack_shortlink":"https:\/\/wp.me\/p9dTSQ-4F","_links":{"self":[{"href":"https:\/\/micologica-barakaldo.org\/eu\/wp-json\/wp\/v2\/posts\/289","targetHints":{"allow":["GET"]}}],"collection":[{"href":"https:\/\/micologica-barakaldo.org\/eu\/wp-json\/wp\/v2\/posts"}],"about":[{"href":"https:\/\/micologica-barakaldo.org\/eu\/wp-json\/wp\/v2\/types\/post"}],"author":[{"embeddable":true,"href":"https:\/\/micologica-barakaldo.org\/eu\/wp-json\/wp\/v2\/users\/1"}],"replies":[{"embeddable":true,"href":"https:\/\/micologica-barakaldo.org\/eu\/wp-json\/wp\/v2\/comments?post=289"}],"version-history":[{"count":13,"href":"https:\/\/micologica-barakaldo.org\/eu\/wp-json\/wp\/v2\/posts\/289\/revisions"}],"predecessor-version":[{"id":3783,"href":"https:\/\/micologica-barakaldo.org\/eu\/wp-json\/wp\/v2\/posts\/289\/revisions\/3783"}],"wp:featuredmedia":[{"embeddable":true,"href":"https:\/\/micologica-barakaldo.org\/eu\/wp-json\/wp\/v2\/media\/3782"}],"wp:attachment":[{"href":"https:\/\/micologica-barakaldo.org\/eu\/wp-json\/wp\/v2\/media?parent=289"}],"wp:term":[{"taxonomy":"category","embeddable":true,"href":"https:\/\/micologica-barakaldo.org\/eu\/wp-json\/wp\/v2\/categories?post=289"},{"taxonomy":"post_tag","embeddable":true,"href":"https:\/\/micologica-barakaldo.org\/eu\/wp-json\/wp\/v2\/tags?post=289"}],"curies":[{"name":"wp","href":"https:\/\/api.w.org\/{rel}","templated":true}]}}