{"id":2908,"date":"2019-09-01T20:42:42","date_gmt":"2019-09-01T19:42:42","guid":{"rendered":"https:\/\/micologica-barakaldo.org\/?p=2908"},"modified":"2019-09-11T20:01:45","modified_gmt":"2019-09-11T19:01:45","slug":"temporada-de-setas-septiembre-2019","status":"publish","type":"post","link":"https:\/\/micologica-barakaldo.org\/eu\/temporada-de-setas-septiembre-2019\/","title":{"rendered":"Temporada de setas: SEPTIEMBRE 2019"},"content":{"rendered":"<p style=\"text-align: justify;\">Bueno, ya estamos a las puertas de la temporada reina de las setas: el oto\u00f1o. Climatol\u00f3gicamente hablando, septiembre es clave en el devenir de la temporada. Si comenzamos este mes con temperaturas m\u00e1s suaves y con una sucesi\u00f3n de frentes que nos traigan abundantes lluvias, entonces estaremos frente a una campa\u00f1a micol\u00f3gica excelente. Si, por el contrario, las temperaturas se mantienen elevadas y los d\u00edas de lluvia son m\u00ednimos, entonces nos encontraremos una temporada al menos incierta o pobre. Lo cierto, es que\u00a0 se puede reconducir en octubre, pero ya no ser\u00e1 lo mismo. Por lo tanto, este mes de septiembre marca la diferencia. Tambi\u00e9n tenemos que mirar al final de agosto para intuir lo que puede ser este inicio de temporada. En muchas zonas no ha podido empezar mejor, debido a las abundantes tormentas que han descargado gran cantidad de agua. Pero en esto, como sab\u00e9is \u201cla risa va por barrios\u201d ya que en otras zonas apenas si ha llovido, por lo que hay que estar al tanto de esas tormentas y frentes.<\/p>\n<p><img loading=\"lazy\" decoding=\"async\" class=\" wp-image-2913 aligncenter\" src=\"https:\/\/micologica-barakaldo.org\/wp-content\/uploads\/2019\/09\/Cesta-de-setas-200x300.jpg\" alt=\"\" width=\"290\" height=\"435\" srcset=\"https:\/\/micologica-barakaldo.org\/wp-content\/uploads\/2019\/09\/Cesta-de-setas-200x301.jpg 200w, https:\/\/micologica-barakaldo.org\/wp-content\/uploads\/2019\/09\/Cesta-de-setas-400x601.jpg 400w, https:\/\/micologica-barakaldo.org\/wp-content\/uploads\/2019\/09\/Cesta-de-setas-600x902.jpg 600w, https:\/\/micologica-barakaldo.org\/wp-content\/uploads\/2019\/09\/Cesta-de-setas.jpg 681w\" sizes=\"auto, (max-width: 290px) 100vw, 290px\" \/><\/p>\n<p>&nbsp;<\/p>\n<p style=\"text-align: justify;\">Como ya hemos comentado otras veces, este mes puede ser la \u00faltima oportunidad en aquellas cotas m\u00e1s altas de la Cordillera Cant\u00e1brica o de los Pirineos, donde la ca\u00edda t\u00e9rmica es muy acusada. En los bosques montanos\u00a0 de cotas altas, septiembre e incluso octubre, son fechas tard\u00edas para muchas setas. As\u00ed, en dichas cotas, finales de agosto ya es plena temporada para especies como <em>Boletus edulis<\/em> y <em>B. pinophilus<\/em> o incluso <em>Lactarius salmonicolor<\/em>, <em>L. deliciosus<\/em> <em>y L. sanguifluus<\/em>, t\u00edpicamente oto\u00f1ales en zonas m\u00e1s term\u00f3filas.<\/p>\n<p><img loading=\"lazy\" decoding=\"async\" class=\" wp-image-2911 aligncenter\" src=\"https:\/\/micologica-barakaldo.org\/wp-content\/uploads\/2019\/09\/Boletus-edulis_20121026_10105-copia-300x214.jpg\" alt=\"\" width=\"391\" height=\"279\" srcset=\"https:\/\/micologica-barakaldo.org\/wp-content\/uploads\/2019\/09\/Boletus-edulis_20121026_10105-copia-200x143.jpg 200w, https:\/\/micologica-barakaldo.org\/wp-content\/uploads\/2019\/09\/Boletus-edulis_20121026_10105-copia-300x214.jpg 300w, https:\/\/micologica-barakaldo.org\/wp-content\/uploads\/2019\/09\/Boletus-edulis_20121026_10105-copia-400x286.jpg 400w, https:\/\/micologica-barakaldo.org\/wp-content\/uploads\/2019\/09\/Boletus-edulis_20121026_10105-copia-600x429.jpg 600w, https:\/\/micologica-barakaldo.org\/wp-content\/uploads\/2019\/09\/Boletus-edulis_20121026_10105-copia-768x549.jpg 768w, https:\/\/micologica-barakaldo.org\/wp-content\/uploads\/2019\/09\/Boletus-edulis_20121026_10105-copia-800x572.jpg 800w, https:\/\/micologica-barakaldo.org\/wp-content\/uploads\/2019\/09\/Boletus-edulis_20121026_10105-copia.jpg 1024w\" sizes=\"auto, (max-width: 391px) 100vw, 391px\" \/>\u00a0<\/p>\n<p><img loading=\"lazy\" decoding=\"async\" class=\" wp-image-2912 aligncenter\" src=\"https:\/\/micologica-barakaldo.org\/wp-content\/uploads\/2019\/09\/Boletus-reticulatus_0006_01-300x243.jpg\" alt=\"\" width=\"387\" height=\"313\" srcset=\"https:\/\/micologica-barakaldo.org\/wp-content\/uploads\/2019\/09\/Boletus-reticulatus_0006_01-177x142.jpg 177w, https:\/\/micologica-barakaldo.org\/wp-content\/uploads\/2019\/09\/Boletus-reticulatus_0006_01-200x162.jpg 200w, https:\/\/micologica-barakaldo.org\/wp-content\/uploads\/2019\/09\/Boletus-reticulatus_0006_01-300x243.jpg 300w, https:\/\/micologica-barakaldo.org\/wp-content\/uploads\/2019\/09\/Boletus-reticulatus_0006_01-400x323.jpg 400w, https:\/\/micologica-barakaldo.org\/wp-content\/uploads\/2019\/09\/Boletus-reticulatus_0006_01-600x485.jpg 600w, https:\/\/micologica-barakaldo.org\/wp-content\/uploads\/2019\/09\/Boletus-reticulatus_0006_01-768x621.jpg 768w, https:\/\/micologica-barakaldo.org\/wp-content\/uploads\/2019\/09\/Boletus-reticulatus_0006_01-800x647.jpg 800w, https:\/\/micologica-barakaldo.org\/wp-content\/uploads\/2019\/09\/Boletus-reticulatus_0006_01.jpg 1024w\" sizes=\"auto, (max-width: 387px) 100vw, 387px\" \/><\/p>\n<p style=\"text-align: justify;\">En los bosques caducifolios, si la humedad y la temperatura son adecuadas, es quiz\u00e1s el mejor mes del a\u00f1o. Una gran explosi\u00f3n de setas se extiende por estos bosques, especialmente <em>Boletus <\/em>(<em>B. aereus, B. reticulatus, B. edulis, B. satanas, B. rhodoxanthus, B. erythropus<\/em> y as\u00ed hasta algo m\u00e1s de 30 especies), pero tambi\u00e9n son abundantes las Russulas (<em>Russula virescens<\/em>, <em>R. cyanoxantha<\/em>, <em>R. vesca<\/em>, <em>R, melliolens<\/em>, <em>R. aurata<\/em>&#8230;). \u00a0Gran n\u00famero de ellas, en las zonas m\u00e1s h\u00famedas, han ido apareciendo durante todo el verano. Muchos bosques se cubren de aut\u00e9nticas alfombras de la trompeta de los muertos (<em>Craterellus cornucopioides<\/em>), as\u00ed como de otros <em>Craterellus<\/em> (<em>C. tubaeformis<\/em>) y <em>Cantharellus<\/em> (<em>C. cibarius, C. pallens, C. friesii<\/em>), y tambi\u00e9n de grandes corros de pie de Rata o Ramarias, como la t\u00f3xica <em>R. formosa<\/em> o algunas comestibles como <em>R. flava<\/em> o <em>R. botrytis.<\/em> Otra especie cl\u00e1sica, que forma grandes corros en los bosques, es la lengua de vaca o <em>Hydnum repandum,<\/em> con tonalidades naranja rosadas en esta \u00e9poca del a\u00f1o.<\/p>\n<p><img loading=\"lazy\" decoding=\"async\" class=\" wp-image-2914 aligncenter\" src=\"https:\/\/micologica-barakaldo.org\/wp-content\/uploads\/2019\/09\/Craterellus-cornucopioides03_020100821-300x200.jpg\" alt=\"\" width=\"385\" height=\"256\" srcset=\"https:\/\/micologica-barakaldo.org\/wp-content\/uploads\/2019\/09\/Craterellus-cornucopioides03_020100821-200x133.jpg 200w, https:\/\/micologica-barakaldo.org\/wp-content\/uploads\/2019\/09\/Craterellus-cornucopioides03_020100821-300x200.jpg 300w, https:\/\/micologica-barakaldo.org\/wp-content\/uploads\/2019\/09\/Craterellus-cornucopioides03_020100821-400x266.jpg 400w, https:\/\/micologica-barakaldo.org\/wp-content\/uploads\/2019\/09\/Craterellus-cornucopioides03_020100821-600x399.jpg 600w, https:\/\/micologica-barakaldo.org\/wp-content\/uploads\/2019\/09\/Craterellus-cornucopioides03_020100821-768x511.jpg 768w, https:\/\/micologica-barakaldo.org\/wp-content\/uploads\/2019\/09\/Craterellus-cornucopioides03_020100821-800x532.jpg 800w, https:\/\/micologica-barakaldo.org\/wp-content\/uploads\/2019\/09\/Craterellus-cornucopioides03_020100821.jpg 1024w\" sizes=\"auto, (max-width: 385px) 100vw, 385px\" \/><\/p>\n<p><img loading=\"lazy\" decoding=\"async\" class=\" wp-image-2917 aligncenter\" src=\"https:\/\/micologica-barakaldo.org\/wp-content\/uploads\/2019\/09\/Hydnum-repandum05_20060902-300x232.jpg\" alt=\"\" width=\"383\" height=\"296\" srcset=\"https:\/\/micologica-barakaldo.org\/wp-content\/uploads\/2019\/09\/Hydnum-repandum05_20060902-200x155.jpg 200w, https:\/\/micologica-barakaldo.org\/wp-content\/uploads\/2019\/09\/Hydnum-repandum05_20060902-300x232.jpg 300w, https:\/\/micologica-barakaldo.org\/wp-content\/uploads\/2019\/09\/Hydnum-repandum05_20060902-400x310.jpg 400w, https:\/\/micologica-barakaldo.org\/wp-content\/uploads\/2019\/09\/Hydnum-repandum05_20060902-600x465.jpg 600w, https:\/\/micologica-barakaldo.org\/wp-content\/uploads\/2019\/09\/Hydnum-repandum05_20060902-768x595.jpg 768w, https:\/\/micologica-barakaldo.org\/wp-content\/uploads\/2019\/09\/Hydnum-repandum05_20060902-800x620.jpg 800w, https:\/\/micologica-barakaldo.org\/wp-content\/uploads\/2019\/09\/Hydnum-repandum05_20060902.jpg 1024w\" sizes=\"auto, (max-width: 383px) 100vw, 383px\" \/><\/p>\n<p>En este mes, otra especie frecuente es el Higado de buey (<em>Fistulina hep\u00e1tica<\/em>), que brota en los viejos troncos de robles y casta\u00f1os.<\/p>\n<p><img loading=\"lazy\" decoding=\"async\" class=\" wp-image-2916 aligncenter\" src=\"https:\/\/micologica-barakaldo.org\/wp-content\/uploads\/2019\/09\/Fistulina-hepatica_20100918-300x200.jpg\" alt=\"\" width=\"370\" height=\"246\" srcset=\"https:\/\/micologica-barakaldo.org\/wp-content\/uploads\/2019\/09\/Fistulina-hepatica_20100918-200x133.jpg 200w, https:\/\/micologica-barakaldo.org\/wp-content\/uploads\/2019\/09\/Fistulina-hepatica_20100918-300x200.jpg 300w, https:\/\/micologica-barakaldo.org\/wp-content\/uploads\/2019\/09\/Fistulina-hepatica_20100918-400x266.jpg 400w, https:\/\/micologica-barakaldo.org\/wp-content\/uploads\/2019\/09\/Fistulina-hepatica_20100918-600x399.jpg 600w, https:\/\/micologica-barakaldo.org\/wp-content\/uploads\/2019\/09\/Fistulina-hepatica_20100918-768x511.jpg 768w, https:\/\/micologica-barakaldo.org\/wp-content\/uploads\/2019\/09\/Fistulina-hepatica_20100918-800x532.jpg 800w, https:\/\/micologica-barakaldo.org\/wp-content\/uploads\/2019\/09\/Fistulina-hepatica_20100918.jpg 1024w\" sizes=\"auto, (max-width: 370px) 100vw, 370px\" \/><\/p>\n<p style=\"text-align: justify;\">Tambi\u00e9n si la lluvia es generosa, despiertan los bosques de con\u00edferas y empiezan a verse las primeras angulas de monte (<em>Craterellus lutescens<\/em>) y los n\u00edscalos, robellones o esne-gorriak y, como no, tambi\u00e9n los \u201ccosmopolitas\u201d <em>Boletus edulis<\/em> y <em>B. pinophilus,<\/em> a los que les encantan los pinares y abetales viejos y de suelo \u00e1cido.<\/p>\n<p style=\"text-align: justify;\">Si esas lluvias de septiembre son realmente generosas, los prados vuelven a recuperar el verde intenso y los Agaricus brotar\u00e1n abundantes en ellos, especialmente <em>A. campestris<\/em>. Tambi\u00e9n en las praderas y claros de bosques brotar\u00e1 por todos los lados el Parasol o Galanperna (Macrolepiota procera)<\/p>\n<p><img loading=\"lazy\" decoding=\"async\" class=\" wp-image-2909 aligncenter\" src=\"https:\/\/micologica-barakaldo.org\/wp-content\/uploads\/2019\/09\/Agaricus-campestris_20120930_9892-300x219.jpg\" alt=\"\" width=\"377\" height=\"275\" srcset=\"https:\/\/micologica-barakaldo.org\/wp-content\/uploads\/2019\/09\/Agaricus-campestris_20120930_9892-200x146.jpg 200w, https:\/\/micologica-barakaldo.org\/wp-content\/uploads\/2019\/09\/Agaricus-campestris_20120930_9892-300x219.jpg 300w, https:\/\/micologica-barakaldo.org\/wp-content\/uploads\/2019\/09\/Agaricus-campestris_20120930_9892-400x291.jpg 400w, https:\/\/micologica-barakaldo.org\/wp-content\/uploads\/2019\/09\/Agaricus-campestris_20120930_9892-600x437.jpg 600w, https:\/\/micologica-barakaldo.org\/wp-content\/uploads\/2019\/09\/Agaricus-campestris_20120930_9892-768x560.jpg 768w, https:\/\/micologica-barakaldo.org\/wp-content\/uploads\/2019\/09\/Agaricus-campestris_20120930_9892-800x583.jpg 800w, https:\/\/micologica-barakaldo.org\/wp-content\/uploads\/2019\/09\/Agaricus-campestris_20120930_9892.jpg 1024w\" sizes=\"auto, (max-width: 377px) 100vw, 377px\" \/><\/p>\n<p style=\"text-align: justify;\"><strong>No podemos olvidarnos de que tambi\u00e9n es temporada para las especies m\u00e1s venenosas, por lo que los aficionados deben extremar la prudencia<\/strong>. La Seta enga\u00f1osa, Maltzurra o <em>Entoloma sinuatum <\/em>(esta especie, por ejemplo, causa el 75% de los envenenamientos del Pa\u00eds Vasco), <em>Amanita phalloides <\/em>(Mortal) y <em>Amanita pantherina,<\/em> brotan con abundancia en robledales y hayedos. <em>Boletus satanas<\/em> aparece en robledales y encinares, mientras que <em>Amanita muscaria<\/em>, es m\u00e1s cosmopolita y abunda bajo frondosas y con\u00edferas, la escasa y rara <em>Amanita virosa <\/em>(mortal) queda restringida a hayedos montanos de suelo \u00e1cido, para terminar, el mucho m\u00e1s raro y escaso <em>Cortinarius orellanus<\/em> (mortal), se pueden recolectar en todo tipo de bosques. Para terminar, otra especie muy abundante en frondosas y con\u00edferas y considerada mortal en los \u00faltimos a\u00f1os, es <em>Paxillus involotus<\/em>.<\/p>\n<p><img loading=\"lazy\" decoding=\"async\" class=\" wp-image-2915 aligncenter\" src=\"https:\/\/micologica-barakaldo.org\/wp-content\/uploads\/2019\/09\/Entoloma-sinuatum_20121103_10231-300x211.jpg\" alt=\"\" width=\"350\" height=\"246\" srcset=\"https:\/\/micologica-barakaldo.org\/wp-content\/uploads\/2019\/09\/Entoloma-sinuatum_20121103_10231-200x141.jpg 200w, https:\/\/micologica-barakaldo.org\/wp-content\/uploads\/2019\/09\/Entoloma-sinuatum_20121103_10231-300x211.jpg 300w, https:\/\/micologica-barakaldo.org\/wp-content\/uploads\/2019\/09\/Entoloma-sinuatum_20121103_10231-400x282.jpg 400w, https:\/\/micologica-barakaldo.org\/wp-content\/uploads\/2019\/09\/Entoloma-sinuatum_20121103_10231-600x422.jpg 600w, https:\/\/micologica-barakaldo.org\/wp-content\/uploads\/2019\/09\/Entoloma-sinuatum_20121103_10231-768x541.jpg 768w, https:\/\/micologica-barakaldo.org\/wp-content\/uploads\/2019\/09\/Entoloma-sinuatum_20121103_10231-800x563.jpg 800w, https:\/\/micologica-barakaldo.org\/wp-content\/uploads\/2019\/09\/Entoloma-sinuatum_20121103_10231.jpg 1024w\" sizes=\"auto, (max-width: 350px) 100vw, 350px\" \/><\/p>\n<p>&nbsp;<\/p>\n<p>&nbsp;<\/p>\n<p><img loading=\"lazy\" decoding=\"async\" class=\" wp-image-2910 aligncenter\" src=\"https:\/\/micologica-barakaldo.org\/wp-content\/uploads\/2019\/09\/Amanita-pantherina_20111125_421-300x211.jpg\" alt=\"\" width=\"351\" height=\"247\" srcset=\"https:\/\/micologica-barakaldo.org\/wp-content\/uploads\/2019\/09\/Amanita-pantherina_20111125_421-200x140.jpg 200w, https:\/\/micologica-barakaldo.org\/wp-content\/uploads\/2019\/09\/Amanita-pantherina_20111125_421-300x211.jpg 300w, https:\/\/micologica-barakaldo.org\/wp-content\/uploads\/2019\/09\/Amanita-pantherina_20111125_421-400x281.jpg 400w, https:\/\/micologica-barakaldo.org\/wp-content\/uploads\/2019\/09\/Amanita-pantherina_20111125_421-600x421.jpg 600w, https:\/\/micologica-barakaldo.org\/wp-content\/uploads\/2019\/09\/Amanita-pantherina_20111125_421-768x539.jpg 768w, https:\/\/micologica-barakaldo.org\/wp-content\/uploads\/2019\/09\/Amanita-pantherina_20111125_421-800x562.jpg 800w, https:\/\/micologica-barakaldo.org\/wp-content\/uploads\/2019\/09\/Amanita-pantherina_20111125_421.jpg 1024w\" sizes=\"auto, (max-width: 351px) 100vw, 351px\" \/><\/p>\n<p style=\"text-align: justify;\">Como siempre, recomendamos a aquellos aficionados poco experimentados recoger setas con prudencia, as\u00ed como recolectar unos pocos ejemplares para poder analizarlos en centros habilitados para tal fin, como\u00a0 las Sociedades Micol\u00f3gicas, que suelen disponer de\u00a0 un servicio de atenci\u00f3n al aficionado para la identificaci\u00f3n de setas.<\/p>\n<p>&nbsp;<\/p>\n<p><strong>\u00a1Os esperamos los lunes en nuestro local de la Micol\u00f3gica de Barakaldo!!!<\/strong><\/p>\n","protected":false},"excerpt":{"rendered":"<p>Bueno, ya estamos a las puertas de la temporada reina de las setas: el oto\u00f1o.  [&#8230;]<\/p>\n","protected":false},"author":3,"featured_media":2912,"comment_status":"open","ping_status":"closed","sticky":false,"template":"","format":"standard","meta":{"footnotes":"","jetpack_publicize_message":"","jetpack_publicize_feature_enabled":true,"jetpack_social_post_already_shared":true,"jetpack_social_options":{"image_generator_settings":{"template":"highway","default_image_id":0,"font":"","enabled":false},"version":2}},"categories":[7,1,27],"tags":[],"class_list":["post-2908","post","type-post","status-publish","format-standard","has-post-thumbnail","hentry","category-blog","category-sin-categorizar","category-temporada-de-setas"],"jetpack_publicize_connections":[],"jetpack_featured_media_url":"https:\/\/micologica-barakaldo.org\/wp-content\/uploads\/2019\/09\/Boletus-reticulatus_0006_01.jpg","jetpack_shortlink":"https:\/\/wp.me\/p9dTSQ-KU","_links":{"self":[{"href":"https:\/\/micologica-barakaldo.org\/eu\/wp-json\/wp\/v2\/posts\/2908","targetHints":{"allow":["GET"]}}],"collection":[{"href":"https:\/\/micologica-barakaldo.org\/eu\/wp-json\/wp\/v2\/posts"}],"about":[{"href":"https:\/\/micologica-barakaldo.org\/eu\/wp-json\/wp\/v2\/types\/post"}],"author":[{"embeddable":true,"href":"https:\/\/micologica-barakaldo.org\/eu\/wp-json\/wp\/v2\/users\/3"}],"replies":[{"embeddable":true,"href":"https:\/\/micologica-barakaldo.org\/eu\/wp-json\/wp\/v2\/comments?post=2908"}],"version-history":[{"count":7,"href":"https:\/\/micologica-barakaldo.org\/eu\/wp-json\/wp\/v2\/posts\/2908\/revisions"}],"predecessor-version":[{"id":2950,"href":"https:\/\/micologica-barakaldo.org\/eu\/wp-json\/wp\/v2\/posts\/2908\/revisions\/2950"}],"wp:featuredmedia":[{"embeddable":true,"href":"https:\/\/micologica-barakaldo.org\/eu\/wp-json\/wp\/v2\/media\/2912"}],"wp:attachment":[{"href":"https:\/\/micologica-barakaldo.org\/eu\/wp-json\/wp\/v2\/media?parent=2908"}],"wp:term":[{"taxonomy":"category","embeddable":true,"href":"https:\/\/micologica-barakaldo.org\/eu\/wp-json\/wp\/v2\/categories?post=2908"},{"taxonomy":"post_tag","embeddable":true,"href":"https:\/\/micologica-barakaldo.org\/eu\/wp-json\/wp\/v2\/tags?post=2908"}],"curies":[{"name":"wp","href":"https:\/\/api.w.org\/{rel}","templated":true}]}}