{"id":2930,"date":"2019-09-05T12:09:00","date_gmt":"2019-09-05T11:09:00","guid":{"rendered":"https:\/\/micologica-barakaldo.org\/?p=2930"},"modified":"2019-09-24T19:11:05","modified_gmt":"2019-09-24T18:11:05","slug":"xliv-semana-micologica-barakaldo-2019-exposicion-micologica","status":"publish","type":"post","link":"https:\/\/micologica-barakaldo.org\/eu\/xliv-semana-micologica-barakaldo-2019-exposicion-micologica\/","title":{"rendered":"XLIV SEMANA MICOLOGICA DE BARAKALDO"},"content":{"rendered":"<p style=\"text-align: justify;\">Como todos los a\u00f1os, acudimos fieles a nuestra cita con los aficionados de nuestro querido pueblo de Barakaldo. Este a\u00f1o toca la 44 edici\u00f3n de nuestra Semana Micol\u00f3gica, de la cual os mostramos el cartel con los principales actos programados:<\/p>\n<p><img loading=\"lazy\" decoding=\"async\" class=\"wp-image-2929 aligncenter\" src=\"https:\/\/micologica-barakaldo.org\/wp-content\/uploads\/2019\/09\/44-Semana-Micologica-725x1024.jpg\" alt=\"\" width=\"428\" height=\"605\" srcset=\"https:\/\/micologica-barakaldo.org\/wp-content\/uploads\/2019\/09\/44-Semana-Micologica-200x283.jpg 200w, https:\/\/micologica-barakaldo.org\/wp-content\/uploads\/2019\/09\/44-Semana-Micologica-212x300.jpg 212w, https:\/\/micologica-barakaldo.org\/wp-content\/uploads\/2019\/09\/44-Semana-Micologica-400x565.jpg 400w, https:\/\/micologica-barakaldo.org\/wp-content\/uploads\/2019\/09\/44-Semana-Micologica-600x848.jpg 600w, https:\/\/micologica-barakaldo.org\/wp-content\/uploads\/2019\/09\/44-Semana-Micologica-725x1024.jpg 725w, https:\/\/micologica-barakaldo.org\/wp-content\/uploads\/2019\/09\/44-Semana-Micologica-768x1085.jpg 768w, https:\/\/micologica-barakaldo.org\/wp-content\/uploads\/2019\/09\/44-Semana-Micologica-800x1130.jpg 800w, https:\/\/micologica-barakaldo.org\/wp-content\/uploads\/2019\/09\/44-Semana-Micologica-1200x1696.jpg 1200w, https:\/\/micologica-barakaldo.org\/wp-content\/uploads\/2019\/09\/44-Semana-Micologica.jpg 1455w\" sizes=\"auto, (max-width: 428px) 100vw, 428px\" \/><\/p>\n<div class=\"fusion-aligncenter\"><a class=\"fusion-button button-flat fusion-button-default-size button-default fusion-button-default button-1 fusion-button-default-span fusion-button-default-type\" target=\"_self\" href=\"https:\/\/micologica-barakaldo.org\/wp-content\/uploads\/2019\/09\/44-Semana-Micologica-1.pdf\"><span class=\"fusion-button-text awb-button__text awb-button__text--default\">VER EL PDF<\/span><\/a><\/div>\n<p style=\"text-align: justify;\">El formato es muy similar al de ediciones anteriores, pero con algunas novedades muy interesantes. Como siempre el acto principal ser\u00e1 la XLIV Exposici\u00f3n Micol\u00f3gica de Barakaldo <strong>que se celebrar\u00e1, como novedad, en la Sala de Exposiciones de la Biblioteca Municipal Central sita en el Parque Antonio Trueba<\/strong>, el horario ser\u00e1 como siempre de 11 a 14 horas y estar\u00e1 integrada dentro la I Exposici\u00f3n permanente Los Hongos y Biodiversidad de la que os ampliaremos la informaci\u00f3n (ver entrada en el blog de la SMB)<\/p>\n<p style=\"text-align: justify;\">En esta Exposici\u00f3n mostraremos las setas que hayamos recogido en los montes de nuestro entorno, aunque si las condiciones no son buenas, ampliaremos nuestro radio de b\u00fasqueda.<\/p>\n<p style=\"text-align: justify;\">Animamos a todos los aficionados que quieran, a que el s\u00e1bado a la tarde acudan a nuestros locales, ubicados en los Bajos de la Biblioteca Central, donde se proceder\u00e1 a la clasificaci\u00f3n de las recolectas que hayamos efectuado. Os rogamos que, si tra\u00e9is ejemplares para colaborar con la Exposici\u00f3n, \u00e9stos est\u00e9n en buen estado, no m\u00e1s de 4 o 5 ejemplares y, si es posible, protegidos en papel de aluminio para conservar todas sus caracter\u00edsticas y facilitar su identificaci\u00f3n. Por supuesto, recomendamos el uso cestas para su transporte y no bolsas de pl\u00e1stico.<\/p>\n<p style=\"text-align: justify;\">Tened en cuenta que ese d\u00eda estaremos centrados en el montaje de la Exposici\u00f3n, por lo que es posible que no podamos atenderos como quisi\u00e9ramos. Estaremos a vuestra disposici\u00f3n el domingo en la Exposici\u00f3n o cualquiera de los lunes de la temporada. De todas formas, estaremos encantados con vuestra colaboraci\u00f3n.<\/p>\n<p style=\"text-align: justify;\">Adem\u00e1s de la Exposici\u00f3n y la salida micol\u00f3gica, solemos impartir unas charlas sobre diversos temas relacionados con la Micolog\u00eda, que ser\u00e1n:<\/p>\n<ul style=\"text-align: justify;\">\n<li>Mi\u00e9rcoles, 2 de octubre, volveremos a repetir el <strong>Taller de Micolog\u00eda<\/strong> debido a la demanda generada el a\u00f1o pasado, para m\u00e1s detalles ver entrada de blog del Taller de Micolog\u00eda.<\/li>\n<li>Para el viernes, 4 de octubre, Ibai Olariaga impartir\u00e1 una interesant\u00edsima conferencia: <strong>Ocho especies similares de <em>Cantharellus<\/em> en Europa<\/strong>. Ibai es presidente de la Secci\u00f3n de Micolog\u00eda de la Sdad. de Ciencias de Aranzadi y presidente de la Sociedad Ib\u00e9rica de Micolog\u00eda (SIM). Es un gran privilegio contar con su presencia y compartir su dilata experiencia en el campo de la Micolog\u00eda.<\/li>\n<\/ul>\n<p style=\"text-align: justify;\">Tanto el Taller de Micolog\u00eda como la Conferencia se impartir\u00e1n en la Casa de Cultura Clara Campoamor de San Vicente \u2013 Barakaldo.<\/p>\n<p style=\"text-align: justify;\">Por \u00faltimo, os animamos a participar en todos los actos que hemos preparado. Ahora s\u00f3lo falta que el tiempo sea propicio y llueva todo lo necesario para que nuestras amigas las setas se muestren.\u00a0<\/p>\n<p>Hasta pronto!!!<\/p>\n<p>&nbsp;<\/p>\n<p>&nbsp;<\/p>\n<div>\u00a0<\/div>\n","protected":false},"excerpt":{"rendered":"<p>Como todos los a\u00f1os, acudimos fieles a nuestra cita con los aficionados de nuestro querido  [&#8230;]<\/p>\n","protected":false},"author":2,"featured_media":2932,"comment_status":"open","ping_status":"closed","sticky":false,"template":"","format":"standard","meta":{"footnotes":"","jetpack_publicize_message":"","jetpack_publicize_feature_enabled":true,"jetpack_social_post_already_shared":true,"jetpack_social_options":{"image_generator_settings":{"template":"highway","default_image_id":0,"font":"","enabled":false},"version":2}},"categories":[25,7,55],"tags":[],"class_list":["post-2930","post","type-post","status-publish","format-standard","has-post-thumbnail","hentry","category-actividades","category-blog","category-semana-micologica-asociacion-setas"],"jetpack_publicize_connections":[],"jetpack_featured_media_url":"https:\/\/micologica-barakaldo.org\/wp-content\/uploads\/2019\/09\/44-Semana-Micologica-1.jpg","jetpack_shortlink":"https:\/\/wp.me\/p9dTSQ-Lg","_links":{"self":[{"href":"https:\/\/micologica-barakaldo.org\/eu\/wp-json\/wp\/v2\/posts\/2930","targetHints":{"allow":["GET"]}}],"collection":[{"href":"https:\/\/micologica-barakaldo.org\/eu\/wp-json\/wp\/v2\/posts"}],"about":[{"href":"https:\/\/micologica-barakaldo.org\/eu\/wp-json\/wp\/v2\/types\/post"}],"author":[{"embeddable":true,"href":"https:\/\/micologica-barakaldo.org\/eu\/wp-json\/wp\/v2\/users\/2"}],"replies":[{"embeddable":true,"href":"https:\/\/micologica-barakaldo.org\/eu\/wp-json\/wp\/v2\/comments?post=2930"}],"version-history":[{"count":4,"href":"https:\/\/micologica-barakaldo.org\/eu\/wp-json\/wp\/v2\/posts\/2930\/revisions"}],"predecessor-version":[{"id":2943,"href":"https:\/\/micologica-barakaldo.org\/eu\/wp-json\/wp\/v2\/posts\/2930\/revisions\/2943"}],"wp:featuredmedia":[{"embeddable":true,"href":"https:\/\/micologica-barakaldo.org\/eu\/wp-json\/wp\/v2\/media\/2932"}],"wp:attachment":[{"href":"https:\/\/micologica-barakaldo.org\/eu\/wp-json\/wp\/v2\/media?parent=2930"}],"wp:term":[{"taxonomy":"category","embeddable":true,"href":"https:\/\/micologica-barakaldo.org\/eu\/wp-json\/wp\/v2\/categories?post=2930"},{"taxonomy":"post_tag","embeddable":true,"href":"https:\/\/micologica-barakaldo.org\/eu\/wp-json\/wp\/v2\/tags?post=2930"}],"curies":[{"name":"wp","href":"https:\/\/api.w.org\/{rel}","templated":true}]}}